{"id":1724,"date":"2015-04-29T16:20:01","date_gmt":"2015-04-29T15:20:01","guid":{"rendered":"http:\/\/www.aphyllanthe.fr\/association\/?p=1724"},"modified":"2015-05-20T13:25:53","modified_gmt":"2015-05-20T12:25:53","slug":"cafe-philo-annule","status":"publish","type":"post","link":"https:\/\/www.aphyllanthe.fr\/association\/cafe-philo-annule\/","title":{"rendered":"Caf\u00e9-philo annul\u00e9"},"content":{"rendered":"<blockquote><p>Information arriv\u00e9e le mercredi 29 avril :<\/p><\/blockquote>\n<p><strong>Attention<\/strong> : M. Alain Guyard n&rsquo;\u00e9tant pas disponible, la soir\u00e9e caf\u00e9-philo initialement pr\u00e9vue le 16 mai 2015 \u00e0 la Salle Andr\u00e9 Meynier d&rsquo;Aigaliers est annul\u00e9e.<br \/>\nM. Guyard pr\u00e9sente ses excuses \u00e0 toutes les personnes qui attendaient cette soir\u00e9e.<\/p>\n","protected":false},"excerpt":{"rendered":"<p>Information arriv\u00e9e le mercredi 29 avril : Attention : M. Alain Guyard n&rsquo;\u00e9tant pas disponible, la soir\u00e9e caf\u00e9-philo initialement pr\u00e9vue le 16 mai 2015 \u00e0 la Salle Andr\u00e9 Meynier d&rsquo;Aigaliers est annul\u00e9e. M. Guyard pr\u00e9sente ses excuses \u00e0 toutes les personnes qui attendaient cette soir\u00e9e.<\/p>\n","protected":false},"author":1,"featured_media":0,"comment_status":"closed","ping_status":"closed","sticky":false,"template":"","format":"standard","meta":{"footnotes":""},"categories":[4],"tags":[],"class_list":["post-1724","post","type-post","status-publish","format-standard","hentry","category-annonce"],"_links":{"self":[{"href":"https:\/\/www.aphyllanthe.fr\/association\/wp-json\/wp\/v2\/posts\/1724","targetHints":{"allow":["GET"]}}],"collection":[{"href":"https:\/\/www.aphyllanthe.fr\/association\/wp-json\/wp\/v2\/posts"}],"about":[{"href":"https:\/\/www.aphyllanthe.fr\/association\/wp-json\/wp\/v2\/types\/post"}],"author":[{"embeddable":true,"href":"https:\/\/www.aphyllanthe.fr\/association\/wp-json\/wp\/v2\/users\/1"}],"replies":[{"embeddable":true,"href":"https:\/\/www.aphyllanthe.fr\/association\/wp-json\/wp\/v2\/comments?post=1724"}],"version-history":[{"count":0,"href":"https:\/\/www.aphyllanthe.fr\/association\/wp-json\/wp\/v2\/posts\/1724\/revisions"}],"wp:attachment":[{"href":"https:\/\/www.aphyllanthe.fr\/association\/wp-json\/wp\/v2\/media?parent=1724"}],"wp:term":[{"taxonomy":"category","embeddable":true,"href":"https:\/\/www.aphyllanthe.fr\/association\/wp-json\/wp\/v2\/categories?post=1724"},{"taxonomy":"post_tag","embeddable":true,"href":"https:\/\/www.aphyllanthe.fr\/association\/wp-json\/wp\/v2\/tags?post=1724"}],"curies":[{"name":"wp","href":"https:\/\/api.w.org\/{rel}","templated":true}]}}