{"id":17271,"date":"2022-09-20T09:32:09","date_gmt":"2022-09-20T08:32:09","guid":{"rendered":"https:\/\/www.aphyllanthe.fr\/association\/?p=17271"},"modified":"2022-10-11T18:06:35","modified_gmt":"2022-10-11T17:06:35","slug":"initiation-a-linformatique-le-4-octobre-18h","status":"publish","type":"post","link":"https:\/\/www.aphyllanthe.fr\/association\/initiation-a-linformatique-le-4-octobre-18h\/","title":{"rendered":"Initiation \u00e0 l&rsquo;informatique le 4 octobre 18h"},"content":{"rendered":"\n<p class=\"has-white-color has-text-color has-background\" style=\"background-color:#925e95\">L&rsquo;Aphyllanthe lance un programme r\u00e9gulier d&rsquo;<strong>initiation \u00e0 l&rsquo;informatique et \u00e0 la bureautique<\/strong> sous la forme soit d&rsquo;ateliers hebdomadaires, soit de stages ponctuels.<br \/>Ils seront anim\u00e9s par Philippe Laferri\u00e8re, informaticien et ancien professeur d&rsquo;informatique et, comme c&rsquo;est l&rsquo;habitude \u00e0 l&rsquo;Aphyllanthe, le tarif sera tr\u00e8s modique.<\/p>\n\n\n\n<p>Ces ateliers s&rsquo;adressent \u00e0 des personnes d\u00e9butantes de tout \u00e2ge, qui veulent \u00eatre accompagn\u00e9es dans l&rsquo;utilisation de leur mat\u00e9riel et\/ou dans les op\u00e9rations de base (aller sur internet pour chercher une information, lire et envoyer un mail, manipuler une souris, \u00e9crire une lettre, faire une liste de courses, etc.).<br \/>La progression des sujets sera cal\u00e9e sur les besoins des participants.<\/p>\n\n\n\n<p>Les participants pourront apporter leur propre mat\u00e9riel (ordinateur  portable, pas de tablette) et, si besoin, l&rsquo;Association pourra fournir un ou 2 ordinateurs le temps des cours.<\/p>\n\n\n\n<h4 class=\"has-text-align-center has-text-color wp-block-heading\" style=\"color:#7a487b\">Afin de d\u00e9terminer le meilleur format, nous proposons un premier <strong>cours gratuit le 4 octobre de 18h<\/strong> \u00e0 19h \u00e0 la Biblioth\u00e8que d&rsquo;Aigaliers. <\/h4>\n\n\n\n<p>Merci de vous inscrire aupr\u00e8s du secr\u00e9tariat de l&rsquo;Association.<br \/>T\u00e9l : 04 66 22 10 20 \/ aphyllanthe@orange.fr<\/p>\n\n\n\n<p><\/p>\n","protected":false},"excerpt":{"rendered":"<p>L&rsquo;Aphyllanthe lance un programme r\u00e9gulier d&rsquo;initiation \u00e0 l&rsquo;informatique et \u00e0 la bureautique sous la forme soit d&rsquo;ateliers hebdomadaires, soit de stages ponctuels.Ils seront anim\u00e9s par Philippe Laferri\u00e8re, informaticien et ancien professeur d&rsquo;informatique et, comme c&rsquo;est l&rsquo;habitude \u00e0 l&rsquo;Aphyllanthe, le tarif sera tr\u00e8s modique. Ces ateliers s&rsquo;adressent \u00e0 des personnes d\u00e9butantes de tout \u00e2ge, qui veulent &hellip; <a href=\"https:\/\/www.aphyllanthe.fr\/association\/initiation-a-linformatique-le-4-octobre-18h\/\" class=\"more-link\">Continuer la lecture de <span class=\"screen-reader-text\">Initiation \u00e0 l&rsquo;informatique le 4 octobre 18h<\/span>  <span class=\"meta-nav\">&rarr;<\/span><\/a><\/p>\n","protected":false},"author":1,"featured_media":17405,"comment_status":"closed","ping_status":"closed","sticky":false,"template":"","format":"standard","meta":{"footnotes":""},"categories":[4],"tags":[],"class_list":["post-17271","post","type-post","status-publish","format-standard","has-post-thumbnail","hentry","category-annonce"],"_links":{"self":[{"href":"https:\/\/www.aphyllanthe.fr\/association\/wp-json\/wp\/v2\/posts\/17271","targetHints":{"allow":["GET"]}}],"collection":[{"href":"https:\/\/www.aphyllanthe.fr\/association\/wp-json\/wp\/v2\/posts"}],"about":[{"href":"https:\/\/www.aphyllanthe.fr\/association\/wp-json\/wp\/v2\/types\/post"}],"author":[{"embeddable":true,"href":"https:\/\/www.aphyllanthe.fr\/association\/wp-json\/wp\/v2\/users\/1"}],"replies":[{"embeddable":true,"href":"https:\/\/www.aphyllanthe.fr\/association\/wp-json\/wp\/v2\/comments?post=17271"}],"version-history":[{"count":11,"href":"https:\/\/www.aphyllanthe.fr\/association\/wp-json\/wp\/v2\/posts\/17271\/revisions"}],"predecessor-version":[{"id":17309,"href":"https:\/\/www.aphyllanthe.fr\/association\/wp-json\/wp\/v2\/posts\/17271\/revisions\/17309"}],"wp:featuredmedia":[{"embeddable":true,"href":"https:\/\/www.aphyllanthe.fr\/association\/wp-json\/wp\/v2\/media\/17405"}],"wp:attachment":[{"href":"https:\/\/www.aphyllanthe.fr\/association\/wp-json\/wp\/v2\/media?parent=17271"}],"wp:term":[{"taxonomy":"category","embeddable":true,"href":"https:\/\/www.aphyllanthe.fr\/association\/wp-json\/wp\/v2\/categories?post=17271"},{"taxonomy":"post_tag","embeddable":true,"href":"https:\/\/www.aphyllanthe.fr\/association\/wp-json\/wp\/v2\/tags?post=17271"}],"curies":[{"name":"wp","href":"https:\/\/api.w.org\/{rel}","templated":true}]}}