{"id":1736,"date":"2015-06-01T17:21:49","date_gmt":"2015-06-01T16:21:49","guid":{"rendered":"http:\/\/www.aphyllanthe.fr\/association\/?p=1736"},"modified":"2015-06-02T21:04:09","modified_gmt":"2015-06-02T20:04:09","slug":"exceptionnelle-visite-de-la-caverne-du-pont-darc","status":"publish","type":"post","link":"https:\/\/www.aphyllanthe.fr\/association\/exceptionnelle-visite-de-la-caverne-du-pont-darc\/","title":{"rendered":"Exceptionnelle : Visite de la Caverne du Pont d&rsquo;Arc"},"content":{"rendered":"<div>Dimanche 14 juin 2015 \u00e0 13h30, l&rsquo;Association propose une visite guid\u00e9e exceptionnelle de la Caverne du Pont d&rsquo;Arc.<br \/>\n<img loading=\"lazy\" decoding=\"async\" class=\"alignleft size-medium wp-image-1751\" src=\"http:\/\/www.aphyllanthe.fr\/association\/wp-content\/uploads\/2015\/04\/caverne1-244x300.jpg\" alt=\"caverne du Pont-d'Arc\" width=\"122\" height=\"150\" srcset=\"https:\/\/www.aphyllanthe.fr\/association\/wp-content\/uploads\/2015\/04\/caverne1-244x300.jpg 244w, https:\/\/www.aphyllanthe.fr\/association\/wp-content\/uploads\/2015\/04\/caverne1.jpg 315w\" sizes=\"auto, (max-width: 122px) 100vw, 122px\" \/><em>La grotte Chauvet, \u00ab\u00a0invent\u00e9e\u00a0\u00bb (autrement dit d\u00e9couverte) en 1994, est devenue c\u00e9l\u00e8bre dans le monde entier pour ses peintures rupestres de grande qualit\u00e9, dat\u00e9es entre 24 et 33 mill\u00e9naires avant notre \u00e8re. En regardant<!--more--> ces peintures, on constate la ma\u00eetrise de la perspective, l&rsquo;illustration du mouvement, et m\u00eame l&rsquo;exploitation du relief des parois pour donner de la profondeur aux images. Vu la signification historique mondiale de cette grotte et la fragilit\u00e9 des peintures, les pouvoirs publics du d\u00e9partement de l&rsquo;Ard\u00e8che, de la r\u00e9gion, de l&rsquo;Etat et de l&rsquo;Europe ont co-financ\u00e9 la construction d&rsquo;une r\u00e9plique permettant les visites du public. Cette r\u00e9plique, la Caverne du Pont d&rsquo;Arc, vient d&rsquo;ouvrir ses portes en avril 2015.<\/em><\/p>\n<div style=\"z-index:10000;position:relative;top:-10em;right:-120px;-moz-transform: rotate(35deg);-ms-transform: rotate(35deg);-webkit-transform: rotate(35deg);transform: rotate(35deg);\"><img loading=\"lazy\" decoding=\"async\" style=\"opacity:0.5;\" src=\"http:\/\/www.aphyllanthe.fr\/association\/wp-content\/uploads\/2015\/05\/complet.png\" alt=\"complet\" width=\"345\" height=\"85\" class=\"alignnone size-full wp-image-1808\" srcset=\"https:\/\/www.aphyllanthe.fr\/association\/wp-content\/uploads\/2015\/05\/complet.png 345w, https:\/\/www.aphyllanthe.fr\/association\/wp-content\/uploads\/2015\/05\/complet-300x74.png 300w\" sizes=\"auto, (max-width: 345px) 100vw, 345px\" \/><\/div>\n<\/div>\n<figure id=\"attachment_1750\" aria-describedby=\"caption-attachment-1750\" style=\"width: 150px\" class=\"wp-caption alignright\"><a href=\"http:\/\/www.aphyllanthe.fr\/association\/wp-content\/uploads\/2015\/04\/caverne.jpg\"><img loading=\"lazy\" decoding=\"async\" class=\"size-thumbnail wp-image-1750\" src=\"http:\/\/www.aphyllanthe.fr\/association\/wp-content\/uploads\/2015\/04\/caverne-150x150.jpg\" alt=\"caverne du Pont-d'Arc\" width=\"150\" height=\"150\" \/><\/a><figcaption id=\"caption-attachment-1750\" class=\"wp-caption-text\">Peintures dans la caverne du Pont-d&rsquo;Arc<\/figcaption><\/figure>\n<div style=\"margin-top:-50px;\"><strong>Conditions de participation :<\/strong><br \/>\nTarif adh\u00e9rent\u00a0: adulte 7 \u20ac, enfant 2 \u20ac.<br \/>\nTarif non-adh\u00e9rent\u00a0: adulte 11 \u20ac, enfant 6 \u20ac.<\/p>\n<ul>\n<li><strong>Attention : RDV sur place au plus tard \u00e0 13h30. <\/strong><\/li>\n<li>Visite guid\u00e9e en 2 groupes avec d\u00e9parts \u00e0 14h00 et 14h04.<\/li>\n<li>Les places \u00e9tant limit\u00e9es \u00e0 40 au total et tr\u00e8s pris\u00e9es, il ne faut pas tarder \u00e0 s&rsquo;inscrire aupr\u00e8s de l&rsquo;Association.<\/li>\n<li>Les places sont payables \u00e0 l&rsquo;avance \u00e0 l&rsquo;Association et non remboursables en cas de d\u00e9sistement.<\/li>\n<li>Possibilit\u00e9 de covoiturage et de pique-nique sur place.<\/li>\n<li>Pr\u00e9voir entre 1h15 et 1h30 pour le trajet pour tenir compte de l&rsquo;affluence sur le site.<\/li>\n<\/ul>\n<\/div>\n<p>Pour s&rsquo;y rendre \u00e0 partir d&rsquo;Aigaliers, voir ci-dessous :<br \/>\n<iframe loading=\"lazy\" style=\"border: 0;\" src=\"https:\/\/www.google.com\/maps\/embed?pb=!1m29!1m12!1m3!1d182955.73138036704!2d4.2127860345915!3d44.234178230772116!2m3!1f0!2f0!3f0!3m2!1i1024!2i768!4f13.1!4m14!1i0!3e6!4m5!1s0x12b449673ce332f5%3A0x4078821166b4890!2sAigaliers!3m2!1d44.058459!2d4.322013!4m5!1s0x12b5023778fb70b5%3A0xdd02ed3f272b2131!2sCaverne+du+Pont+d'Arc%2C+D4%2C+Vallon-Pont-d'Arc!3m2!1d44.405519!2d4.428948999999999!5e0!3m2!1sfr!2sfr!4v1430409817237\" width=\"600\" height=\"450\" frameborder=\"0\"><\/iframe><\/p>\n","protected":false},"excerpt":{"rendered":"<p>Dimanche 14 juin 2015 \u00e0 13h30, l&rsquo;Association propose une visite guid\u00e9e exceptionnelle de la Caverne du Pont d&rsquo;Arc. La grotte Chauvet, \u00ab\u00a0invent\u00e9e\u00a0\u00bb (autrement dit d\u00e9couverte) en 1994, est devenue c\u00e9l\u00e8bre dans le monde entier pour ses peintures rupestres de grande qualit\u00e9, dat\u00e9es entre 24 et 33 mill\u00e9naires avant notre \u00e8re. En regardant<\/p>\n","protected":false},"author":1,"featured_media":0,"comment_status":"closed","ping_status":"closed","sticky":false,"template":"","format":"standard","meta":{"footnotes":""},"categories":[4],"tags":[],"class_list":["post-1736","post","type-post","status-publish","format-standard","hentry","category-annonce"],"_links":{"self":[{"href":"https:\/\/www.aphyllanthe.fr\/association\/wp-json\/wp\/v2\/posts\/1736","targetHints":{"allow":["GET"]}}],"collection":[{"href":"https:\/\/www.aphyllanthe.fr\/association\/wp-json\/wp\/v2\/posts"}],"about":[{"href":"https:\/\/www.aphyllanthe.fr\/association\/wp-json\/wp\/v2\/types\/post"}],"author":[{"embeddable":true,"href":"https:\/\/www.aphyllanthe.fr\/association\/wp-json\/wp\/v2\/users\/1"}],"replies":[{"embeddable":true,"href":"https:\/\/www.aphyllanthe.fr\/association\/wp-json\/wp\/v2\/comments?post=1736"}],"version-history":[{"count":0,"href":"https:\/\/www.aphyllanthe.fr\/association\/wp-json\/wp\/v2\/posts\/1736\/revisions"}],"wp:attachment":[{"href":"https:\/\/www.aphyllanthe.fr\/association\/wp-json\/wp\/v2\/media?parent=1736"}],"wp:term":[{"taxonomy":"category","embeddable":true,"href":"https:\/\/www.aphyllanthe.fr\/association\/wp-json\/wp\/v2\/categories?post=1736"},{"taxonomy":"post_tag","embeddable":true,"href":"https:\/\/www.aphyllanthe.fr\/association\/wp-json\/wp\/v2\/tags?post=1736"}],"curies":[{"name":"wp","href":"https:\/\/api.w.org\/{rel}","templated":true}]}}