{"id":17391,"date":"2022-10-07T11:08:06","date_gmt":"2022-10-07T10:08:06","guid":{"rendered":"https:\/\/www.aphyllanthe.fr\/association\/?p=17391"},"modified":"2022-11-03T10:07:24","modified_gmt":"2022-11-03T09:07:24","slug":"visite-de-la-bambouseraie","status":"publish","type":"post","link":"https:\/\/www.aphyllanthe.fr\/association\/visite-de-la-bambouseraie\/","title":{"rendered":"Visite de la bambouseraie"},"content":{"rendered":"\n<p class=\"has-text-color has-background\" style=\"background-color:#66bf86;color:#0a341e\"><strong>Dimanche 30 octobre \u00e0 10h30<\/strong>, l&rsquo;Aphyllanthe propose  une visite guid\u00e9e de la bambouseraie de Prafrance, au moment o\u00f9 les bambous se parent de leurs couleurs d&rsquo;automne.<\/p>\n\n\n\n<p>Associ\u00e9s \u00e0 une riche collection de plantes exotiques et d\u2019arbres remarquables, les bambous constituent l\u2019originalit\u00e9 botanique de La Bambouseraie, cr\u00e9\u00e9e en 1856 par Eug\u00e8ne Mazel, amateur passionn\u00e9 du monde v\u00e9g\u00e9tal.<\/p>\n\n\n\n<div class=\"wp-block-columns is-layout-flex wp-container-core-columns-is-layout-9d6595d7 wp-block-columns-is-layout-flex\">\n<div class=\"wp-block-column is-layout-flow wp-block-column-is-layout-flow\">\n<p>En automne, la bambouseraie se transforme et devient un lieu (encore plus) enchanteur car les feuilles des bambous changent de couleur de fa\u00e7on spectaculaire. D&rsquo;autant plus, que l&rsquo;on n&rsquo;est pas loin d&rsquo;Halloween&#8230;<\/p>\n\n\n\n<p>La visite guid\u00e9e peut se poursuivre par une visite libre.<\/p>\n<\/div>\n\n\n\n<div class=\"wp-block-column is-layout-flow wp-block-column-is-layout-flow\">\n<figure class=\"wp-block-image size-full\"><a href=\"https:\/\/www.aphyllanthe.fr\/association\/wp-content\/uploads\/2022\/10\/BAMBOU-2.webp\"><img loading=\"lazy\" decoding=\"async\" width=\"895\" height=\"566\" src=\"https:\/\/www.aphyllanthe.fr\/association\/wp-content\/uploads\/2022\/10\/BAMBOU-2.webp\" alt=\"\" class=\"wp-image-17412\" srcset=\"https:\/\/www.aphyllanthe.fr\/association\/wp-content\/uploads\/2022\/10\/BAMBOU-2.webp 895w, https:\/\/www.aphyllanthe.fr\/association\/wp-content\/uploads\/2022\/10\/BAMBOU-2-300x190.webp 300w, https:\/\/www.aphyllanthe.fr\/association\/wp-content\/uploads\/2022\/10\/BAMBOU-2-768x486.webp 768w\" sizes=\"auto, (max-width: 895px) 100vw, 895px\" \/><\/a><figcaption>Couleurs de saison<\/figcaption><\/figure>\n<\/div>\n<\/div>\n\n\n\n<div class=\"alignnormal\"><div id=\"metaslider-id-17419\" style=\"max-width: 900px; margin: 0 auto;\" class=\"ml-slider-3-108-0 metaslider metaslider-nivo metaslider-17419 ml-slider ms-theme-default\" role=\"region\" aria-label=\"Bambouseraie\" data-height=\"600\" data-width=\"900\">\n    <div id=\"metaslider_container_17419\">\n        <div class='slider-wrapper theme-default'><div class='ribbon'><\/div><div id='metaslider_17419' class='nivoSlider'><img loading=\"lazy\" decoding=\"async\" src=\"https:\/\/www.aphyllanthe.fr\/association\/wp-content\/uploads\/2022\/10\/BAMBOU-3-900x600.webp\" height=\"600\" width=\"900\" data-caption=\"La bambouseraie en automne...\" title=\"BAMBOU-3\" alt=\"\" class=\"slider-17419 slide-17420 msDefaultImage\" \/><img loading=\"lazy\" decoding=\"async\" src=\"https:\/\/www.aphyllanthe.fr\/association\/wp-content\/uploads\/2022\/09\/BAMBOU-1-900x600.webp\" height=\"600\" width=\"900\" data-caption=\"... offre des couleurs chatoyantes\" title=\"BAMBOU-1\" alt=\"\" class=\"slider-17419 slide-17421 msDefaultImage\" \/><\/div><\/div>\n        \n    <\/div>\n<\/div><\/div>\n\n\n\n<p>Tarifs et conditions :<\/p>\n\n\n\n<figure class=\"wp-block-table\"><table><tbody><tr><td class=\"has-text-align-center\" data-align=\"center\"><\/td><td class=\"has-text-align-center\" data-align=\"center\"><strong>Enfants<\/strong><\/td><td class=\"has-text-align-center\" data-align=\"center\"><strong>Adultes<\/strong><\/td><\/tr><tr><td class=\"has-text-align-center\" data-align=\"center\"><strong>Adh\u00e9rents<\/strong><\/td><td class=\"has-text-align-center\" data-align=\"center\">Offert<\/td><td class=\"has-text-align-center\" data-align=\"center\">5\u20ac<\/td><\/tr><tr><td class=\"has-text-align-center\" data-align=\"center\"><strong>Non adh\u00e9rents<\/strong><\/td><td class=\"has-text-align-center\" data-align=\"center\">de 1,50\u20ac \u00e0 9\u20ac *<\/td><td class=\"has-text-align-center\" data-align=\"center\">10\u20ac<\/td><\/tr><\/tbody><\/table><figcaption>*nous consulter pour le tarif -18 ans non adh\u00e9rent<\/figcaption><\/figure>\n\n\n\n<h6 class=\"has-text-align-center has-background wp-block-heading\" style=\"background-color:#66bf86\"><strong>Date limite de r\u00e9servation : 20 octobre<\/strong><\/h6>\n\n\n\n<p><a href=\"https:\/\/www.google.fr\/maps\/place\/La+Bambouseraie+en+C%C3%A9vennes\/@44.0710759,3.9815463,17.5z\/data=!4m5!3m4!1s0x12b46c7cb7d87edd:0x54cd54a65192537!8m2!3d44.0711222!4d3.9812833\" target=\"_blank\" rel=\"noreferrer noopener\">Acc\u00e9der \u00e0 la bambouseraie<\/a><br \/><a href=\"https:\/\/www.bambouseraie.fr\/\" target=\"_blank\" rel=\"noreferrer noopener\">Site de la bambouseraie<\/a><\/p>\n\n\n\n<p>Renseignements et inscriptions :<br \/>aphyllanthe@orange.fr \/ t\u00e9l : 04 66 22 10 20<\/p>\n","protected":false},"excerpt":{"rendered":"<p>Dimanche 30 octobre \u00e0 10h30, l&rsquo;Aphyllanthe propose une visite guid\u00e9e de la bambouseraie de Prafrance, au moment o\u00f9 les bambous se parent de leurs couleurs d&rsquo;automne. Associ\u00e9s \u00e0 une riche collection de plantes exotiques et d\u2019arbres remarquables, les bambous constituent l\u2019originalit\u00e9 botanique de La Bambouseraie, cr\u00e9\u00e9e en 1856 par Eug\u00e8ne Mazel, amateur passionn\u00e9 du monde &hellip; <a href=\"https:\/\/www.aphyllanthe.fr\/association\/visite-de-la-bambouseraie\/\" class=\"more-link\">Continuer la lecture de <span class=\"screen-reader-text\">Visite de la bambouseraie<\/span>  <span class=\"meta-nav\">&rarr;<\/span><\/a><\/p>\n","protected":false},"author":10,"featured_media":17411,"comment_status":"closed","ping_status":"closed","sticky":false,"template":"","format":"standard","meta":{"footnotes":""},"categories":[4],"tags":[],"class_list":["post-17391","post","type-post","status-publish","format-standard","has-post-thumbnail","hentry","category-annonce"],"_links":{"self":[{"href":"https:\/\/www.aphyllanthe.fr\/association\/wp-json\/wp\/v2\/posts\/17391","targetHints":{"allow":["GET"]}}],"collection":[{"href":"https:\/\/www.aphyllanthe.fr\/association\/wp-json\/wp\/v2\/posts"}],"about":[{"href":"https:\/\/www.aphyllanthe.fr\/association\/wp-json\/wp\/v2\/types\/post"}],"author":[{"embeddable":true,"href":"https:\/\/www.aphyllanthe.fr\/association\/wp-json\/wp\/v2\/users\/10"}],"replies":[{"embeddable":true,"href":"https:\/\/www.aphyllanthe.fr\/association\/wp-json\/wp\/v2\/comments?post=17391"}],"version-history":[{"count":24,"href":"https:\/\/www.aphyllanthe.fr\/association\/wp-json\/wp\/v2\/posts\/17391\/revisions"}],"predecessor-version":[{"id":17429,"href":"https:\/\/www.aphyllanthe.fr\/association\/wp-json\/wp\/v2\/posts\/17391\/revisions\/17429"}],"wp:featuredmedia":[{"embeddable":true,"href":"https:\/\/www.aphyllanthe.fr\/association\/wp-json\/wp\/v2\/media\/17411"}],"wp:attachment":[{"href":"https:\/\/www.aphyllanthe.fr\/association\/wp-json\/wp\/v2\/media?parent=17391"}],"wp:term":[{"taxonomy":"category","embeddable":true,"href":"https:\/\/www.aphyllanthe.fr\/association\/wp-json\/wp\/v2\/categories?post=17391"},{"taxonomy":"post_tag","embeddable":true,"href":"https:\/\/www.aphyllanthe.fr\/association\/wp-json\/wp\/v2\/tags?post=17391"}],"curies":[{"name":"wp","href":"https:\/\/api.w.org\/{rel}","templated":true}]}}