{"id":17452,"date":"2022-10-18T11:11:23","date_gmt":"2022-10-18T10:11:23","guid":{"rendered":"https:\/\/www.aphyllanthe.fr\/association\/?p=17452"},"modified":"2022-11-07T12:15:07","modified_gmt":"2022-11-07T11:15:07","slug":"vacances-de-toussaint-avec-laphyllanthe","status":"publish","type":"post","link":"https:\/\/www.aphyllanthe.fr\/association\/vacances-de-toussaint-avec-laphyllanthe\/","title":{"rendered":"Vacances de Toussaint avec l&rsquo;Aphyllanthe"},"content":{"rendered":"\n<p class=\"has-text-color has-background\" style=\"background-color:#f7a059;color:#0a07a1\">Encore une fois, L\u2019Aphyllanthe a imagin\u00e9 nombre d\u2019activit\u00e9s pour occuper la 2\u00e8me semaine des vacances \u00ab en famille \u00bb, c\u2019est \u00e0 dire pour les enfants accompagn\u00e9s de leur(s) parent(s) ou grand(s)-parent(s). Un go\u00fbter fa\u00e7on auberge espagnole cl\u00f4turera les apr\u00e8s-midi ; merci pour vos douceurs, l&rsquo;association offrira les boissons.<br \/>Vite le programme ci-dessous !<\/p>\n\n\n\n<ul class=\"has-background wp-block-list\" style=\"background:linear-gradient(135deg,rgb(6,147,227) 51%,rgb(155,81,224) 100%)\"><li><strong>Lundi 31 octobre<\/strong><\/li><\/ul>\n\n\n\n<h5 class=\"has-text-color wp-block-heading\" style=\"color:#d87e00\"><strong>10h-12h : Atelier poterie<\/strong>&nbsp;<strong>avec Marie Ducatel<\/strong><\/h5>\n\n\n\n<div class=\"wp-block-columns is-layout-flex wp-container-core-columns-is-layout-9d6595d7 wp-block-columns-is-layout-flex\">\n<div class=\"wp-block-column is-layout-flow wp-block-column-is-layout-flow\">\n<figure class=\"wp-block-image size-full\"><a href=\"https:\/\/www.aphyllanthe.fr\/association\/wp-content\/uploads\/2022\/10\/POT-TOUSSAINT-1.webp\"><img loading=\"lazy\" decoding=\"async\" width=\"271\" height=\"233\" src=\"https:\/\/www.aphyllanthe.fr\/association\/wp-content\/uploads\/2022\/10\/POT-TOUSSAINT-1.webp\" alt=\"\" class=\"wp-image-17469\"\/><\/a><figcaption>Atelier poterie<\/figcaption><\/figure>\n<\/div>\n\n\n\n<div class=\"wp-block-column is-layout-flow wp-block-column-is-layout-flow\">\n<p>Le th\u00e8me : Halloween<\/p>\n\n\n\n<p>Araign\u00e9e, citrouille, sorci\u00e8re ? Surprise !<\/p>\n\n\n\n<p>Presbyt\u00e8re d\u2019Aigaliers.<\/p>\n\n\n\n<p><strong>Offert aux enfants adh\u00e9rents.<br \/>Enfants non-adh\u00e9rents : 5 \u20ac<\/strong>.<\/p>\n<\/div>\n<\/div>\n\n\n\n<h5 class=\"has-text-color wp-block-heading\" style=\"color:#01802e\"><strong>14h-16h30 : Jeux <\/strong>de soci\u00e9t\u00e9 <strong>avec Claude<\/strong><\/h5>\n\n\n\n<div class=\"wp-block-columns is-layout-flex wp-container-core-columns-is-layout-9d6595d7 wp-block-columns-is-layout-flex\">\n<div class=\"wp-block-column is-layout-flow wp-block-column-is-layout-flow\">\n<p class=\"has-text-align-center\">Gigamic, Qui est-ce ?, Puissance 4, Cochon qui rit, Jeu du loup, Piratatk, Bata-waf, Potomac, Sardines, Dobble.<\/p>\n\n\n\n<p class=\"has-text-align-center\">Qui sera le plus malin et remportera la mise ?<\/p>\n\n\n\n<p class=\"has-text-align-center\"><strong>Gratuit<\/strong><br \/>Biblioth\u00e8que.<\/p>\n<\/div>\n\n\n\n<div class=\"wp-block-column is-layout-flow wp-block-column-is-layout-flow\">\n<figure class=\"wp-block-image size-full\"><a href=\"https:\/\/www.aphyllanthe.fr\/association\/wp-content\/uploads\/2019\/10\/Jeux-Toussaint.jpg\"><img loading=\"lazy\" decoding=\"async\" width=\"657\" height=\"574\" src=\"https:\/\/www.aphyllanthe.fr\/association\/wp-content\/uploads\/2019\/10\/Jeux-Toussaint.jpg\" alt=\"Atelier jeux de soci\u00e9t\u00e9\" class=\"wp-image-10579\" srcset=\"https:\/\/www.aphyllanthe.fr\/association\/wp-content\/uploads\/2019\/10\/Jeux-Toussaint.jpg 657w, https:\/\/www.aphyllanthe.fr\/association\/wp-content\/uploads\/2019\/10\/Jeux-Toussaint-300x262.jpg 300w\" sizes=\"auto, (max-width: 657px) 100vw, 657px\" \/><\/a><figcaption>Atelier jeux de soci\u00e9t\u00e9<\/figcaption><\/figure>\n<\/div>\n<\/div>\n\n\n\n<ul class=\"has-white-color has-midnight-gradient-background has-text-color has-background wp-block-list\"><li><strong>Mardi 1er novembre<\/strong><\/li><\/ul>\n\n\n\n<h4 class=\"has-text-align-center wp-block-heading\"><strong>C\u2019est la rituelle sortie cin\u00e9ma au\u00a0<a href=\"https:\/\/www.cinemacapitole.fr\/\" target=\"_blank\" rel=\"noreferrer noopener\">Capitole d\u2019Uz\u00e8s<\/a><\/strong>.<br \/><strong>Tarifs :<\/strong> adh. adultes : 1 \u20ac \/ offert pour les enfants ; Non adh\u00e9rents : 5 \u20ac<\/h4>\n\n\n\n<h5 class=\"wp-block-heading\">14h : Le Pharaon, le Sauvage et la princesse<\/h5>\n\n\n\n<p>Film d&rsquo;animation de Michel Ocelot &#8211; 2022 &#8211; France.<br \/><strong>Synopsis :<\/strong> 3 contes, 3 \u00e9poques, 3 univers : une \u00e9pop\u00e9e de l\u2019\u00c9gypte antique, une l\u00e9gende m\u00e9di\u00e9vale de l&rsquo;Auvergne, une fantaisie du XVIIIe si\u00e8cle dans des costumes ottomans et des palais turcs, pour \u00eatre emport\u00e9 par des r\u00eaves contrast\u00e9s.<\/p>\n\n\n\n<figure class=\"wp-block-embed aligncenter is-type-video is-provider-youtube wp-block-embed-youtube wp-embed-aspect-16-9 wp-has-aspect-ratio\"><div class=\"wp-block-embed__wrapper\">\n<iframe loading=\"lazy\" title=\"LE PHARAON, LE SAUVAGE ET LA PRINCESSE Bande Annonce (2022) Michel Ocelot\" width=\"474\" height=\"267\" src=\"https:\/\/www.youtube.com\/embed\/7EZsSaZEgx8?feature=oembed\" frameborder=\"0\" allow=\"accelerometer; autoplay; clipboard-write; encrypted-media; gyroscope; picture-in-picture; web-share\" referrerpolicy=\"strict-origin-when-cross-origin\" allowfullscreen><\/iframe>\n<\/div><\/figure>\n\n\n\n<h5 class=\"wp-block-heading\">16h15 : <strong>Belle et S\u00e9bastien : Nouvelle g\u00e9n\u00e9ration<\/strong><\/h5>\n\n\n\n<p>Film de Pierre Cor\u00e9. avec Mich\u00e8le Laroque, Caroline Anglade, Alice David, Aur\u00e9lien Recoing, Robinson Mensah-Rouanet.<br \/><strong>Synopsis : <\/strong>S\u00e9bastien, 10 ans, passe ses vacances \u00e0 contrec\u0153ur \u00e0 la montagne chez sa grand-m\u00e8re et sa tante. Il doit donner un coup de main \u00e0 la bergerie, rien de bien excitant pour un gar\u00e7on des villes comme lui\u2026 Mais c\u2019est sans compter sur sa rencontre avec Belle, une chienne immense et maltrait\u00e9e par son ma\u00eetre.<\/p>\n\n\n\n<figure class=\"wp-block-embed aligncenter is-type-video is-provider-youtube wp-block-embed-youtube wp-embed-aspect-16-9 wp-has-aspect-ratio\"><div class=\"wp-block-embed__wrapper\">\n<iframe loading=\"lazy\" title=\"BELLE ET S\u00c9BASTIEN : NOUVELLE G\u00c9N\u00c9RATION - Bande-annonce [Le 19 octobre au cin\u00e9ma]\" width=\"474\" height=\"267\" src=\"https:\/\/www.youtube.com\/embed\/YtfUdH6sJgA?feature=oembed\" frameborder=\"0\" allow=\"accelerometer; autoplay; clipboard-write; encrypted-media; gyroscope; picture-in-picture; web-share\" referrerpolicy=\"strict-origin-when-cross-origin\" allowfullscreen><\/iframe>\n<\/div><\/figure>\n\n\n\n<h5 class=\"wp-block-heading\">16h : <strong><\/strong><strong>Samoura\u00ef Academy<\/strong><\/h5>\n\n\n\n<p>Film d&rsquo;animation de Mark Koetsier.<strong><br \/>Synopsis :<\/strong> Hank est un chien enjou\u00e9 qui r\u00eave d\u2019\u00eatre samoura\u00ef dans un monde o\u00f9 ce privil\u00e8ge n\u2019est r\u00e9serv\u00e9\u2026 qu\u2019aux chats ! Moqu\u00e9, refus\u00e9 par toutes les \u00e9coles de samoura\u00efs, il rencontre un gros matou grincheux, ma\u00eetre guerrier, qui finit par accepter de lui enseigner les techniques ancestrales des samoura\u00efs.<\/p>\n\n\n\n<figure class=\"wp-block-embed aligncenter is-type-video is-provider-youtube wp-block-embed-youtube wp-embed-aspect-16-9 wp-has-aspect-ratio\"><div class=\"wp-block-embed__wrapper\">\n<iframe loading=\"lazy\" title=\"SAMOURA\u00cf ACADEMY - Bande-annonce\" width=\"474\" height=\"267\" src=\"https:\/\/www.youtube.com\/embed\/G1b6sV6b7Vk?feature=oembed\" frameborder=\"0\" allow=\"accelerometer; autoplay; clipboard-write; encrypted-media; gyroscope; picture-in-picture; web-share\" referrerpolicy=\"strict-origin-when-cross-origin\" allowfullscreen><\/iframe>\n<\/div><\/figure>\n\n\n\n<h5 class=\"wp-block-heading\">18h15 : <strong>Simone, le voyage du si\u00e8cle<\/strong><\/h5>\n\n\n\n<p>Film d&rsquo;Olivier Dahan. avec Elsa Zylberstein, Olivier Gourmet, Judith Chemla, \u00c9lodie Bouchez, Sylvie Testud<br \/><strong>Synopsis :<\/strong> Le destin de Simone Veil, son enfance, ses combats politiques, ses trag\u00e9dies. Le portrait \u00e9pique et intime d\u2019une femme au parcours hors du commun qui a bouscul\u00e9 son \u00e9poque en d\u00e9fendant un message humaniste toujours d\u2019une br\u00fblante actualit\u00e9.<\/p>\n\n\n\n<div class=\"wp-block-columns is-layout-flex wp-container-core-columns-is-layout-9d6595d7 wp-block-columns-is-layout-flex\">\n<div class=\"wp-block-column is-layout-flow wp-block-column-is-layout-flow\" style=\"flex-basis:100%\">\n<figure class=\"wp-block-embed aligncenter is-type-video is-provider-youtube wp-block-embed-youtube wp-embed-aspect-16-9 wp-has-aspect-ratio\"><div class=\"wp-block-embed__wrapper\">\n<iframe loading=\"lazy\" title=\"Simone - Le Voyage du Si\u00e8cle\" width=\"474\" height=\"267\" src=\"https:\/\/www.youtube.com\/embed\/aTmm5caYk3c?feature=oembed\" frameborder=\"0\" allow=\"accelerometer; autoplay; clipboard-write; encrypted-media; gyroscope; picture-in-picture; web-share\" referrerpolicy=\"strict-origin-when-cross-origin\" allowfullscreen><\/iframe>\n<\/div><\/figure>\n<\/div>\n<\/div>\n\n\n\n<h5 class=\"wp-block-heading\">18h15 : <strong>Mascarade<\/strong><\/h5>\n\n\n\n<p>Com\u00e9die dramatique de Nicolas Bedos, avec Isabelle Adjani, Pierre Niney, Fran\u00e7ois Cluzet, Marine Vacth, Emmanuelle Devos<strong><br \/>Synopsis :<\/strong> Lorsqu\u2019un jeune gigolo tombe sous le charme d\u2019une sublime arnaqueuse, c\u2019est le d\u00e9but d\u2019un plan machiav\u00e9lique sous le soleil br\u00fblant de la C\u00f4te d\u2019Azur. Les deux amoureux sont-ils pr\u00eats \u00e0 tout pour s\u2019offrir une vie de r\u00eave, quitte \u00e0 sacrifier celle d\u2019une ancienne gloire du cin\u00e9ma et d\u2019un agent immobilier ?<\/p>\n\n\n\n<figure class=\"wp-block-embed aligncenter is-type-video is-provider-youtube wp-block-embed-youtube wp-embed-aspect-16-9 wp-has-aspect-ratio\"><div class=\"wp-block-embed__wrapper\">\n<iframe loading=\"lazy\" title=\"Mascarade - Bande-annonce Officielle HD\" width=\"474\" height=\"267\" src=\"https:\/\/www.youtube.com\/embed\/z3wSPAeO1wM?feature=oembed\" frameborder=\"0\" allow=\"accelerometer; autoplay; clipboard-write; encrypted-media; gyroscope; picture-in-picture; web-share\" referrerpolicy=\"strict-origin-when-cross-origin\" allowfullscreen><\/iframe>\n<\/div><\/figure>\n\n\n\n<p><\/p>\n\n\n\n<ul class=\"has-blush-light-purple-gradient-background has-background wp-block-list\"><li><strong>Mercredi 2 <\/strong><strong>novembre<\/strong><\/li><\/ul>\n\n\n\n<h5 class=\"has-text-color wp-block-heading\" style=\"color:#7d000c\"><strong>14h-16h30 : Atelier bricolo avec Claude et  Myriam <\/strong><\/h5>\n\n\n\n<div class=\"wp-block-columns is-layout-flex wp-container-core-columns-is-layout-9d6595d7 wp-block-columns-is-layout-flex\">\n<div class=\"wp-block-column is-layout-flow wp-block-column-is-layout-flow\">\n<figure class=\"wp-block-image size-full\"><a href=\"https:\/\/www.aphyllanthe.fr\/association\/wp-content\/uploads\/2022\/10\/BRICOL-TOUSSAINT-1.webp\"><img loading=\"lazy\" decoding=\"async\" width=\"886\" height=\"553\" src=\"https:\/\/www.aphyllanthe.fr\/association\/wp-content\/uploads\/2022\/10\/BRICOL-TOUSSAINT-1.webp\" alt=\"\" class=\"wp-image-17473\" srcset=\"https:\/\/www.aphyllanthe.fr\/association\/wp-content\/uploads\/2022\/10\/BRICOL-TOUSSAINT-1.webp 886w, https:\/\/www.aphyllanthe.fr\/association\/wp-content\/uploads\/2022\/10\/BRICOL-TOUSSAINT-1-300x187.webp 300w, https:\/\/www.aphyllanthe.fr\/association\/wp-content\/uploads\/2022\/10\/BRICOL-TOUSSAINT-1-768x479.webp 768w\" sizes=\"auto, (max-width: 886px) 100vw, 886px\" \/><\/a><\/figure>\n<\/div>\n\n\n\n<div class=\"wp-block-column is-layout-flow wp-block-column-is-layout-flow\">\n<p class=\"has-text-align-center\">Le th\u00e8me sera l&rsquo;automne,<br \/>\u2026 et la bonne humeur !<\/p>\n\n\n\n<p class=\"has-text-align-center\">Biblioth\u00e8que d\u2019Aigaliers.<\/p>\n\n\n\n<p class=\"has-text-align-center\"><strong>Animation gratuite.<\/strong><\/p>\n<\/div>\n<\/div>\n\n\n\n<ul class=\"has-electric-grass-gradient-background has-background wp-block-list\"><li><strong>Jeudi 3 <\/strong><strong><\/strong><strong>novembre<\/strong><\/li><\/ul>\n\n\n\n<h5 class=\"has-text-color wp-block-heading\" style=\"color:#033299\"><strong>14h30-17h00: atelier Scratch avec Jim<\/strong><\/h5>\n\n\n\n<div class=\"wp-block-columns is-layout-flex wp-container-core-columns-is-layout-9d6595d7 wp-block-columns-is-layout-flex\">\n<div class=\"wp-block-column is-layout-flow wp-block-column-is-layout-flow\">\n<p>Scratch est un langage de programmation visuelle pour les enfants qui facilite la cr\u00e9ation d\u2019histoires interactives, dessins anim\u00e9s, jeux, compositions musicales, simulations num\u00e9riques ainsi que leur partage sur le Web.<\/p>\n<\/div>\n\n\n\n<div class=\"wp-block-column is-layout-flow wp-block-column-is-layout-flow\">\n<figure class=\"wp-block-image size-full\"><a href=\"https:\/\/www.aphyllanthe.fr\/association\/wp-content\/uploads\/2022\/02\/SCRATCH.webp\"><img loading=\"lazy\" decoding=\"async\" width=\"211\" height=\"122\" src=\"https:\/\/www.aphyllanthe.fr\/association\/wp-content\/uploads\/2022\/02\/SCRATCH.webp\" alt=\"\" class=\"wp-image-15885\"\/><\/a><\/figure>\n\n\n\n<p><\/p>\n<\/div>\n<\/div>\n\n\n\n<p>Des postes de travail seront disponibles, mais les participants apporteront de pr\u00e9f\u00e9rence leur ordinateur portable (qui permette une connexion \u00e0 Internet par WIFI).<br \/><strong>Atelier gratuit <\/strong>limit\u00e9 \u00e0 10 participants, soit 5 duos parent-enfant (<strong>\u00e0 partir de 8\/9 ans<\/strong>). Biblioth\u00e8que.<\/p>\n\n\n\n<ul class=\"has-luminous-vivid-amber-to-luminous-vivid-orange-gradient-background has-background wp-block-list\"><li><strong>Vendredi 4 <\/strong><strong><\/strong><strong>novembre<\/strong><\/li><\/ul>\n\n\n\n<h5 class=\"has-text-color wp-block-heading\" style=\"color:#13782f\"><strong>9h-12h : matin\u00e9e poney<\/strong><\/h5>\n\n\n\n<div class=\"wp-block-columns is-layout-flex wp-container-core-columns-is-layout-9d6595d7 wp-block-columns-is-layout-flex\">\n<div class=\"wp-block-column is-layout-flow wp-block-column-is-layout-flow\">\n<figure class=\"wp-block-image size-full is-resized\"><a href=\"https:\/\/www.aphyllanthe.fr\/association\/wp-content\/uploads\/2022\/10\/PONEY.webp\"><img loading=\"lazy\" decoding=\"async\" src=\"https:\/\/www.aphyllanthe.fr\/association\/wp-content\/uploads\/2022\/10\/PONEY.webp\" alt=\"\" class=\"wp-image-17462\" width=\"257\" height=\"166\" srcset=\"https:\/\/www.aphyllanthe.fr\/association\/wp-content\/uploads\/2022\/10\/PONEY.webp 375w, https:\/\/www.aphyllanthe.fr\/association\/wp-content\/uploads\/2022\/10\/PONEY-300x194.webp 300w\" sizes=\"auto, (max-width: 257px) 100vw, 257px\" \/><\/a><figcaption>Centre \u00e9questre Les Chim\u00e8res<\/figcaption><\/figure>\n<\/div>\n\n\n\n<div class=\"wp-block-column is-layout-flow wp-block-column-is-layout-flow\">\n<p>Centre \u00e9questre <strong><a href=\"https:\/\/centre-equestre-chimeres.com\/\" target=\"_blank\" rel=\"noreferrer noopener\">Les Chim\u00e8res <\/a><\/strong>de Collorgues<\/p>\n\n\n\n<p>Pour enfants de <strong>6  \u00e0 11 ans<\/strong>, avec un adulte accompagnant<\/p>\n\n\n\n<p><strong>Tarifs :<\/strong><br \/>Adh. : 10 \u20ac \/ Non adh\u00e9rents : 35 \u20ac<\/p>\n<\/div>\n<\/div>\n\n\n\n<h5 class=\"has-text-color wp-block-heading\" style=\"color:#5209c8\"><strong>19h : Lasergame&nbsp;\u00e0 Uz\u00e8s<\/strong><\/h5>\n\n\n<div class=\"wp-block-image\">\n<figure class=\"aligncenter size-large is-resized\"><a href=\"https:\/\/www.aphyllanthe.fr\/association\/wp-content\/uploads\/2021\/12\/lase1.webp\"><img loading=\"lazy\" decoding=\"async\" src=\"https:\/\/www.aphyllanthe.fr\/association\/wp-content\/uploads\/2021\/12\/lase1-1024x573.webp\" alt=\"\" class=\"wp-image-15639\" width=\"559\" height=\"312\" srcset=\"https:\/\/www.aphyllanthe.fr\/association\/wp-content\/uploads\/2021\/12\/lase1-1024x573.webp 1024w, https:\/\/www.aphyllanthe.fr\/association\/wp-content\/uploads\/2021\/12\/lase1-300x168.webp 300w, https:\/\/www.aphyllanthe.fr\/association\/wp-content\/uploads\/2021\/12\/lase1-768x430.webp 768w, https:\/\/www.aphyllanthe.fr\/association\/wp-content\/uploads\/2021\/12\/lase1.webp 1262w\" sizes=\"auto, (max-width: 559px) 100vw, 559px\" \/><\/a><figcaption>Lasergame<\/figcaption><\/figure>\n<\/div>\n\n\n<figure class=\"wp-block-table is-style-stripes\"><table><tbody><tr><td class=\"has-text-align-center\" data-align=\"center\"><\/td><td class=\"has-text-align-center\" data-align=\"center\">Adh\u00e9rents<\/td><td class=\"has-text-align-center\" data-align=\"center\">Non adh\u00e9rents<\/td><\/tr><tr><td class=\"has-text-align-center\" data-align=\"center\">-18 ans<\/td><td class=\"has-text-align-center\" data-align=\"center\">offert<\/td><td class=\"has-text-align-center\" data-align=\"center\">13 \u20ac<\/td><\/tr><tr><td class=\"has-text-align-center\" data-align=\"center\">Adultes<\/td><td class=\"has-text-align-center\" data-align=\"center\">6,50 \u20ac<\/td><td class=\"has-text-align-center\" data-align=\"center\">13 \u20ac<\/td><\/tr><\/tbody><\/table><figcaption>Tarifs lasergame par personne<\/figcaption><\/figure>\n\n\n\n<p><\/p>\n\n\n\n<p>Dur\u00e9e totale : environ 1h15 (chaque partie dure 20 minutes et il faut compter 20 minutes de repos entre les 2 parties).<\/p>\n\n\n\n<p><strong>Nombre de personnes maxi :<\/strong> 12 (capacit\u00e9 d&rsquo;accueil maximum du labyrinthe). Possibilit\u00e9 de jouer en \u00e9quipe (3 \u00e9quipes de 4 personnes par ex).<br \/><strong>Attention<\/strong> : pas de limite d\u2019\u00e2ge, mais les participants doivent mesurer 1,20 m minimum.<\/p>\n\n\n\n<h5 class=\"has-text-align-center has-background wp-block-heading\" style=\"background-color:#f19131\">Pour toutes les activit\u00e9s, inscription obligatoire<br \/>aupr\u00e8s du secr\u00e9tariat:<br \/>aphyllanthe@orange.fr ou t\u00e9l : 04 66 22 10 20.<\/h5>\n","protected":false},"excerpt":{"rendered":"<p>Encore une fois, L\u2019Aphyllanthe a imagin\u00e9 nombre d\u2019activit\u00e9s pour occuper la 2\u00e8me semaine des vacances \u00ab en famille \u00bb, c\u2019est \u00e0 dire pour les enfants accompagn\u00e9s de leur(s) parent(s) ou grand(s)-parent(s). Un go\u00fbter fa\u00e7on auberge espagnole cl\u00f4turera les apr\u00e8s-midi ; merci pour vos douceurs, l&rsquo;association offrira les boissons.Vite le programme ci-dessous ! Lundi 31 octobre &hellip; <a href=\"https:\/\/www.aphyllanthe.fr\/association\/vacances-de-toussaint-avec-laphyllanthe\/\" class=\"more-link\">Continuer la lecture de <span class=\"screen-reader-text\">Vacances de Toussaint avec l&rsquo;Aphyllanthe<\/span>  <span class=\"meta-nav\">&rarr;<\/span><\/a><\/p>\n","protected":false},"author":10,"featured_media":17473,"comment_status":"closed","ping_status":"closed","sticky":false,"template":"","format":"standard","meta":{"footnotes":""},"categories":[4],"tags":[],"class_list":["post-17452","post","type-post","status-publish","format-standard","has-post-thumbnail","hentry","category-annonce"],"_links":{"self":[{"href":"https:\/\/www.aphyllanthe.fr\/association\/wp-json\/wp\/v2\/posts\/17452","targetHints":{"allow":["GET"]}}],"collection":[{"href":"https:\/\/www.aphyllanthe.fr\/association\/wp-json\/wp\/v2\/posts"}],"about":[{"href":"https:\/\/www.aphyllanthe.fr\/association\/wp-json\/wp\/v2\/types\/post"}],"author":[{"embeddable":true,"href":"https:\/\/www.aphyllanthe.fr\/association\/wp-json\/wp\/v2\/users\/10"}],"replies":[{"embeddable":true,"href":"https:\/\/www.aphyllanthe.fr\/association\/wp-json\/wp\/v2\/comments?post=17452"}],"version-history":[{"count":40,"href":"https:\/\/www.aphyllanthe.fr\/association\/wp-json\/wp\/v2\/posts\/17452\/revisions"}],"predecessor-version":[{"id":17530,"href":"https:\/\/www.aphyllanthe.fr\/association\/wp-json\/wp\/v2\/posts\/17452\/revisions\/17530"}],"wp:featuredmedia":[{"embeddable":true,"href":"https:\/\/www.aphyllanthe.fr\/association\/wp-json\/wp\/v2\/media\/17473"}],"wp:attachment":[{"href":"https:\/\/www.aphyllanthe.fr\/association\/wp-json\/wp\/v2\/media?parent=17452"}],"wp:term":[{"taxonomy":"category","embeddable":true,"href":"https:\/\/www.aphyllanthe.fr\/association\/wp-json\/wp\/v2\/categories?post=17452"},{"taxonomy":"post_tag","embeddable":true,"href":"https:\/\/www.aphyllanthe.fr\/association\/wp-json\/wp\/v2\/tags?post=17452"}],"curies":[{"name":"wp","href":"https:\/\/api.w.org\/{rel}","templated":true}]}}