{"id":17677,"date":"2022-11-30T09:24:34","date_gmt":"2022-11-30T08:24:34","guid":{"rendered":"https:\/\/www.aphyllanthe.fr\/association\/?p=17677"},"modified":"2022-12-14T18:00:56","modified_gmt":"2022-12-14T17:00:56","slug":"seance-de-dedicace-a-laphyllanthe","status":"publish","type":"post","link":"https:\/\/www.aphyllanthe.fr\/association\/seance-de-dedicace-a-laphyllanthe\/","title":{"rendered":"S\u00e9ance de d\u00e9dicace \u00e0 l&rsquo;Aphyllanthe"},"content":{"rendered":"\n<p class=\"has-text-color has-background\" style=\"color:#311f1f;background-color:#e79999\"><strong>Mercredi 14 d\u00e9cembre<\/strong> \u00e0 partir de 16h, L&rsquo;Aphyllanthe aura l&rsquo;honneur d&rsquo;accueillir Marie-Madeleine Faure-Julian \u00e0 la biblioth\u00e8que d&rsquo;Aigaliers pour une s\u00e9ance de d\u00e9dicaces de son dernier ouvrage, <em><strong>Comme un parfum de croissants chauds<\/strong><\/em>.<\/p>\n\n\n\n<p>Dynamique, Marie-Madeleine l&rsquo;est assur\u00e9ment. En effet, non contente de cavaler d&rsquo;un bout \u00e0 l&rsquo;autre du d\u00e9partement en tant que correspondante du Midi-Libre, elle \u00e9crit.<br \/><em><strong>Comme un parfum de croissants chauds<\/strong><\/em> est son troisi\u00e8me roman. Tout comme les deux premiers, il entrem\u00eale fiction et r\u00e9alit\u00e9 ; le second quant \u00e0 lui est plut\u00f4t un t\u00e9moignage destin\u00e9 \u00e0 \u00e9clairer le chemin des femmes souffrant de violences conjugales.<\/p>\n\n\n\n<h5 class=\"wp-block-heading\">Synopsis<\/h5>\n\n\n\n<div class=\"wp-block-columns is-layout-flex wp-container-core-columns-is-layout-9d6595d7 wp-block-columns-is-layout-flex\">\n<div class=\"wp-block-column is-layout-flow wp-block-column-is-layout-flow\">\n<p>Julie et Jean se sont aim\u00e9s dans leur prime jeunesse mais ont \u00e9t\u00e9 s\u00e9par\u00e9s par un malentendu. Seniors et plus amoureux que jamais, ils se retrouvent un demi-si\u00e8cle plus tard et se rem\u00e9morent les raisons de leur s\u00e9paration.<br \/>Les souvenirs traumatiques de la guerre d&rsquo;Alg\u00e9rie, v\u00e9cue par Jean, remontent \u00e0 la surface et expliquent ses r\u00e9actions incompr\u00e9hensibles d&rsquo;antan.<br \/>Mais les souvenirs apportent aussi l&rsquo;apaisement, qu&rsquo;ils trouvent dans la bonne odeur des croissants de leur jeunesse, brouillant la fronti\u00e8re entre r\u00eave et r\u00e9alit\u00e9\u2026 \u2026<\/p>\n<\/div>\n\n\n\n<div class=\"wp-block-column is-layout-flow wp-block-column-is-layout-flow\">\n<figure class=\"wp-block-image size-large is-resized\"><a href=\"https:\/\/www.aphyllanthe.fr\/association\/wp-content\/uploads\/2022\/11\/CROISSANTS-scaled.webp\"><img loading=\"lazy\" decoding=\"async\" src=\"https:\/\/www.aphyllanthe.fr\/association\/wp-content\/uploads\/2022\/11\/CROISSANTS-724x1024.webp\" alt=\"\" class=\"wp-image-17680\" width=\"260\" height=\"367\" srcset=\"https:\/\/www.aphyllanthe.fr\/association\/wp-content\/uploads\/2022\/11\/CROISSANTS-724x1024.webp 724w, https:\/\/www.aphyllanthe.fr\/association\/wp-content\/uploads\/2022\/11\/CROISSANTS-212x300.webp 212w, https:\/\/www.aphyllanthe.fr\/association\/wp-content\/uploads\/2022\/11\/CROISSANTS-768x1086.webp 768w, https:\/\/www.aphyllanthe.fr\/association\/wp-content\/uploads\/2022\/11\/CROISSANTS-1086x1536.webp 1086w, https:\/\/www.aphyllanthe.fr\/association\/wp-content\/uploads\/2022\/11\/CROISSANTS-1448x2048.webp 1448w, https:\/\/www.aphyllanthe.fr\/association\/wp-content\/uploads\/2022\/11\/CROISSANTS-1320x1867.webp 1320w, https:\/\/www.aphyllanthe.fr\/association\/wp-content\/uploads\/2022\/11\/CROISSANTS-scaled.webp 1810w\" sizes=\"auto, (max-width: 260px) 100vw, 260px\" \/><\/a><\/figure>\n<\/div>\n<\/div>\n\n\n\n<h5 class=\"wp-block-heading\">L&rsquo;auteur<\/h5>\n\n\n\n<div class=\"wp-block-columns is-layout-flex wp-container-core-columns-is-layout-9d6595d7 wp-block-columns-is-layout-flex\">\n<div class=\"wp-block-column is-layout-flow wp-block-column-is-layout-flow\">\n<figure class=\"wp-block-image size-full\"><a href=\"https:\/\/www.aphyllanthe.fr\/association\/wp-content\/uploads\/2022\/11\/MMFAURE.webp\"><img loading=\"lazy\" decoding=\"async\" width=\"367\" height=\"521\" src=\"https:\/\/www.aphyllanthe.fr\/association\/wp-content\/uploads\/2022\/11\/MMFAURE.webp\" alt=\"\" class=\"wp-image-17681\" srcset=\"https:\/\/www.aphyllanthe.fr\/association\/wp-content\/uploads\/2022\/11\/MMFAURE.webp 367w, https:\/\/www.aphyllanthe.fr\/association\/wp-content\/uploads\/2022\/11\/MMFAURE-211x300.webp 211w\" sizes=\"auto, (max-width: 367px) 100vw, 367px\" \/><\/a><\/figure>\n<\/div>\n\n\n\n<div class=\"wp-block-column is-layout-flow wp-block-column-is-layout-flow\">\n<p>Gardoise depuis 1977, Marie-Madeleine Faure est actuellement correspondante de presse pour trois villages de l&rsquo;Uz\u00e8ge.<br \/><\/p>\n<\/div>\n<\/div>\n","protected":false},"excerpt":{"rendered":"<p>Mercredi 14 d\u00e9cembre \u00e0 partir de 16h, L&rsquo;Aphyllanthe aura l&rsquo;honneur d&rsquo;accueillir Marie-Madeleine Faure-Julian \u00e0 la biblioth\u00e8que d&rsquo;Aigaliers pour une s\u00e9ance de d\u00e9dicaces de son dernier ouvrage, Comme un parfum de croissants chauds. Dynamique, Marie-Madeleine l&rsquo;est assur\u00e9ment. En effet, non contente de cavaler d&rsquo;un bout \u00e0 l&rsquo;autre du d\u00e9partement en tant que correspondante du Midi-Libre, elle &hellip; <a href=\"https:\/\/www.aphyllanthe.fr\/association\/seance-de-dedicace-a-laphyllanthe\/\" class=\"more-link\">Continuer la lecture de <span class=\"screen-reader-text\">S\u00e9ance de d\u00e9dicace \u00e0 l&rsquo;Aphyllanthe<\/span>  <span class=\"meta-nav\">&rarr;<\/span><\/a><\/p>\n","protected":false},"author":10,"featured_media":17683,"comment_status":"closed","ping_status":"closed","sticky":false,"template":"","format":"standard","meta":{"footnotes":""},"categories":[4,2],"tags":[],"class_list":["post-17677","post","type-post","status-publish","format-standard","has-post-thumbnail","hentry","category-annonce","category-chronique-bibliotheque"],"_links":{"self":[{"href":"https:\/\/www.aphyllanthe.fr\/association\/wp-json\/wp\/v2\/posts\/17677","targetHints":{"allow":["GET"]}}],"collection":[{"href":"https:\/\/www.aphyllanthe.fr\/association\/wp-json\/wp\/v2\/posts"}],"about":[{"href":"https:\/\/www.aphyllanthe.fr\/association\/wp-json\/wp\/v2\/types\/post"}],"author":[{"embeddable":true,"href":"https:\/\/www.aphyllanthe.fr\/association\/wp-json\/wp\/v2\/users\/10"}],"replies":[{"embeddable":true,"href":"https:\/\/www.aphyllanthe.fr\/association\/wp-json\/wp\/v2\/comments?post=17677"}],"version-history":[{"count":6,"href":"https:\/\/www.aphyllanthe.fr\/association\/wp-json\/wp\/v2\/posts\/17677\/revisions"}],"predecessor-version":[{"id":17687,"href":"https:\/\/www.aphyllanthe.fr\/association\/wp-json\/wp\/v2\/posts\/17677\/revisions\/17687"}],"wp:featuredmedia":[{"embeddable":true,"href":"https:\/\/www.aphyllanthe.fr\/association\/wp-json\/wp\/v2\/media\/17683"}],"wp:attachment":[{"href":"https:\/\/www.aphyllanthe.fr\/association\/wp-json\/wp\/v2\/media?parent=17677"}],"wp:term":[{"taxonomy":"category","embeddable":true,"href":"https:\/\/www.aphyllanthe.fr\/association\/wp-json\/wp\/v2\/categories?post=17677"},{"taxonomy":"post_tag","embeddable":true,"href":"https:\/\/www.aphyllanthe.fr\/association\/wp-json\/wp\/v2\/tags?post=17677"}],"curies":[{"name":"wp","href":"https:\/\/api.w.org\/{rel}","templated":true}]}}