{"id":17743,"date":"2022-12-30T11:16:44","date_gmt":"2022-12-30T10:16:44","guid":{"rendered":"https:\/\/www.aphyllanthe.fr\/association\/?p=17743"},"modified":"2023-01-25T22:07:09","modified_gmt":"2023-01-25T21:07:09","slug":"visite-du-musee-perrier","status":"publish","type":"post","link":"https:\/\/www.aphyllanthe.fr\/association\/visite-du-musee-perrier\/","title":{"rendered":"Visite du mus\u00e9e PERRIER\u00ae"},"content":{"rendered":"\n<p class=\"has-text-color has-background\" style=\"color:#2f2257;background-color:#fad177\">Pour d\u00e9buter l\u2019ann\u00e9e de belle mani\u00e8re, et se recentrer sur les vertus de l&rsquo;eau, l&rsquo;Aphyllanthe vous propose une visite guid\u00e9e du mus\u00e9e PERRIER\u00ae  <strong>samedi 14 janvier \u00e0 15h, pr\u00e9c\u00e9d\u00e9e d&rsquo;une visite libre \u00e0 partir de 14h<\/strong>.<\/p>\n\n\n\n<p>La source des Bouillens produit une eau naturellement enrichie en gaz carbonique, suite \u00e0 de nombreuses \u00e9ruptions volcaniques il y a plusieurs millions d&rsquo;ann\u00e9es de cela. L&rsquo;eau en est bue depuis bien longtemps et est utilis\u00e9e par les Romains pour leurs thermes. L&rsquo;usage se perp\u00e9tue et la source, devenue officiellement thermale en 1863, s&rsquo;enrichit d&rsquo;une station dernier cri. Le tournant se fait en 1903, avec l&rsquo;arriv\u00e9e du m\u00e9c\u00e8ne anglais <a href=\"https:\/\/fr.wikipedia.org\/wiki\/St_John_Harmsworth\" target=\"_blank\" rel=\"noreferrer noopener\">Sir John Harmsworth<\/a>, qui en fait une eau de consommation \u00e9l\u00e9gante et p\u00e9tillante, destin\u00e9e \u00e0 l&rsquo;\u00e9lite britannique.<\/p>\n\n\n\n<p>Il y en a bien plus \u00e0 apprendre au cours de la visite guid\u00e9e (environ 1h), notamment sur le processus industriel de production, la strat\u00e9gie commerciale de la marque et la gestion environnementale de la source et de l&rsquo;ensemble du site.<\/p>\n\n\n\n<p>A ne pas rater en pr\u00e9alable (\u00e0 14h) : la visite libre du parc et la belle exposition retra\u00e7ant les 150 ans de la marque PERRIER\u00ae.<\/p>\n\n\n\n<h5 class=\"wp-block-heading\">Pour s&rsquo;y rendre<\/h5>\n\n\n\n<p>Source Perrier, Les Bouillens, 30310 Verg\u00e8ze.<br \/>Acc\u00e8s par Autoroute A54 ou A9 : sortie Gallargues.&nbsp;<br \/>Coordonn\u00e9es GPS : lat. 43.728711 &#8211; long. 4.240908<br \/><a href=\"https:\/\/www.google.com\/maps\/place\/PERRIER\/@43.728557,4.243448,15z\/data=!4m5!3m4!1s0x0:0x70868c51b01fa98b!8m2!3d43.7285572!4d4.2434478?ll=43.728557,4.243448&amp;z=15&amp;t=m&amp;hl=fr-FR&amp;gl=US&amp;mapclient=embed&amp;cid=8108322461602261387&amp;shorturl=1\" target=\"_blank\" rel=\"noreferrer noopener\">Trajet Googlemaps<\/a><\/p>\n\n\n\n<div class=\"wp-block-columns is-layout-flex wp-container-core-columns-is-layout-9d6595d7 wp-block-columns-is-layout-flex\">\n<div class=\"wp-block-column is-layout-flow wp-block-column-is-layout-flow\">\n<figure class=\"wp-block-image size-large\"><a href=\"https:\/\/www.aphyllanthe.fr\/association\/wp-content\/uploads\/2022\/12\/PERRIER-1.webp\"><img loading=\"lazy\" decoding=\"async\" width=\"1024\" height=\"430\" src=\"https:\/\/www.aphyllanthe.fr\/association\/wp-content\/uploads\/2022\/12\/PERRIER-1-1024x430.webp\" alt=\"\" class=\"wp-image-17766\" srcset=\"https:\/\/www.aphyllanthe.fr\/association\/wp-content\/uploads\/2022\/12\/PERRIER-1-1024x430.webp 1024w, https:\/\/www.aphyllanthe.fr\/association\/wp-content\/uploads\/2022\/12\/PERRIER-1-300x126.webp 300w, https:\/\/www.aphyllanthe.fr\/association\/wp-content\/uploads\/2022\/12\/PERRIER-1-768x322.webp 768w, https:\/\/www.aphyllanthe.fr\/association\/wp-content\/uploads\/2022\/12\/PERRIER-1-1320x554.webp 1320w, https:\/\/www.aphyllanthe.fr\/association\/wp-content\/uploads\/2022\/12\/PERRIER-1.webp 1358w\" sizes=\"auto, (max-width: 1024px) 100vw, 1024px\" \/><\/a><\/figure>\n<\/div>\n<\/div>\n\n\n\n<h5 class=\"wp-block-heading\">Tarifs et conditions<\/h5>\n\n\n\n<figure class=\"wp-block-table is-style-stripes\"><table><tbody><tr><td class=\"has-text-align-center\" data-align=\"center\"><\/td><td class=\"has-text-align-center\" data-align=\"center\"><strong>Adultes<\/strong><\/td><td class=\"has-text-align-center\" data-align=\"center\"><strong>Enfants<\/strong><\/td><\/tr><tr><td class=\"has-text-align-center\" data-align=\"center\"><strong>Adh\u00e9rents<\/strong><\/td><td class=\"has-text-align-center\" data-align=\"center\">1,50 \u20ac<\/td><td class=\"has-text-align-center\" data-align=\"center\">Offert<\/td><\/tr><tr><td class=\"has-text-align-center\" data-align=\"center\"><strong>Non adh\u00e9rents<\/strong><\/td><td class=\"has-text-align-center\" data-align=\"center\">3 \u20ac<\/td><td class=\"has-text-align-center\" data-align=\"center\">+ 10 ans : 3\u20ac<\/td><\/tr><\/tbody><\/table><\/figure>\n\n\n\n<p class=\"has-text-align-center has-white-color has-text-color has-background\" style=\"background-color:#29870e\"><strong>Date limite d\u2019inscription : mardi 3 janvier<\/strong><\/p>\n\n\n\n<p class=\"has-text-align-center\">Renseignements et inscription aupr\u00e8s du secr\u00e9tariat :<br \/>aphyllanthe@orange.fr \/ t\u00e9l : 04 66 22 10 20<\/p>\n","protected":false},"excerpt":{"rendered":"<p>Pour d\u00e9buter l\u2019ann\u00e9e de belle mani\u00e8re, et se recentrer sur les vertus de l&rsquo;eau, l&rsquo;Aphyllanthe vous propose une visite guid\u00e9e du mus\u00e9e PERRIER\u00ae samedi 14 janvier \u00e0 15h, pr\u00e9c\u00e9d\u00e9e d&rsquo;une visite libre \u00e0 partir de 14h. La source des Bouillens produit une eau naturellement enrichie en gaz carbonique, suite \u00e0 de nombreuses \u00e9ruptions volcaniques il &hellip; <a href=\"https:\/\/www.aphyllanthe.fr\/association\/visite-du-musee-perrier\/\" class=\"more-link\">Continuer la lecture de <span class=\"screen-reader-text\">Visite du mus\u00e9e PERRIER\u00ae<\/span>  <span class=\"meta-nav\">&rarr;<\/span><\/a><\/p>\n","protected":false},"author":10,"featured_media":17749,"comment_status":"closed","ping_status":"closed","sticky":false,"template":"","format":"standard","meta":{"footnotes":""},"categories":[4],"tags":[],"class_list":["post-17743","post","type-post","status-publish","format-standard","has-post-thumbnail","hentry","category-annonce"],"_links":{"self":[{"href":"https:\/\/www.aphyllanthe.fr\/association\/wp-json\/wp\/v2\/posts\/17743","targetHints":{"allow":["GET"]}}],"collection":[{"href":"https:\/\/www.aphyllanthe.fr\/association\/wp-json\/wp\/v2\/posts"}],"about":[{"href":"https:\/\/www.aphyllanthe.fr\/association\/wp-json\/wp\/v2\/types\/post"}],"author":[{"embeddable":true,"href":"https:\/\/www.aphyllanthe.fr\/association\/wp-json\/wp\/v2\/users\/10"}],"replies":[{"embeddable":true,"href":"https:\/\/www.aphyllanthe.fr\/association\/wp-json\/wp\/v2\/comments?post=17743"}],"version-history":[{"count":23,"href":"https:\/\/www.aphyllanthe.fr\/association\/wp-json\/wp\/v2\/posts\/17743\/revisions"}],"predecessor-version":[{"id":17782,"href":"https:\/\/www.aphyllanthe.fr\/association\/wp-json\/wp\/v2\/posts\/17743\/revisions\/17782"}],"wp:featuredmedia":[{"embeddable":true,"href":"https:\/\/www.aphyllanthe.fr\/association\/wp-json\/wp\/v2\/media\/17749"}],"wp:attachment":[{"href":"https:\/\/www.aphyllanthe.fr\/association\/wp-json\/wp\/v2\/media?parent=17743"}],"wp:term":[{"taxonomy":"category","embeddable":true,"href":"https:\/\/www.aphyllanthe.fr\/association\/wp-json\/wp\/v2\/categories?post=17743"},{"taxonomy":"post_tag","embeddable":true,"href":"https:\/\/www.aphyllanthe.fr\/association\/wp-json\/wp\/v2\/tags?post=17743"}],"curies":[{"name":"wp","href":"https:\/\/api.w.org\/{rel}","templated":true}]}}