{"id":18021,"date":"2023-01-27T10:04:48","date_gmt":"2023-01-27T09:04:48","guid":{"rendered":"https:\/\/www.aphyllanthe.fr\/association\/?p=18021"},"modified":"2023-02-22T17:04:47","modified_gmt":"2023-02-22T16:04:47","slug":"attention-crocodiles-en-vue","status":"publish","type":"post","link":"https:\/\/www.aphyllanthe.fr\/association\/attention-crocodiles-en-vue\/","title":{"rendered":"Attention ! Crocodiles en vue&#8230;"},"content":{"rendered":"\n<p class=\"has-text-color has-background\" style=\"color:#bb1983;background-color:#f2e6a0\"><strong>Dimanche 19 f\u00e9vrier \u00e0 11h<\/strong>, l&rsquo;Aphyllanthe vous propose une visite guid\u00e9e de la ferme aux crocodiles et de la r\u00e9serve tropicale de Pierrelatte, plus grand parc animalier europ\u00e9en d\u00e9di\u00e9 \u00e0 la d\u00e9couverte des reptiles.<\/p>\n\n\n\n<div class=\"wp-block-columns is-layout-flex wp-container-core-columns-is-layout-9d6595d7 wp-block-columns-is-layout-flex\">\n<div class=\"wp-block-column is-layout-flow wp-block-column-is-layout-flow\">\n<p><strong>Au menu <\/strong>: visite guid\u00e9e de la r\u00e9serve tropicale par un guide naturaliste qui d\u00e9voilera les mille et un secrets de la vie des quelques 400 crocodiliens pr\u00e9sents sur le site : crocodiles, tortues g\u00e9antes, varans, serpents, iguanes, l\u00e9zards&#8230;<br \/>Dur\u00e9e de la visite : 1h15.<\/p>\n<\/div>\n\n\n\n<div class=\"wp-block-column is-layout-flow wp-block-column-is-layout-flow\">\n<figure class=\"wp-block-image size-full\"><a href=\"https:\/\/www.aphyllanthe.fr\/association\/wp-content\/uploads\/2023\/01\/CROCO-1.webp\"><img loading=\"lazy\" decoding=\"async\" width=\"390\" height=\"331\" src=\"https:\/\/www.aphyllanthe.fr\/association\/wp-content\/uploads\/2023\/01\/CROCO-1.webp\" alt=\"\" class=\"wp-image-18031\" srcset=\"https:\/\/www.aphyllanthe.fr\/association\/wp-content\/uploads\/2023\/01\/CROCO-1.webp 390w, https:\/\/www.aphyllanthe.fr\/association\/wp-content\/uploads\/2023\/01\/CROCO-1-300x255.webp 300w\" sizes=\"auto, (max-width: 390px) 100vw, 390px\" \/><\/a><\/figure>\n<\/div>\n<\/div>\n\n\n\n<div class=\"wp-block-columns is-layout-flex wp-container-core-columns-is-layout-9d6595d7 wp-block-columns-is-layout-flex\">\n<div class=\"wp-block-column is-layout-flow wp-block-column-is-layout-flow\">\n<figure class=\"wp-block-image size-full\"><a href=\"https:\/\/www.aphyllanthe.fr\/association\/wp-content\/uploads\/2023\/01\/CROCO-2.webp\"><img loading=\"lazy\" decoding=\"async\" width=\"708\" height=\"616\" src=\"https:\/\/www.aphyllanthe.fr\/association\/wp-content\/uploads\/2023\/01\/CROCO-2.webp\" alt=\"\" class=\"wp-image-18033\" srcset=\"https:\/\/www.aphyllanthe.fr\/association\/wp-content\/uploads\/2023\/01\/CROCO-2.webp 708w, https:\/\/www.aphyllanthe.fr\/association\/wp-content\/uploads\/2023\/01\/CROCO-2-300x261.webp 300w\" sizes=\"auto, (max-width: 708px) 100vw, 708px\" \/><\/a><figcaption class=\"wp-element-caption\">Calliandra<\/figcaption><\/figure>\n<\/div>\n\n\n\n<div class=\"wp-block-column is-layout-flow wp-block-column-is-layout-flow\">\n<p>Ensuite, pause d\u00e9jeuner* et visite libre de la r\u00e9serve tropicale.<br \/>V\u00e9ritable jardin botanique, cette derni\u00e8re constitue une collection hors du commun par les 600 esp\u00e8ces et vari\u00e9t\u00e9s de plantes exotiques qu&rsquo;elle h\u00e9berge : plantes aromatiques et aquatiques, herbes g\u00e9antes, arbres fruitiers, \u00e9pices. En son sein, toute une faune tropicale s&rsquo;y niche, et se laisse admirer.<\/p>\n<\/div>\n<\/div>\n\n\n\n<p><br \/><strong>*<\/strong>Un service de restauration existe sur le site, mais il est \u00e9galement possible d&rsquo;apporter son pique-nique.<\/p>\n\n\n\n<p>Lien vers le site ici : <a href=\"https:\/\/www.lafermeauxcrocodiles.com\/\" target=\"_blank\" rel=\"noreferrer noopener\">https:\/\/www.lafermeauxcrocodiles.com\/<\/a><\/p>\n\n\n\n<h5 class=\"wp-block-heading\">Tarifs<\/h5>\n\n\n\n<figure class=\"wp-block-table aligncenter is-style-stripes\"><table><tbody><tr><td><\/td><td class=\"has-text-align-center\" data-align=\"center\"><strong>-3 ans<\/strong><\/td><td class=\"has-text-align-center\" data-align=\"center\"><strong>3 &#8211; 12 ans<\/strong><\/td><td class=\"has-text-align-center\" data-align=\"center\"><strong>12 &#8211; 18 ans<\/strong><\/td><td class=\"has-text-align-center\" data-align=\"center\"><strong>+18 ans<\/strong><\/td><\/tr><tr><td>Adh\u00e9rents<\/td><td class=\"has-text-align-center\" data-align=\"center\">offert<\/td><td class=\"has-text-align-center\" data-align=\"center\">offert<\/td><td class=\"has-text-align-center\" data-align=\"center\">offert<\/td><td class=\"has-text-align-center\" data-align=\"center\">8,50 \u20ac<\/td><\/tr><tr><td>Non adh\u00e9rents<\/td><td class=\"has-text-align-center\" data-align=\"center\">gratuit<\/td><td class=\"has-text-align-center\" data-align=\"center\">13 \u20ac<\/td><td class=\"has-text-align-center\" data-align=\"center\">17 \u20ac<\/td><td class=\"has-text-align-center\" data-align=\"center\">17 \u20ac<\/td><\/tr><\/tbody><\/table><figcaption class=\"wp-element-caption\"><strong>Les tarifs n&rsquo;incluent que les visites, pas le d\u00e9jeuner<\/strong><\/figcaption><\/figure>\n\n\n\n<h5 class=\"wp-block-heading\"><strong>Pour s&rsquo;y rendre<\/strong><\/h5>\n\n\n\n<p><strong>Adresse <\/strong>: 395, all\u00e9e de Beauplan (anciennement les Blachettes) \u2013 26700 PIERRELATTE<br \/><strong>Coordonn\u00e9es GPS <\/strong>: latitude : 44.356895 \/ longitude : 4.704542<\/p>\n\n\n\n<p class=\"has-text-align-center\">Renseignements et inscription aupr\u00e8s du secr\u00e9tariat de l\u2019Aphyllanthe<br \/>T\u00e9l. : 04 66 22 10 20 \/ mail : aphyllanthe@orange.fr.<\/p>\n","protected":false},"excerpt":{"rendered":"<p>Dimanche 19 f\u00e9vrier \u00e0 11h, l&rsquo;Aphyllanthe vous propose une visite guid\u00e9e de la ferme aux crocodiles et de la r\u00e9serve tropicale de Pierrelatte, plus grand parc animalier europ\u00e9en d\u00e9di\u00e9 \u00e0 la d\u00e9couverte des reptiles. Au menu : visite guid\u00e9e de la r\u00e9serve tropicale par un guide naturaliste qui d\u00e9voilera les mille et un secrets de &hellip; <a href=\"https:\/\/www.aphyllanthe.fr\/association\/attention-crocodiles-en-vue\/\" class=\"more-link\">Continuer la lecture de <span class=\"screen-reader-text\">Attention ! Crocodiles en vue&#8230;<\/span>  <span class=\"meta-nav\">&rarr;<\/span><\/a><\/p>\n","protected":false},"author":10,"featured_media":18030,"comment_status":"closed","ping_status":"closed","sticky":false,"template":"","format":"standard","meta":{"footnotes":""},"categories":[4],"tags":[],"class_list":["post-18021","post","type-post","status-publish","format-standard","has-post-thumbnail","hentry","category-annonce"],"_links":{"self":[{"href":"https:\/\/www.aphyllanthe.fr\/association\/wp-json\/wp\/v2\/posts\/18021","targetHints":{"allow":["GET"]}}],"collection":[{"href":"https:\/\/www.aphyllanthe.fr\/association\/wp-json\/wp\/v2\/posts"}],"about":[{"href":"https:\/\/www.aphyllanthe.fr\/association\/wp-json\/wp\/v2\/types\/post"}],"author":[{"embeddable":true,"href":"https:\/\/www.aphyllanthe.fr\/association\/wp-json\/wp\/v2\/users\/10"}],"replies":[{"embeddable":true,"href":"https:\/\/www.aphyllanthe.fr\/association\/wp-json\/wp\/v2\/comments?post=18021"}],"version-history":[{"count":30,"href":"https:\/\/www.aphyllanthe.fr\/association\/wp-json\/wp\/v2\/posts\/18021\/revisions"}],"predecessor-version":[{"id":18115,"href":"https:\/\/www.aphyllanthe.fr\/association\/wp-json\/wp\/v2\/posts\/18021\/revisions\/18115"}],"wp:featuredmedia":[{"embeddable":true,"href":"https:\/\/www.aphyllanthe.fr\/association\/wp-json\/wp\/v2\/media\/18030"}],"wp:attachment":[{"href":"https:\/\/www.aphyllanthe.fr\/association\/wp-json\/wp\/v2\/media?parent=18021"}],"wp:term":[{"taxonomy":"category","embeddable":true,"href":"https:\/\/www.aphyllanthe.fr\/association\/wp-json\/wp\/v2\/categories?post=18021"},{"taxonomy":"post_tag","embeddable":true,"href":"https:\/\/www.aphyllanthe.fr\/association\/wp-json\/wp\/v2\/tags?post=18021"}],"curies":[{"name":"wp","href":"https:\/\/api.w.org\/{rel}","templated":true}]}}