{"id":18058,"date":"2023-01-25T18:02:09","date_gmt":"2023-01-25T17:02:09","guid":{"rendered":"https:\/\/www.aphyllanthe.fr\/association\/?p=18058"},"modified":"2023-02-16T16:25:39","modified_gmt":"2023-02-16T15:25:39","slug":"la-bibliotheque-a-quitte-ses-habits-dhiver","status":"publish","type":"post","link":"https:\/\/www.aphyllanthe.fr\/association\/la-bibliotheque-a-quitte-ses-habits-dhiver\/","title":{"rendered":"La biblioth\u00e8que a quitt\u00e9 ses habits d&rsquo;hiver"},"content":{"rendered":"\n<p class=\"has-text-align-center has-text-color has-background\" style=\"color:#061d1d;background-color:#c5e7e7\">Pass\u00e9es les f\u00eates de fin d&rsquo;ann\u00e9e, la biblioth\u00e8que a ouvert ses portes \u00e0 un nouveau th\u00e8me : les enfants de par le monde. <\/p>\n\n\n\n<p>Affiches, jouets, livres, le comit\u00e9 biblioth\u00e8que est retomb\u00e9 en enfance et s&rsquo;en est donn\u00e9 \u00e0 c\u0153ur joie.<\/p>\n\n\n\n<figure class=\"wp-block-gallery has-nested-images columns-default is-cropped wp-block-gallery-2 is-layout-flex wp-block-gallery-is-layout-flex\">\n<figure class=\"wp-block-image size-large\"><a href=\"https:\/\/www.aphyllanthe.fr\/association\/wp-content\/uploads\/2023\/01\/20230125_155122-scaled.webp\"><img loading=\"lazy\" decoding=\"async\" width=\"1024\" height=\"768\" data-id=\"18066\" src=\"https:\/\/www.aphyllanthe.fr\/association\/wp-content\/uploads\/2023\/01\/20230125_155122-1024x768.webp\" alt=\"\" class=\"wp-image-18066\" srcset=\"https:\/\/www.aphyllanthe.fr\/association\/wp-content\/uploads\/2023\/01\/20230125_155122-1024x768.webp 1024w, https:\/\/www.aphyllanthe.fr\/association\/wp-content\/uploads\/2023\/01\/20230125_155122-300x225.webp 300w, https:\/\/www.aphyllanthe.fr\/association\/wp-content\/uploads\/2023\/01\/20230125_155122-768x576.webp 768w, https:\/\/www.aphyllanthe.fr\/association\/wp-content\/uploads\/2023\/01\/20230125_155122-1536x1152.webp 1536w, https:\/\/www.aphyllanthe.fr\/association\/wp-content\/uploads\/2023\/01\/20230125_155122-2048x1536.webp 2048w, https:\/\/www.aphyllanthe.fr\/association\/wp-content\/uploads\/2023\/01\/20230125_155122-1320x990.webp 1320w\" sizes=\"auto, (max-width: 1024px) 100vw, 1024px\" \/><\/a><\/figure>\n\n\n\n<figure class=\"wp-block-image size-large\"><a href=\"https:\/\/www.aphyllanthe.fr\/association\/wp-content\/uploads\/2023\/01\/20230125_155144-scaled.webp\"><img loading=\"lazy\" decoding=\"async\" width=\"1024\" height=\"768\" data-id=\"18064\" src=\"https:\/\/www.aphyllanthe.fr\/association\/wp-content\/uploads\/2023\/01\/20230125_155144-1024x768.webp\" alt=\"\" class=\"wp-image-18064\" srcset=\"https:\/\/www.aphyllanthe.fr\/association\/wp-content\/uploads\/2023\/01\/20230125_155144-1024x768.webp 1024w, https:\/\/www.aphyllanthe.fr\/association\/wp-content\/uploads\/2023\/01\/20230125_155144-300x225.webp 300w, https:\/\/www.aphyllanthe.fr\/association\/wp-content\/uploads\/2023\/01\/20230125_155144-768x576.webp 768w, https:\/\/www.aphyllanthe.fr\/association\/wp-content\/uploads\/2023\/01\/20230125_155144-1536x1152.webp 1536w, https:\/\/www.aphyllanthe.fr\/association\/wp-content\/uploads\/2023\/01\/20230125_155144-2048x1536.webp 2048w, https:\/\/www.aphyllanthe.fr\/association\/wp-content\/uploads\/2023\/01\/20230125_155144-1320x990.webp 1320w\" sizes=\"auto, (max-width: 1024px) 100vw, 1024px\" \/><\/a><\/figure>\n\n\n\n<figure class=\"wp-block-image size-large\"><a href=\"https:\/\/www.aphyllanthe.fr\/association\/wp-content\/uploads\/2023\/01\/20230125_155154-scaled.webp\"><img loading=\"lazy\" decoding=\"async\" width=\"1024\" height=\"768\" data-id=\"18065\" src=\"https:\/\/www.aphyllanthe.fr\/association\/wp-content\/uploads\/2023\/01\/20230125_155154-1024x768.webp\" alt=\"\" class=\"wp-image-18065\" srcset=\"https:\/\/www.aphyllanthe.fr\/association\/wp-content\/uploads\/2023\/01\/20230125_155154-1024x768.webp 1024w, https:\/\/www.aphyllanthe.fr\/association\/wp-content\/uploads\/2023\/01\/20230125_155154-300x225.webp 300w, https:\/\/www.aphyllanthe.fr\/association\/wp-content\/uploads\/2023\/01\/20230125_155154-768x576.webp 768w, https:\/\/www.aphyllanthe.fr\/association\/wp-content\/uploads\/2023\/01\/20230125_155154-1536x1152.webp 1536w, https:\/\/www.aphyllanthe.fr\/association\/wp-content\/uploads\/2023\/01\/20230125_155154-2048x1536.webp 2048w, https:\/\/www.aphyllanthe.fr\/association\/wp-content\/uploads\/2023\/01\/20230125_155154-1320x990.webp 1320w\" sizes=\"auto, (max-width: 1024px) 100vw, 1024px\" \/><\/a><\/figure>\n\n\n\n<figure class=\"wp-block-image size-large\"><a href=\"https:\/\/www.aphyllanthe.fr\/association\/wp-content\/uploads\/2023\/01\/20230125_155204-scaled.webp\"><img loading=\"lazy\" decoding=\"async\" width=\"1024\" height=\"768\" data-id=\"18063\" src=\"https:\/\/www.aphyllanthe.fr\/association\/wp-content\/uploads\/2023\/01\/20230125_155204-1024x768.webp\" alt=\"\" class=\"wp-image-18063\" srcset=\"https:\/\/www.aphyllanthe.fr\/association\/wp-content\/uploads\/2023\/01\/20230125_155204-1024x768.webp 1024w, https:\/\/www.aphyllanthe.fr\/association\/wp-content\/uploads\/2023\/01\/20230125_155204-300x225.webp 300w, https:\/\/www.aphyllanthe.fr\/association\/wp-content\/uploads\/2023\/01\/20230125_155204-768x576.webp 768w, https:\/\/www.aphyllanthe.fr\/association\/wp-content\/uploads\/2023\/01\/20230125_155204-1536x1152.webp 1536w, https:\/\/www.aphyllanthe.fr\/association\/wp-content\/uploads\/2023\/01\/20230125_155204-2048x1536.webp 2048w, https:\/\/www.aphyllanthe.fr\/association\/wp-content\/uploads\/2023\/01\/20230125_155204-1320x990.webp 1320w\" sizes=\"auto, (max-width: 1024px) 100vw, 1024px\" \/><\/a><\/figure>\n<\/figure>\n\n\n\n<p>Quelques panneaux \u00e9ducatifs \u00e9voquent cependant des sujets s\u00e9rieux : la pauvret\u00e9, le travail des enfants et leurs droits :<\/p>\n\n\n\n<figure class=\"wp-block-gallery has-nested-images columns-default is-cropped wp-block-gallery-3 is-layout-flex wp-block-gallery-is-layout-flex\">\n<figure class=\"wp-block-image size-large\"><a href=\"https:\/\/www.aphyllanthe.fr\/association\/wp-content\/uploads\/2023\/01\/20230113_172420-scaled.webp\"><img loading=\"lazy\" decoding=\"async\" width=\"1024\" height=\"634\" data-id=\"18068\" src=\"https:\/\/www.aphyllanthe.fr\/association\/wp-content\/uploads\/2023\/01\/20230113_172420-1024x634.webp\" alt=\"\" class=\"wp-image-18068\" srcset=\"https:\/\/www.aphyllanthe.fr\/association\/wp-content\/uploads\/2023\/01\/20230113_172420-1024x634.webp 1024w, https:\/\/www.aphyllanthe.fr\/association\/wp-content\/uploads\/2023\/01\/20230113_172420-300x186.webp 300w, https:\/\/www.aphyllanthe.fr\/association\/wp-content\/uploads\/2023\/01\/20230113_172420-768x476.webp 768w, https:\/\/www.aphyllanthe.fr\/association\/wp-content\/uploads\/2023\/01\/20230113_172420-1536x952.webp 1536w, https:\/\/www.aphyllanthe.fr\/association\/wp-content\/uploads\/2023\/01\/20230113_172420-2048x1269.webp 2048w, https:\/\/www.aphyllanthe.fr\/association\/wp-content\/uploads\/2023\/01\/20230113_172420-1320x818.webp 1320w\" sizes=\"auto, (max-width: 1024px) 100vw, 1024px\" \/><\/a><figcaption class=\"wp-element-caption\">Les droits de l&rsquo;enfant<\/figcaption><\/figure>\n\n\n\n<figure class=\"wp-block-image size-large\"><a href=\"https:\/\/www.aphyllanthe.fr\/association\/wp-content\/uploads\/2023\/01\/20230113_172704-scaled.webp\"><img loading=\"lazy\" decoding=\"async\" width=\"1024\" height=\"628\" data-id=\"18067\" src=\"https:\/\/www.aphyllanthe.fr\/association\/wp-content\/uploads\/2023\/01\/20230113_172704-1024x628.webp\" alt=\"\" class=\"wp-image-18067\" srcset=\"https:\/\/www.aphyllanthe.fr\/association\/wp-content\/uploads\/2023\/01\/20230113_172704-1024x628.webp 1024w, https:\/\/www.aphyllanthe.fr\/association\/wp-content\/uploads\/2023\/01\/20230113_172704-300x184.webp 300w, https:\/\/www.aphyllanthe.fr\/association\/wp-content\/uploads\/2023\/01\/20230113_172704-768x471.webp 768w, https:\/\/www.aphyllanthe.fr\/association\/wp-content\/uploads\/2023\/01\/20230113_172704-1536x942.webp 1536w, https:\/\/www.aphyllanthe.fr\/association\/wp-content\/uploads\/2023\/01\/20230113_172704-2048x1256.webp 2048w, https:\/\/www.aphyllanthe.fr\/association\/wp-content\/uploads\/2023\/01\/20230113_172704-1320x809.webp 1320w\" sizes=\"auto, (max-width: 1024px) 100vw, 1024px\" \/><\/a><figcaption class=\"wp-element-caption\">La pauvret\u00e9 dans le monde<\/figcaption><\/figure>\n<\/figure>\n\n\n\n<p>Et les petites mains du centre de loisirs, qui ne sont jamais en reste, ont rajout\u00e9 leur touche \u00e0 la d\u00e9coration :<\/p>\n\n\n<div class=\"wp-block-image\">\n<figure class=\"aligncenter size-large\"><a href=\"https:\/\/www.aphyllanthe.fr\/association\/wp-content\/uploads\/2023\/01\/20230125_155018-scaled.webp\"><img loading=\"lazy\" decoding=\"async\" width=\"1024\" height=\"710\" src=\"https:\/\/www.aphyllanthe.fr\/association\/wp-content\/uploads\/2023\/01\/20230125_155018-1024x710.webp\" alt=\"\" class=\"wp-image-18061\" srcset=\"https:\/\/www.aphyllanthe.fr\/association\/wp-content\/uploads\/2023\/01\/20230125_155018-1024x710.webp 1024w, https:\/\/www.aphyllanthe.fr\/association\/wp-content\/uploads\/2023\/01\/20230125_155018-300x208.webp 300w, https:\/\/www.aphyllanthe.fr\/association\/wp-content\/uploads\/2023\/01\/20230125_155018-768x532.webp 768w, https:\/\/www.aphyllanthe.fr\/association\/wp-content\/uploads\/2023\/01\/20230125_155018-1536x1064.webp 1536w, https:\/\/www.aphyllanthe.fr\/association\/wp-content\/uploads\/2023\/01\/20230125_155018-2048x1419.webp 2048w, https:\/\/www.aphyllanthe.fr\/association\/wp-content\/uploads\/2023\/01\/20230125_155018-1320x915.webp 1320w\" sizes=\"auto, (max-width: 1024px) 100vw, 1024px\" \/><\/a><figcaption class=\"wp-element-caption\">Les enfants du monde par le centre de loisirs<\/figcaption><\/figure>\n<\/div>","protected":false},"excerpt":{"rendered":"<p>Pass\u00e9es les f\u00eates de fin d&rsquo;ann\u00e9e, la biblioth\u00e8que a ouvert ses portes \u00e0 un nouveau th\u00e8me : les enfants de par le monde. Affiches, jouets, livres, le comit\u00e9 biblioth\u00e8que est retomb\u00e9 en enfance et s&rsquo;en est donn\u00e9 \u00e0 c\u0153ur joie. Quelques panneaux \u00e9ducatifs \u00e9voquent cependant des sujets s\u00e9rieux : la pauvret\u00e9, le travail des enfants &hellip; <a href=\"https:\/\/www.aphyllanthe.fr\/association\/la-bibliotheque-a-quitte-ses-habits-dhiver\/\" class=\"more-link\">Continuer la lecture de <span class=\"screen-reader-text\">La biblioth\u00e8que a quitt\u00e9 ses habits d&rsquo;hiver<\/span>  <span class=\"meta-nav\">&rarr;<\/span><\/a><\/p>\n","protected":false},"author":10,"featured_media":18061,"comment_status":"closed","ping_status":"closed","sticky":false,"template":"","format":"standard","meta":{"footnotes":""},"categories":[2],"tags":[],"class_list":["post-18058","post","type-post","status-publish","format-standard","has-post-thumbnail","hentry","category-chronique-bibliotheque"],"_links":{"self":[{"href":"https:\/\/www.aphyllanthe.fr\/association\/wp-json\/wp\/v2\/posts\/18058","targetHints":{"allow":["GET"]}}],"collection":[{"href":"https:\/\/www.aphyllanthe.fr\/association\/wp-json\/wp\/v2\/posts"}],"about":[{"href":"https:\/\/www.aphyllanthe.fr\/association\/wp-json\/wp\/v2\/types\/post"}],"author":[{"embeddable":true,"href":"https:\/\/www.aphyllanthe.fr\/association\/wp-json\/wp\/v2\/users\/10"}],"replies":[{"embeddable":true,"href":"https:\/\/www.aphyllanthe.fr\/association\/wp-json\/wp\/v2\/comments?post=18058"}],"version-history":[{"count":8,"href":"https:\/\/www.aphyllanthe.fr\/association\/wp-json\/wp\/v2\/posts\/18058\/revisions"}],"predecessor-version":[{"id":18118,"href":"https:\/\/www.aphyllanthe.fr\/association\/wp-json\/wp\/v2\/posts\/18058\/revisions\/18118"}],"wp:featuredmedia":[{"embeddable":true,"href":"https:\/\/www.aphyllanthe.fr\/association\/wp-json\/wp\/v2\/media\/18061"}],"wp:attachment":[{"href":"https:\/\/www.aphyllanthe.fr\/association\/wp-json\/wp\/v2\/media?parent=18058"}],"wp:term":[{"taxonomy":"category","embeddable":true,"href":"https:\/\/www.aphyllanthe.fr\/association\/wp-json\/wp\/v2\/categories?post=18058"},{"taxonomy":"post_tag","embeddable":true,"href":"https:\/\/www.aphyllanthe.fr\/association\/wp-json\/wp\/v2\/tags?post=18058"}],"curies":[{"name":"wp","href":"https:\/\/api.w.org\/{rel}","templated":true}]}}