{"id":18083,"date":"2023-01-27T09:34:56","date_gmt":"2023-01-27T08:34:56","guid":{"rendered":"https:\/\/www.aphyllanthe.fr\/association\/?p=18083"},"modified":"2023-01-27T10:40:14","modified_gmt":"2023-01-27T09:40:14","slug":"retour-sur-la-visite-de-lusine-perrier","status":"publish","type":"post","link":"https:\/\/www.aphyllanthe.fr\/association\/retour-sur-la-visite-de-lusine-perrier\/","title":{"rendered":"Retour sur la visite de l&rsquo;usine Perrier\u00ae"},"content":{"rendered":"\n<p class=\"has-text-color has-background\" style=\"color:#191e07;background-color:#c4e271\">Ils \u00e9taient une vingtaine d&rsquo;adh\u00e9rents \u00e0 avoir affront\u00e9 le froid de ce 2\u00e8me dimanche de janvier pour aller visiter la source Perrier.<br \/>Au programme, visite des jardins, de la source, un court aper\u00e7u de l&rsquo;usine et une exposition sur l&rsquo;\u00e9volution des nombreuses publicit\u00e9s de la soci\u00e9t\u00e9 depuis 120 ans.<\/p>\n\n\n\n<p>Retour de Lynda :<br \/><em>La visite au mus\u00e9e de Perrier \u00e9tait tr\u00e8s int\u00e9ressante et a \u00e9t\u00e9 appr\u00e9ci\u00e9e de tous. Pour commencer, nous avons fl\u00e2n\u00e9 dans le parc centenaire et avons pu appr\u00e9cier la diversit\u00e9 des arbres et arbustes qui mettent en valeur la beaut\u00e9 du site entourant le ch\u00e2teau. Le tout pr\u00e9sentant l\u2019histoire de l\u2019origine de la source Perrier.<br \/>Ensuite, la guide nous a racont\u00e9 l\u2019histoire de l\u2019eau Perrier depuis 120 ans, ; nous avons visionn\u00e9 des films, contempl\u00e9 la collection de bouteilles et admir\u00e9 les affiches des grands artistes qui en ont fait la renomm\u00e9e.&nbsp;Ensuite, nous sommes descendus \u00e0 la source originelle, qui se trouve dehors et en sous-sol, et avons pu voir l\u2019eau p\u00e9tillante remonter a la surface.&nbsp;<br \/>Notre visite s&rsquo;est termin\u00e9e avec une d\u00e9gustation des derni\u00e8res cr\u00e9ations de l\u2019eau Perrier, et nous sommes tous repartis avec une cannette en poche.<\/em><br \/>Lynda<\/p>\n\n\n\n<figure class=\"wp-block-gallery has-nested-images columns-default is-cropped wp-block-gallery-2 is-layout-flex wp-block-gallery-is-layout-flex\">\n<figure class=\"wp-block-image size-large\"><a href=\"https:\/\/www.aphyllanthe.fr\/association\/wp-content\/uploads\/2023\/01\/DSC_5196.webp\"><img loading=\"lazy\" decoding=\"async\" width=\"640\" height=\"426\" data-id=\"18086\" src=\"https:\/\/www.aphyllanthe.fr\/association\/wp-content\/uploads\/2023\/01\/DSC_5196.webp\" alt=\"\" class=\"wp-image-18086\" srcset=\"https:\/\/www.aphyllanthe.fr\/association\/wp-content\/uploads\/2023\/01\/DSC_5196.webp 640w, https:\/\/www.aphyllanthe.fr\/association\/wp-content\/uploads\/2023\/01\/DSC_5196-300x200.webp 300w\" sizes=\"auto, (max-width: 640px) 100vw, 640px\" \/><\/a><figcaption class=\"wp-element-caption\">Dans l&rsquo;usine<\/figcaption><\/figure>\n\n\n\n<figure class=\"wp-block-image size-large\"><a href=\"https:\/\/www.aphyllanthe.fr\/association\/wp-content\/uploads\/2023\/01\/DSC_5200.webp\"><img loading=\"lazy\" decoding=\"async\" width=\"640\" height=\"426\" data-id=\"18087\" src=\"https:\/\/www.aphyllanthe.fr\/association\/wp-content\/uploads\/2023\/01\/DSC_5200.webp\" alt=\"\" class=\"wp-image-18087\" srcset=\"https:\/\/www.aphyllanthe.fr\/association\/wp-content\/uploads\/2023\/01\/DSC_5200.webp 640w, https:\/\/www.aphyllanthe.fr\/association\/wp-content\/uploads\/2023\/01\/DSC_5200-300x200.webp 300w\" sizes=\"auto, (max-width: 640px) 100vw, 640px\" \/><\/a><figcaption class=\"wp-element-caption\">Bus \u00e0 l&rsquo;effigie de Perrier <\/figcaption><\/figure>\n<\/figure>\n","protected":false},"excerpt":{"rendered":"<p>Ils \u00e9taient une vingtaine d&rsquo;adh\u00e9rents \u00e0 avoir affront\u00e9 le froid de ce 2\u00e8me dimanche de janvier pour aller visiter la source Perrier.Au programme, visite des jardins, de la source, un court aper\u00e7u de l&rsquo;usine et une exposition sur l&rsquo;\u00e9volution des nombreuses publicit\u00e9s de la soci\u00e9t\u00e9 depuis 120 ans. Retour de Lynda :La visite au mus\u00e9e &hellip; <a href=\"https:\/\/www.aphyllanthe.fr\/association\/retour-sur-la-visite-de-lusine-perrier\/\" class=\"more-link\">Continuer la lecture de <span class=\"screen-reader-text\">Retour sur la visite de l&rsquo;usine Perrier\u00ae<\/span>  <span class=\"meta-nav\">&rarr;<\/span><\/a><\/p>\n","protected":false},"author":10,"featured_media":0,"comment_status":"closed","ping_status":"closed","sticky":false,"template":"","format":"standard","meta":{"footnotes":""},"categories":[3],"tags":[],"class_list":["post-18083","post","type-post","status-publish","format-standard","hentry","category-reportage"],"_links":{"self":[{"href":"https:\/\/www.aphyllanthe.fr\/association\/wp-json\/wp\/v2\/posts\/18083","targetHints":{"allow":["GET"]}}],"collection":[{"href":"https:\/\/www.aphyllanthe.fr\/association\/wp-json\/wp\/v2\/posts"}],"about":[{"href":"https:\/\/www.aphyllanthe.fr\/association\/wp-json\/wp\/v2\/types\/post"}],"author":[{"embeddable":true,"href":"https:\/\/www.aphyllanthe.fr\/association\/wp-json\/wp\/v2\/users\/10"}],"replies":[{"embeddable":true,"href":"https:\/\/www.aphyllanthe.fr\/association\/wp-json\/wp\/v2\/comments?post=18083"}],"version-history":[{"count":10,"href":"https:\/\/www.aphyllanthe.fr\/association\/wp-json\/wp\/v2\/posts\/18083\/revisions"}],"predecessor-version":[{"id":18108,"href":"https:\/\/www.aphyllanthe.fr\/association\/wp-json\/wp\/v2\/posts\/18083\/revisions\/18108"}],"wp:attachment":[{"href":"https:\/\/www.aphyllanthe.fr\/association\/wp-json\/wp\/v2\/media?parent=18083"}],"wp:term":[{"taxonomy":"category","embeddable":true,"href":"https:\/\/www.aphyllanthe.fr\/association\/wp-json\/wp\/v2\/categories?post=18083"},{"taxonomy":"post_tag","embeddable":true,"href":"https:\/\/www.aphyllanthe.fr\/association\/wp-json\/wp\/v2\/tags?post=18083"}],"curies":[{"name":"wp","href":"https:\/\/api.w.org\/{rel}","templated":true}]}}