{"id":18093,"date":"2023-01-27T09:42:18","date_gmt":"2023-01-27T08:42:18","guid":{"rendered":"https:\/\/www.aphyllanthe.fr\/association\/?p=18093"},"modified":"2023-02-17T11:17:05","modified_gmt":"2023-02-17T10:17:05","slug":"cuisine-partagee-les-recettes-2022","status":"publish","type":"post","link":"https:\/\/www.aphyllanthe.fr\/association\/cuisine-partagee-les-recettes-2022\/","title":{"rendered":"Cuisine partag\u00e9e, les recettes 2022"},"content":{"rendered":"\n<p>L&rsquo;ann\u00e9e derni\u00e8re, un groupe de cuisine partag\u00e9e s&rsquo;est constitu\u00e9 au sein de l&rsquo;Aphyllanthe.<br \/>Tout au long de l&rsquo;ann\u00e9e, les participants se sont r\u00e9unis r\u00e9guli\u00e8rement chez l&rsquo;un ou chez l&rsquo;autre pour \u00e9laborer ensemble un repas.<br \/>Aujourd&rsquo;hui, ils restituent les recettes pr\u00e9par\u00e9es en commun sous la forme d&rsquo;un petit livret tout en couleur, qui met vraiment l&rsquo;eau \u00e0 la bouche. Il est disponible \u00e0 la biblioth\u00e8que et \u00e9ditable sur demande.<br \/>De quoi susciter des vocations et donner envie de constituer un second groupe cette ann\u00e9e.<br \/>V\u00e9g\u00e9tariens et\/ou v\u00e9gans venez nous faire partager vos recettes !<\/p>\n\n\n\n<div class=\"wp-block-columns is-layout-flex wp-container-core-columns-is-layout-9d6595d7 wp-block-columns-is-layout-flex\">\n<div class=\"wp-block-column is-layout-flow wp-block-column-is-layout-flow\">\n<p class=\"has-text-align-center\">Pour voir le livret<br \/>au format num\u00e9rique<br \/><strong><a href=\"https:\/\/www.aphyllanthe.fr\/association\/pdf\/livret-cuisine-partagee-2021-2022.pdf\" target=\"_blank\" rel=\"noreferrer noopener\">cliquez ici<\/a><\/strong><\/p>\n<\/div>\n\n\n\n<div class=\"wp-block-column is-layout-flow wp-block-column-is-layout-flow\">\n<figure class=\"wp-block-image size-full\"><a href=\"https:\/\/www.aphyllanthe.fr\/association\/wp-content\/uploads\/2023\/01\/CUISINE-LIVRET.webp\"><img loading=\"lazy\" decoding=\"async\" width=\"609\" height=\"849\" src=\"https:\/\/www.aphyllanthe.fr\/association\/wp-content\/uploads\/2023\/01\/CUISINE-LIVRET.webp\" alt=\"\" class=\"wp-image-18111\" srcset=\"https:\/\/www.aphyllanthe.fr\/association\/wp-content\/uploads\/2023\/01\/CUISINE-LIVRET.webp 609w, https:\/\/www.aphyllanthe.fr\/association\/wp-content\/uploads\/2023\/01\/CUISINE-LIVRET-215x300.webp 215w\" sizes=\"auto, (max-width: 609px) 100vw, 609px\" \/><\/a><\/figure>\n<\/div>\n<\/div>\n","protected":false},"excerpt":{"rendered":"<p>L&rsquo;ann\u00e9e derni\u00e8re, un groupe de cuisine partag\u00e9e s&rsquo;est constitu\u00e9 au sein de l&rsquo;Aphyllanthe.Tout au long de l&rsquo;ann\u00e9e, les participants se sont r\u00e9unis r\u00e9guli\u00e8rement chez l&rsquo;un ou chez l&rsquo;autre pour \u00e9laborer ensemble un repas.Aujourd&rsquo;hui, ils restituent les recettes pr\u00e9par\u00e9es en commun sous la forme d&rsquo;un petit livret tout en couleur, qui met vraiment l&rsquo;eau \u00e0 la &hellip; <a href=\"https:\/\/www.aphyllanthe.fr\/association\/cuisine-partagee-les-recettes-2022\/\" class=\"more-link\">Continuer la lecture de <span class=\"screen-reader-text\">Cuisine partag\u00e9e, les recettes 2022<\/span>  <span class=\"meta-nav\">&rarr;<\/span><\/a><\/p>\n","protected":false},"author":10,"featured_media":18100,"comment_status":"closed","ping_status":"closed","sticky":false,"template":"","format":"standard","meta":{"footnotes":""},"categories":[71],"tags":[],"class_list":["post-18093","post","type-post","status-publish","format-standard","has-post-thumbnail","hentry","category-recette"],"_links":{"self":[{"href":"https:\/\/www.aphyllanthe.fr\/association\/wp-json\/wp\/v2\/posts\/18093","targetHints":{"allow":["GET"]}}],"collection":[{"href":"https:\/\/www.aphyllanthe.fr\/association\/wp-json\/wp\/v2\/posts"}],"about":[{"href":"https:\/\/www.aphyllanthe.fr\/association\/wp-json\/wp\/v2\/types\/post"}],"author":[{"embeddable":true,"href":"https:\/\/www.aphyllanthe.fr\/association\/wp-json\/wp\/v2\/users\/10"}],"replies":[{"embeddable":true,"href":"https:\/\/www.aphyllanthe.fr\/association\/wp-json\/wp\/v2\/comments?post=18093"}],"version-history":[{"count":11,"href":"https:\/\/www.aphyllanthe.fr\/association\/wp-json\/wp\/v2\/posts\/18093\/revisions"}],"predecessor-version":[{"id":18113,"href":"https:\/\/www.aphyllanthe.fr\/association\/wp-json\/wp\/v2\/posts\/18093\/revisions\/18113"}],"wp:featuredmedia":[{"embeddable":true,"href":"https:\/\/www.aphyllanthe.fr\/association\/wp-json\/wp\/v2\/media\/18100"}],"wp:attachment":[{"href":"https:\/\/www.aphyllanthe.fr\/association\/wp-json\/wp\/v2\/media?parent=18093"}],"wp:term":[{"taxonomy":"category","embeddable":true,"href":"https:\/\/www.aphyllanthe.fr\/association\/wp-json\/wp\/v2\/categories?post=18093"},{"taxonomy":"post_tag","embeddable":true,"href":"https:\/\/www.aphyllanthe.fr\/association\/wp-json\/wp\/v2\/tags?post=18093"}],"curies":[{"name":"wp","href":"https:\/\/api.w.org\/{rel}","templated":true}]}}