{"id":18408,"date":"2023-03-31T09:54:32","date_gmt":"2023-03-31T08:54:32","guid":{"rendered":"https:\/\/www.aphyllanthe.fr\/association\/?p=18408"},"modified":"2023-05-09T10:14:28","modified_gmt":"2023-05-09T09:14:28","slug":"passionnant-musee-du-scribe","status":"publish","type":"post","link":"https:\/\/www.aphyllanthe.fr\/association\/passionnant-musee-du-scribe\/","title":{"rendered":"Passionnant Mus\u00e9e du scribe !"},"content":{"rendered":"\n<p class=\"has-text-color has-background\" style=\"color:#edd767;background-color:#25308e\">Dimanche 26 mars, l&rsquo;Aphyllanthe a emmen\u00e9 une petite troupe d&rsquo;adh\u00e9rents visiter le Mus\u00e9e du Scribe de St. Christol-lez-Al\u00e8s.<br \/><br \/>Lynda nous en fait un compte-rendu enthousiaste mais non exhaustif.<\/p>\n\n\n\n<p><em>Le visite au Mus\u00e9e du Scribe a \u00e9t\u00e9 pl\u00e9biscit\u00e9e par tous les participants :  le propri\u00e9taire et grand collectionneur, Jean-Louis Bonnefille, est un homme passionn\u00e9 (et donc passionnant) par tout ce qui est support d\u2019\u00e9criture. Il a commenc\u00e9 sa collection voil\u00e0 plus de 50 ans et poss\u00e8de un grand nombre de pi\u00e8ces rares et de grand int\u00e9r\u00eat. Son mus\u00e9e est unique et renomm\u00e9 dans le monde entier pour sa qualit\u00e9 et la diversit\u00e9.<\/em><\/p>\n\n\n\n<div class=\"wp-block-columns is-layout-flex wp-container-core-columns-is-layout-9d6595d7 wp-block-columns-is-layout-flex\">\n<div class=\"wp-block-column is-layout-flow wp-block-column-is-layout-flow\" style=\"flex-basis:66.66%\">\n<p class=\"has-text-align-left\"><em>Nous avons pu observer la beaut\u00e9 des mat\u00e9riels d&rsquo;\u00e9criture et de calligraphie, la grande collection de plumes (pas moins de 6000 !), mais \u00e9galement la reconstitution compl\u00e8te d&rsquo;une salle de classe du d\u00e9but du si\u00e8cle dernier.<br \/>Il y avait tellement d\u2019objets dont nous ne connaissions pas l\u2019existence !<\/em><\/p>\n\n\n\n<figure class=\"wp-block-image size-full\"><a href=\"https:\/\/www.aphyllanthe.fr\/association\/wp-content\/uploads\/2023\/03\/TEXTE-PALI.webp\"><img loading=\"lazy\" decoding=\"async\" width=\"292\" height=\"77\" src=\"https:\/\/www.aphyllanthe.fr\/association\/wp-content\/uploads\/2023\/03\/TEXTE-PALI.webp\" alt=\"\" class=\"wp-image-18429\"\/><\/a><figcaption class=\"wp-element-caption\">Texte bouddhique en langue p\u0101lie grav\u00e9 sur plaque<\/figcaption><\/figure>\n<\/div>\n\n\n\n<div class=\"wp-block-column is-layout-flow wp-block-column-is-layout-flow\" style=\"flex-basis:33.33%\">\n<figure class=\"wp-block-image size-full\"><a href=\"https:\/\/www.aphyllanthe.fr\/association\/wp-content\/uploads\/2023\/03\/SCRIBE-AFFICHE.webp\"><img loading=\"lazy\" decoding=\"async\" width=\"418\" height=\"555\" src=\"https:\/\/www.aphyllanthe.fr\/association\/wp-content\/uploads\/2023\/03\/SCRIBE-AFFICHE.webp\" alt=\"\" class=\"wp-image-18423\" srcset=\"https:\/\/www.aphyllanthe.fr\/association\/wp-content\/uploads\/2023\/03\/SCRIBE-AFFICHE.webp 418w, https:\/\/www.aphyllanthe.fr\/association\/wp-content\/uploads\/2023\/03\/SCRIBE-AFFICHE-226x300.webp 226w\" sizes=\"auto, (max-width: 418px) 100vw, 418px\" \/><\/a><\/figure>\n<\/div>\n<\/div>\n\n\n\n<p><em>Cerise sur le g\u00e2teau, Jean-Louis Bonnefille nous a enchant\u00e9 avec ses explications compl\u00e9mentaires et ses histoires. Voil\u00e0 l&rsquo;avantage d&rsquo;\u00eatre en petit groupe&#8230;<\/em><\/p>\n\n\n\n<p><em>Ce fut une belle apr\u00e8s midi de d\u00e9couvertes pour les participants de tous \u00e2ges, qui s&rsquo;est termin\u00e9e avec une d\u00e9monstration de calligraphie. La visite, qui \u00e9tait pr\u00e9vue d&rsquo;1h30 a dur\u00e9 plus de 2 heures, et nous n&rsquo;avons pas vu le temps passer.<\/em><\/p>\n\n\n\n<figure class=\"wp-block-gallery has-nested-images columns-default is-cropped wp-block-gallery-2 is-layout-flex wp-block-gallery-is-layout-flex\">\n<figure class=\"wp-block-image size-large\"><a href=\"https:\/\/www.aphyllanthe.fr\/association\/wp-content\/uploads\/2023\/03\/ENCRIER-1.webp\"><img loading=\"lazy\" decoding=\"async\" width=\"520\" height=\"426\" data-id=\"18419\" src=\"https:\/\/www.aphyllanthe.fr\/association\/wp-content\/uploads\/2023\/03\/ENCRIER-1.webp\" alt=\"\" class=\"wp-image-18419\" srcset=\"https:\/\/www.aphyllanthe.fr\/association\/wp-content\/uploads\/2023\/03\/ENCRIER-1.webp 520w, https:\/\/www.aphyllanthe.fr\/association\/wp-content\/uploads\/2023\/03\/ENCRIER-1-300x246.webp 300w\" sizes=\"auto, (max-width: 520px) 100vw, 520px\" \/><\/a><figcaption class=\"wp-element-caption\">Encrier<\/figcaption><\/figure>\n\n\n\n<figure class=\"wp-block-image size-large\"><a href=\"https:\/\/www.aphyllanthe.fr\/association\/wp-content\/uploads\/2023\/03\/ENCRIER-2.webp\"><img loading=\"lazy\" decoding=\"async\" width=\"528\" height=\"403\" data-id=\"18420\" src=\"https:\/\/www.aphyllanthe.fr\/association\/wp-content\/uploads\/2023\/03\/ENCRIER-2.webp\" alt=\"\" class=\"wp-image-18420\" srcset=\"https:\/\/www.aphyllanthe.fr\/association\/wp-content\/uploads\/2023\/03\/ENCRIER-2.webp 528w, https:\/\/www.aphyllanthe.fr\/association\/wp-content\/uploads\/2023\/03\/ENCRIER-2-300x229.webp 300w\" sizes=\"auto, (max-width: 528px) 100vw, 528px\" \/><\/a><figcaption class=\"wp-element-caption\">Encrier<\/figcaption><\/figure>\n\n\n\n<figure class=\"wp-block-image size-large\"><a href=\"https:\/\/www.aphyllanthe.fr\/association\/wp-content\/uploads\/2023\/03\/EXPLICATIONS.webp\"><img loading=\"lazy\" decoding=\"async\" width=\"640\" height=\"426\" data-id=\"18422\" src=\"https:\/\/www.aphyllanthe.fr\/association\/wp-content\/uploads\/2023\/03\/EXPLICATIONS.webp\" alt=\"\" class=\"wp-image-18422\" srcset=\"https:\/\/www.aphyllanthe.fr\/association\/wp-content\/uploads\/2023\/03\/EXPLICATIONS.webp 640w, https:\/\/www.aphyllanthe.fr\/association\/wp-content\/uploads\/2023\/03\/EXPLICATIONS-300x200.webp 300w\" sizes=\"auto, (max-width: 640px) 100vw, 640px\" \/><\/a><figcaption class=\"wp-element-caption\">Des explications savantes et passionn\u00e9es<\/figcaption><\/figure>\n\n\n\n<figure class=\"wp-block-image size-large\"><a href=\"https:\/\/www.aphyllanthe.fr\/association\/wp-content\/uploads\/2023\/03\/SCRIBE-GROUPE.webp\"><img loading=\"lazy\" decoding=\"async\" width=\"640\" height=\"426\" data-id=\"18421\" src=\"https:\/\/www.aphyllanthe.fr\/association\/wp-content\/uploads\/2023\/03\/SCRIBE-GROUPE.webp\" alt=\"\" class=\"wp-image-18421\" srcset=\"https:\/\/www.aphyllanthe.fr\/association\/wp-content\/uploads\/2023\/03\/SCRIBE-GROUPE.webp 640w, https:\/\/www.aphyllanthe.fr\/association\/wp-content\/uploads\/2023\/03\/SCRIBE-GROUPE-300x200.webp 300w\" sizes=\"auto, (max-width: 640px) 100vw, 640px\" \/><\/a><figcaption class=\"wp-element-caption\"><mark style=\"background-color:#fff\" class=\"has-inline-color has-dark-gray-color\">Un groupe enchant\u00e9 de sa visite !<\/mark><\/figcaption><\/figure>\n<\/figure>\n","protected":false},"excerpt":{"rendered":"<p>Dimanche 26 mars, l&rsquo;Aphyllanthe a emmen\u00e9 une petite troupe d&rsquo;adh\u00e9rents visiter le Mus\u00e9e du Scribe de St. Christol-lez-Al\u00e8s. Lynda nous en fait un compte-rendu enthousiaste mais non exhaustif. Le visite au Mus\u00e9e du Scribe a \u00e9t\u00e9 pl\u00e9biscit\u00e9e par tous les participants : le propri\u00e9taire et grand collectionneur, Jean-Louis Bonnefille, est un homme passionn\u00e9 (et donc &hellip; <a href=\"https:\/\/www.aphyllanthe.fr\/association\/passionnant-musee-du-scribe\/\" class=\"more-link\">Continuer la lecture de <span class=\"screen-reader-text\">Passionnant Mus\u00e9e du scribe !<\/span>  <span class=\"meta-nav\">&rarr;<\/span><\/a><\/p>\n","protected":false},"author":10,"featured_media":18418,"comment_status":"closed","ping_status":"closed","sticky":false,"template":"","format":"standard","meta":{"footnotes":""},"categories":[3],"tags":[],"class_list":["post-18408","post","type-post","status-publish","format-standard","has-post-thumbnail","hentry","category-reportage"],"_links":{"self":[{"href":"https:\/\/www.aphyllanthe.fr\/association\/wp-json\/wp\/v2\/posts\/18408","targetHints":{"allow":["GET"]}}],"collection":[{"href":"https:\/\/www.aphyllanthe.fr\/association\/wp-json\/wp\/v2\/posts"}],"about":[{"href":"https:\/\/www.aphyllanthe.fr\/association\/wp-json\/wp\/v2\/types\/post"}],"author":[{"embeddable":true,"href":"https:\/\/www.aphyllanthe.fr\/association\/wp-json\/wp\/v2\/users\/10"}],"replies":[{"embeddable":true,"href":"https:\/\/www.aphyllanthe.fr\/association\/wp-json\/wp\/v2\/comments?post=18408"}],"version-history":[{"count":12,"href":"https:\/\/www.aphyllanthe.fr\/association\/wp-json\/wp\/v2\/posts\/18408\/revisions"}],"predecessor-version":[{"id":18433,"href":"https:\/\/www.aphyllanthe.fr\/association\/wp-json\/wp\/v2\/posts\/18408\/revisions\/18433"}],"wp:featuredmedia":[{"embeddable":true,"href":"https:\/\/www.aphyllanthe.fr\/association\/wp-json\/wp\/v2\/media\/18418"}],"wp:attachment":[{"href":"https:\/\/www.aphyllanthe.fr\/association\/wp-json\/wp\/v2\/media?parent=18408"}],"wp:term":[{"taxonomy":"category","embeddable":true,"href":"https:\/\/www.aphyllanthe.fr\/association\/wp-json\/wp\/v2\/categories?post=18408"},{"taxonomy":"post_tag","embeddable":true,"href":"https:\/\/www.aphyllanthe.fr\/association\/wp-json\/wp\/v2\/tags?post=18408"}],"curies":[{"name":"wp","href":"https:\/\/api.w.org\/{rel}","templated":true}]}}