{"id":18561,"date":"2023-04-27T14:17:29","date_gmt":"2023-04-27T13:17:29","guid":{"rendered":"https:\/\/www.aphyllanthe.fr\/association\/?p=18561"},"modified":"2023-05-09T10:08:36","modified_gmt":"2023-05-09T09:08:36","slug":"seance-du-cine-des-possibles-le-4-mai","status":"publish","type":"post","link":"https:\/\/www.aphyllanthe.fr\/association\/seance-du-cine-des-possibles-le-4-mai\/","title":{"rendered":"S\u00e9ance du Cin\u00e9 des possibles le 4 mai"},"content":{"rendered":"\n<p class=\"has-text-color has-background\" style=\"color:#17657d;background-color:#ffdede\">L&rsquo;Aphyllanthe propose une nouvelle s\u00e9ance du Cin\u00e9 des possibles j<strong>eudi 4 mai \u00e0 20h30<\/strong> au cin\u00e9ma Le capitole d&rsquo;Uz\u00e8s, avec le film <em>\u00catres en transition<\/em>. Le film sera suivi d&rsquo;un d\u00e9bat en pr\u00e9sence du r\u00e9alisateur, Fran\u00e7ois Stuck. La soir\u00e9e est organis\u00e9e par l&rsquo;<em>association des Amis du Parc Naturel R\u00e9gional des Garrigues<\/em> et l&rsquo;<em>association l&rsquo;Uz\u00e8ge<\/em>.<\/p>\n\n\n\n<h6 class=\"wp-block-heading\">Synopsis<\/h6>\n\n\n\n<p>Ce documentaire est une rencontre avec ceux qui montrent, par leurs analyses et leurs initiatives, qu\u2019il est possible d\u2019entrer en transition et de prendre en compte la dimension environnementale, dans notre quotidien aussi bien que dans nos activit\u00e9s \u00e9conomiques, pour engager la transition vers une soci\u00e9t\u00e9 durable et apporter des r\u00e9ponses concr\u00e8tes \u00e0 l\u2019\u00e9rosion de la biodiversit\u00e9.<\/p>\n\n\n\n<figure class=\"wp-block-embed is-type-video is-provider-youtube wp-block-embed-youtube wp-embed-aspect-16-9 wp-has-aspect-ratio\"><div class=\"wp-block-embed__wrapper\">\n<iframe loading=\"lazy\" title=\"\u00catres en transition, la biodiversit\u00e9 au coeur de l&#039;action - Humanit\u00e9 et Biodiversit\u00e9\" width=\"474\" height=\"267\" src=\"https:\/\/www.youtube.com\/embed\/4NCp8KrDFmI?feature=oembed\" frameborder=\"0\" allow=\"accelerometer; autoplay; clipboard-write; encrypted-media; gyroscope; picture-in-picture; web-share\" referrerpolicy=\"strict-origin-when-cross-origin\" allowfullscreen><\/iframe>\n<\/div><\/figure>\n\n\n\n<p>En pr\u00e9alable au d\u00e9bat, une projection de la vid\u00e9o r\u00e9cemment r\u00e9alis\u00e9e sur le projet de PNR des garrigues sera faite.<\/p>\n\n\n\n<h6 class=\"wp-block-heading\">Tarifs<\/h6>\n\n\n\n<figure class=\"wp-block-table aligncenter is-style-regular\"><table><tbody><tr><td class=\"has-text-align-center\" data-align=\"center\"><\/td><td class=\"has-text-align-center\" data-align=\"center\"><strong>Adultes<\/strong><\/td><td class=\"has-text-align-center\" data-align=\"center\"><strong>&#8211; 18 ans<\/strong><\/td><\/tr><tr><td class=\"has-text-align-center\" data-align=\"center\">Adh\u00e9rents<\/td><td class=\"has-text-align-center\" data-align=\"center\">3 \u20ac<\/td><td class=\"has-text-align-center\" data-align=\"center\">offert<\/td><\/tr><tr><td class=\"has-text-align-center\" data-align=\"center\">Non adh\u00e9rents<\/td><td class=\"has-text-align-center\" data-align=\"center\">6 \u20ac<\/td><td class=\"has-text-align-center\" data-align=\"center\">6 \u20ac<\/td><\/tr><\/tbody><\/table><\/figure>\n","protected":false},"excerpt":{"rendered":"<p>L&rsquo;Aphyllanthe propose une nouvelle s\u00e9ance du Cin\u00e9 des possibles jeudi 4 mai \u00e0 20h30 au cin\u00e9ma Le capitole d&rsquo;Uz\u00e8s, avec le film \u00catres en transition. Le film sera suivi d&rsquo;un d\u00e9bat en pr\u00e9sence du r\u00e9alisateur, Fran\u00e7ois Stuck. La soir\u00e9e est organis\u00e9e par l&rsquo;association des Amis du Parc Naturel R\u00e9gional des Garrigues et l&rsquo;association l&rsquo;Uz\u00e8ge. Synopsis &hellip; <a href=\"https:\/\/www.aphyllanthe.fr\/association\/seance-du-cine-des-possibles-le-4-mai\/\" class=\"more-link\">Continuer la lecture de <span class=\"screen-reader-text\">S\u00e9ance du Cin\u00e9 des possibles le 4 mai<\/span>  <span class=\"meta-nav\">&rarr;<\/span><\/a><\/p>\n","protected":false},"author":10,"featured_media":18563,"comment_status":"closed","ping_status":"closed","sticky":false,"template":"","format":"standard","meta":{"footnotes":""},"categories":[4],"tags":[],"class_list":["post-18561","post","type-post","status-publish","format-standard","has-post-thumbnail","hentry","category-annonce"],"_links":{"self":[{"href":"https:\/\/www.aphyllanthe.fr\/association\/wp-json\/wp\/v2\/posts\/18561","targetHints":{"allow":["GET"]}}],"collection":[{"href":"https:\/\/www.aphyllanthe.fr\/association\/wp-json\/wp\/v2\/posts"}],"about":[{"href":"https:\/\/www.aphyllanthe.fr\/association\/wp-json\/wp\/v2\/types\/post"}],"author":[{"embeddable":true,"href":"https:\/\/www.aphyllanthe.fr\/association\/wp-json\/wp\/v2\/users\/10"}],"replies":[{"embeddable":true,"href":"https:\/\/www.aphyllanthe.fr\/association\/wp-json\/wp\/v2\/comments?post=18561"}],"version-history":[{"count":11,"href":"https:\/\/www.aphyllanthe.fr\/association\/wp-json\/wp\/v2\/posts\/18561\/revisions"}],"predecessor-version":[{"id":18587,"href":"https:\/\/www.aphyllanthe.fr\/association\/wp-json\/wp\/v2\/posts\/18561\/revisions\/18587"}],"wp:featuredmedia":[{"embeddable":true,"href":"https:\/\/www.aphyllanthe.fr\/association\/wp-json\/wp\/v2\/media\/18563"}],"wp:attachment":[{"href":"https:\/\/www.aphyllanthe.fr\/association\/wp-json\/wp\/v2\/media?parent=18561"}],"wp:term":[{"taxonomy":"category","embeddable":true,"href":"https:\/\/www.aphyllanthe.fr\/association\/wp-json\/wp\/v2\/categories?post=18561"},{"taxonomy":"post_tag","embeddable":true,"href":"https:\/\/www.aphyllanthe.fr\/association\/wp-json\/wp\/v2\/tags?post=18561"}],"curies":[{"name":"wp","href":"https:\/\/api.w.org\/{rel}","templated":true}]}}