{"id":19227,"date":"2023-08-20T17:56:11","date_gmt":"2023-08-20T16:56:11","guid":{"rendered":"https:\/\/www.aphyllanthe.fr\/association\/?p=19227"},"modified":"2023-08-20T18:00:05","modified_gmt":"2023-08-20T17:00:05","slug":"bientot-la-rentree-2","status":"publish","type":"post","link":"https:\/\/www.aphyllanthe.fr\/association\/bientot-la-rentree-2\/","title":{"rendered":"Bient\u00f4t la rentr\u00e9e"},"content":{"rendered":"\n<h4 class=\"wp-block-heading has-light-gray-color has-text-color has-background\" style=\"background-color:#de59a2\"><strong>Oui !  c&rsquo;est pour  bient\u00f4t !  Malgr\u00e9 la canicule de la seconde moiti\u00e9 de ce mois d&rsquo;ao\u00fbt, l&rsquo;association est \u00e0 l\u2019\u0153uvre.  <\/strong><\/h4>\n\n\n\n<h3 class=\"wp-block-heading\">Trois  dates \u00e0 mettre dans votre calendrier.  <\/h3>\n\n\n\n<h5 class=\"wp-block-heading has-light-gray-color has-text-color has-background\" style=\"background-color:#0a7585\">Le 2 septembre : journ\u00e9e des inscriptions \u00e0 la  biblioth\u00e8que d&rsquo;Aigaliers. <\/h5>\n\n\n\n<h5 class=\"wp-block-heading has-light-gray-color has-text-color has-background\" style=\"background-color:#0a7585\">Le 9 septembre : le Forum des associations locales \u00e0 Foissac. <\/h5>\n\n\n\n<h5 class=\"wp-block-heading has-light-gray-color has-text-color has-background\" style=\"background-color:#0a7585\">le 18 septembre : reprise des activit\u00e9s hebdomadaires. <\/h5>\n","protected":false},"excerpt":{"rendered":"<p>Oui ! c&rsquo;est pour bient\u00f4t ! Malgr\u00e9 la canicule de la seconde moiti\u00e9 de ce mois d&rsquo;ao\u00fbt, l&rsquo;association est \u00e0 l\u2019\u0153uvre. Trois dates \u00e0 mettre dans votre calendrier. Le 2 septembre : journ\u00e9e des inscriptions \u00e0 la biblioth\u00e8que d&rsquo;Aigaliers. Le 9 septembre : le Forum des associations locales \u00e0 Foissac. le 18 septembre : reprise &hellip; <a href=\"https:\/\/www.aphyllanthe.fr\/association\/bientot-la-rentree-2\/\" class=\"more-link\">Continuer la lecture de <span class=\"screen-reader-text\">Bient\u00f4t la rentr\u00e9e<\/span>  <span class=\"meta-nav\">&rarr;<\/span><\/a><\/p>\n","protected":false},"author":1,"featured_media":0,"comment_status":"closed","ping_status":"closed","sticky":false,"template":"","format":"standard","meta":{"footnotes":""},"categories":[4],"tags":[],"class_list":["post-19227","post","type-post","status-publish","format-standard","hentry","category-annonce"],"_links":{"self":[{"href":"https:\/\/www.aphyllanthe.fr\/association\/wp-json\/wp\/v2\/posts\/19227","targetHints":{"allow":["GET"]}}],"collection":[{"href":"https:\/\/www.aphyllanthe.fr\/association\/wp-json\/wp\/v2\/posts"}],"about":[{"href":"https:\/\/www.aphyllanthe.fr\/association\/wp-json\/wp\/v2\/types\/post"}],"author":[{"embeddable":true,"href":"https:\/\/www.aphyllanthe.fr\/association\/wp-json\/wp\/v2\/users\/1"}],"replies":[{"embeddable":true,"href":"https:\/\/www.aphyllanthe.fr\/association\/wp-json\/wp\/v2\/comments?post=19227"}],"version-history":[{"count":4,"href":"https:\/\/www.aphyllanthe.fr\/association\/wp-json\/wp\/v2\/posts\/19227\/revisions"}],"predecessor-version":[{"id":19233,"href":"https:\/\/www.aphyllanthe.fr\/association\/wp-json\/wp\/v2\/posts\/19227\/revisions\/19233"}],"wp:attachment":[{"href":"https:\/\/www.aphyllanthe.fr\/association\/wp-json\/wp\/v2\/media?parent=19227"}],"wp:term":[{"taxonomy":"category","embeddable":true,"href":"https:\/\/www.aphyllanthe.fr\/association\/wp-json\/wp\/v2\/categories?post=19227"},{"taxonomy":"post_tag","embeddable":true,"href":"https:\/\/www.aphyllanthe.fr\/association\/wp-json\/wp\/v2\/tags?post=19227"}],"curies":[{"name":"wp","href":"https:\/\/api.w.org\/{rel}","templated":true}]}}