{"id":19238,"date":"2023-08-23T16:46:07","date_gmt":"2023-08-23T15:46:07","guid":{"rendered":"https:\/\/www.aphyllanthe.fr\/association\/?p=19238"},"modified":"2023-09-07T13:01:35","modified_gmt":"2023-09-07T12:01:35","slug":"journee-des-inscriptions-a-laphyllanthe","status":"publish","type":"post","link":"https:\/\/www.aphyllanthe.fr\/association\/journee-des-inscriptions-a-laphyllanthe\/","title":{"rendered":"Journ\u00e9e des inscriptions \u00e0 l&rsquo;Aphyllanthe"},"content":{"rendered":"\n<p class=\"has-white-color has-text-color has-background\" style=\"background-color:#3d3a3a\">Cette fois on y est, c&rsquo;est la rentr\u00e9e, en tout cas pour l&rsquo;Aphyllanthe qui a programm\u00e9 son apr\u00e8s-midi des inscriptions <strong>samedi 2 septembre de 16h \u00e0 19h.<\/strong><\/p>\n\n\n\n<p>Venez rencontrer les membres du CA, les animateurs et les autres adh\u00e9rents \u00e0 la biblioth\u00e8que d&rsquo;Aigaliers.  Pour conna\u00eetre tout ce que l&rsquo;association propose en ce dernier trimestre 2023, une seule direction : la <strong><a href=\"https:\/\/www.aphyllanthe.fr\/association\/pdf\/lettres\/lettre-09-2023.pdf\" target=\"_blank\" rel=\"noreferrer noopener\">Lettre <\/a><a href=\"https:\/\/www.aphyllanthe.fr\/association\/pdf\/lettres\/lettre-09-2023.pdf\">de l&rsquo;<\/a><a href=\"https:\/\/www.aphyllanthe.fr\/association\/pdf\/lettres\/lettre-09-2023.pdf\" target=\"_blank\" rel=\"noreferrer noopener\">Aphyllanthe<\/a><\/strong>, dont la version papier est en cours de distribution dans les villages d&rsquo;Aigaliers, Baron et Foissac.<\/p>\n\n\n\n<p><strong>A noter<\/strong> : \u00e0 18h et 18h30, Barbara Disesti fera 2 pr\u00e9sentations de <strong>Happy Yoga<\/strong>, une discipline que l&rsquo;Aphyllanthe voudrait proposer cette ann\u00e9e. Pour info : 280\u20ac\/an pour 28 cours d&rsquo;1h30 (tarif indicatif selon le nombre d&rsquo;inscrits) le mercredi ou le jeudi matin. Pr\u00e9inscription n\u00e9cessaire.<br \/>Voir le site de <a href=\"https:\/\/www.facebook.com\/people\/Mon-YOGA-avec-Barbara\/100049211143512\/\">Bar<\/a><a href=\"https:\/\/www.facebook.com\/people\/Mon-YOGA-avec-Barbara\/100049211143512\/\" target=\"_blank\" rel=\"noreferrer noopener\">bara ici<\/a>.<\/p>\n\n\n\n<p>Un pot de l&rsquo;amiti\u00e9 cl\u00f4turera l&rsquo;apr\u00e8s-midi.<\/p>\n\n\n\n<p>Au cas o\u00f9 vous ne pourriez pas vous d\u00e9placer, vous trouverez  la <strong><a href=\"https:\/\/www.aphyllanthe.fr\/association\/pdf\/Dossier-inscription-saison-2023-24.pdf\" target=\"_blank\" rel=\"noreferrer noopener\">fiche d&rsquo;inscription ici<\/a><\/strong>. Il suffit de la t\u00e9l\u00e9charger, de la compl\u00e9ter et de la renvoyer par mail apr\u00e8s l&rsquo;avoir sauvegard\u00e9e, ou de la d\u00e9poser dans la boite au lettres de l&rsquo;Aphyllanthe accompagn\u00e9e du r\u00e8glement.<\/p>\n\n\n\n<h2 class=\"wp-block-heading has-text-align-center has-white-color has-text-color has-background\" style=\"background-color:#3d3a3a\"><strong>Reprise des cours : semaine du 18 septembre<\/strong><\/h2>\n","protected":false},"excerpt":{"rendered":"<p>Cette fois on y est, c&rsquo;est la rentr\u00e9e, en tout cas pour l&rsquo;Aphyllanthe qui a programm\u00e9 son apr\u00e8s-midi des inscriptions samedi 2 septembre de 16h \u00e0 19h. Venez rencontrer les membres du CA, les animateurs et les autres adh\u00e9rents \u00e0 la biblioth\u00e8que d&rsquo;Aigaliers. Pour conna\u00eetre tout ce que l&rsquo;association propose en ce dernier trimestre 2023, &hellip; <a href=\"https:\/\/www.aphyllanthe.fr\/association\/journee-des-inscriptions-a-laphyllanthe\/\" class=\"more-link\">Continuer la lecture de <span class=\"screen-reader-text\">Journ\u00e9e des inscriptions \u00e0 l&rsquo;Aphyllanthe<\/span>  <span class=\"meta-nav\">&rarr;<\/span><\/a><\/p>\n","protected":false},"author":10,"featured_media":19248,"comment_status":"closed","ping_status":"closed","sticky":false,"template":"","format":"standard","meta":{"footnotes":""},"categories":[4],"tags":[],"class_list":["post-19238","post","type-post","status-publish","format-standard","has-post-thumbnail","hentry","category-annonce"],"_links":{"self":[{"href":"https:\/\/www.aphyllanthe.fr\/association\/wp-json\/wp\/v2\/posts\/19238","targetHints":{"allow":["GET"]}}],"collection":[{"href":"https:\/\/www.aphyllanthe.fr\/association\/wp-json\/wp\/v2\/posts"}],"about":[{"href":"https:\/\/www.aphyllanthe.fr\/association\/wp-json\/wp\/v2\/types\/post"}],"author":[{"embeddable":true,"href":"https:\/\/www.aphyllanthe.fr\/association\/wp-json\/wp\/v2\/users\/10"}],"replies":[{"embeddable":true,"href":"https:\/\/www.aphyllanthe.fr\/association\/wp-json\/wp\/v2\/comments?post=19238"}],"version-history":[{"count":16,"href":"https:\/\/www.aphyllanthe.fr\/association\/wp-json\/wp\/v2\/posts\/19238\/revisions"}],"predecessor-version":[{"id":19255,"href":"https:\/\/www.aphyllanthe.fr\/association\/wp-json\/wp\/v2\/posts\/19238\/revisions\/19255"}],"wp:featuredmedia":[{"embeddable":true,"href":"https:\/\/www.aphyllanthe.fr\/association\/wp-json\/wp\/v2\/media\/19248"}],"wp:attachment":[{"href":"https:\/\/www.aphyllanthe.fr\/association\/wp-json\/wp\/v2\/media?parent=19238"}],"wp:term":[{"taxonomy":"category","embeddable":true,"href":"https:\/\/www.aphyllanthe.fr\/association\/wp-json\/wp\/v2\/categories?post=19238"},{"taxonomy":"post_tag","embeddable":true,"href":"https:\/\/www.aphyllanthe.fr\/association\/wp-json\/wp\/v2\/tags?post=19238"}],"curies":[{"name":"wp","href":"https:\/\/api.w.org\/{rel}","templated":true}]}}