{"id":19404,"date":"2023-09-07T13:04:32","date_gmt":"2023-09-07T12:04:32","guid":{"rendered":"https:\/\/www.aphyllanthe.fr\/association\/?p=19404"},"modified":"2023-11-08T14:15:22","modified_gmt":"2023-11-08T13:15:22","slug":"cycle-botanique-saison-2023-2024","status":"publish","type":"post","link":"https:\/\/www.aphyllanthe.fr\/association\/cycle-botanique-saison-2023-2024\/","title":{"rendered":"Cycle botanique, saison 2023-2024"},"content":{"rendered":"\n<p class=\"has-white-color has-text-color has-background\" style=\"background-color:#b231b2\">L\u2019Aphyllanthe continue sa proposition de cycle botanique dans un format plus l\u00e9ger cette saison. En effet, ce seront 3 sorties terrain uniquement qui seront men\u00e9es et anim\u00e9es par St\u00e9phanie Alexandre-Henry, sp\u00e9cialiste des plantes m\u00e9dicinales.<\/p>\n\n\n\n<p>Ces animations s\u2019adressent aux amoureux de la nature qui veulent explorer notre environnement naturel local privil\u00e9gi\u00e9.<\/p>\n\n\n\n<p>Venez d\u00e9couvrir les plantes de la garrigue sauvage, apprendre \u00e0 reconna\u00eetre quelques plantes m\u00e9dicinales ou toxiques et aiguiser votre curiosit\u00e9 en d\u00e9couvrant les \u00e9tonnants stratag\u00e8mes de la flore pour se d\u00e9velopper et s\u2019adapter \u00e0 son milieu.<\/p>\n\n\n\n<figure class=\"wp-block-gallery has-nested-images columns-default is-cropped wp-block-gallery-2 is-layout-flex wp-block-gallery-is-layout-flex\">\n<figure class=\"wp-block-image size-large\"><a href=\"https:\/\/www.aphyllanthe.fr\/association\/wp-content\/uploads\/2022\/02\/ORNITHOGALE.webp\"><img loading=\"lazy\" decoding=\"async\" width=\"293\" height=\"267\" data-id=\"15916\" src=\"https:\/\/www.aphyllanthe.fr\/association\/wp-content\/uploads\/2022\/02\/ORNITHOGALE.webp\" alt=\"\" class=\"wp-image-15916\"\/><\/a><figcaption class=\"wp-element-caption\">Ornithogale<\/figcaption><\/figure>\n\n\n\n<figure class=\"wp-block-image size-large\"><a href=\"https:\/\/www.aphyllanthe.fr\/association\/wp-content\/uploads\/2022\/02\/IRIS-NAIN.webp\"><img loading=\"lazy\" decoding=\"async\" width=\"254\" height=\"262\" data-id=\"15914\" src=\"https:\/\/www.aphyllanthe.fr\/association\/wp-content\/uploads\/2022\/02\/IRIS-NAIN.webp\" alt=\"\" class=\"wp-image-15914\"\/><\/a><figcaption class=\"wp-element-caption\">Iris nain<\/figcaption><\/figure>\n\n\n\n<figure class=\"wp-block-image size-large\"><a href=\"https:\/\/www.aphyllanthe.fr\/association\/wp-content\/uploads\/2022\/02\/OPHRYS-JAUNE.webp\"><img loading=\"lazy\" decoding=\"async\" width=\"222\" height=\"263\" data-id=\"15915\" src=\"https:\/\/www.aphyllanthe.fr\/association\/wp-content\/uploads\/2022\/02\/OPHRYS-JAUNE.webp\" alt=\"\" class=\"wp-image-15915\"\/><\/a><figcaption class=\"wp-element-caption\">Ophrys jaune<\/figcaption><\/figure>\n<\/figure>\n\n\n\n<h5 class=\"wp-block-heading\">Planning des sorties (compter environ 2 heures) :<\/h5>\n\n\n\n<ul class=\"wp-block-list\">\n<li><strong>samedi 14 octobre 14h<\/strong> :  les fruits de la garrigue <\/li>\n\n\n\n<li><strong>samedi 23 mars 2024 <\/strong> : th\u00e8me \u00e0 d\u00e9finir<\/li>\n\n\n\n<li><strong>samedi 27 avril  2024<\/strong> : th\u00e8me \u00e0 d\u00e9finir<\/li>\n<\/ul>\n\n\n\n<p>Les marches sont tr\u00e8s faciles (3 km max), et auront lieu dans les environs d\u2019Aigaliers.<br \/>Chaussures de marche l\u00e9g\u00e8re recommand\u00e9es et une petite bouteille d\u2019eau, voire un appareil photo et un carnet de notes.<\/p>\n\n\n\n<h5 class=\"wp-block-heading\">TARIFS ET CONDITIONS :<\/h5>\n\n\n\n<p>Adh\u00e9rents : 20 \u20ac<br \/>Non-adh\u00e9rents : 40 \u20ac<br \/>Tarifs valables pour le cycle complet, pas de remboursement en cas d\u2019absence \u00e0 l\u2019une des sessions.<br \/><strong>Attention, le nombre de places est limit\u00e9.<\/strong><\/p>\n\n\n\n<p class=\"has-text-align-center has-white-color has-text-color has-background\" style=\"background-color:#4c1b8c\">Inscription aupr\u00e8s du secr\u00e9tariat de l\u2019Aphyllanthe<br \/>T\u00e9l. : 04 66 22 10 20 \/ mail : aphyllanthe@orange.fr.<\/p>\n","protected":false},"excerpt":{"rendered":"<p>L\u2019Aphyllanthe continue sa proposition de cycle botanique dans un format plus l\u00e9ger cette saison. En effet, ce seront 3 sorties terrain uniquement qui seront men\u00e9es et anim\u00e9es par St\u00e9phanie Alexandre-Henry, sp\u00e9cialiste des plantes m\u00e9dicinales. Ces animations s\u2019adressent aux amoureux de la nature qui veulent explorer notre environnement naturel local privil\u00e9gi\u00e9. Venez d\u00e9couvrir les plantes de &hellip; <a href=\"https:\/\/www.aphyllanthe.fr\/association\/cycle-botanique-saison-2023-2024\/\" class=\"more-link\">Continuer la lecture de <span class=\"screen-reader-text\">Cycle botanique, saison 2023-2024<\/span>  <span class=\"meta-nav\">&rarr;<\/span><\/a><\/p>\n","protected":false},"author":10,"featured_media":15927,"comment_status":"closed","ping_status":"closed","sticky":false,"template":"","format":"standard","meta":{"footnotes":""},"categories":[4],"tags":[],"class_list":["post-19404","post","type-post","status-publish","format-standard","has-post-thumbnail","hentry","category-annonce"],"_links":{"self":[{"href":"https:\/\/www.aphyllanthe.fr\/association\/wp-json\/wp\/v2\/posts\/19404","targetHints":{"allow":["GET"]}}],"collection":[{"href":"https:\/\/www.aphyllanthe.fr\/association\/wp-json\/wp\/v2\/posts"}],"about":[{"href":"https:\/\/www.aphyllanthe.fr\/association\/wp-json\/wp\/v2\/types\/post"}],"author":[{"embeddable":true,"href":"https:\/\/www.aphyllanthe.fr\/association\/wp-json\/wp\/v2\/users\/10"}],"replies":[{"embeddable":true,"href":"https:\/\/www.aphyllanthe.fr\/association\/wp-json\/wp\/v2\/comments?post=19404"}],"version-history":[{"count":12,"href":"https:\/\/www.aphyllanthe.fr\/association\/wp-json\/wp\/v2\/posts\/19404\/revisions"}],"predecessor-version":[{"id":19457,"href":"https:\/\/www.aphyllanthe.fr\/association\/wp-json\/wp\/v2\/posts\/19404\/revisions\/19457"}],"wp:featuredmedia":[{"embeddable":true,"href":"https:\/\/www.aphyllanthe.fr\/association\/wp-json\/wp\/v2\/media\/15927"}],"wp:attachment":[{"href":"https:\/\/www.aphyllanthe.fr\/association\/wp-json\/wp\/v2\/media?parent=19404"}],"wp:term":[{"taxonomy":"category","embeddable":true,"href":"https:\/\/www.aphyllanthe.fr\/association\/wp-json\/wp\/v2\/categories?post=19404"},{"taxonomy":"post_tag","embeddable":true,"href":"https:\/\/www.aphyllanthe.fr\/association\/wp-json\/wp\/v2\/tags?post=19404"}],"curies":[{"name":"wp","href":"https:\/\/api.w.org\/{rel}","templated":true}]}}