{"id":19829,"date":"2023-12-18T16:19:17","date_gmt":"2023-12-18T15:19:17","guid":{"rendered":"https:\/\/www.aphyllanthe.fr\/association\/?p=19829"},"modified":"2024-01-04T11:00:26","modified_gmt":"2024-01-04T10:00:26","slug":"retour-sur-les-activites-du-1er-trimestre-de-la-saison","status":"publish","type":"post","link":"https:\/\/www.aphyllanthe.fr\/association\/retour-sur-les-activites-du-1er-trimestre-de-la-saison\/","title":{"rendered":"Retour sur les activit\u00e9s du 1er trimestre de la saison"},"content":{"rendered":"\n<h4 class=\"wp-block-heading has-blush-light-purple-gradient-background has-background\">Septembre<\/h4>\n\n\n\n<h5 class=\"wp-block-heading has-text-align-center\">Journ\u00e9e des inscriptions<\/h5>\n\n\n\n<figure class=\"wp-block-gallery has-nested-images columns-default is-cropped wp-block-gallery-2 is-layout-flex wp-block-gallery-is-layout-flex\">\n<figure class=\"wp-block-image size-large\"><a href=\"https:\/\/www.aphyllanthe.fr\/association\/wp-content\/uploads\/2023\/11\/2023-09-02-inscriptions-DSC08719m.webp\"><img loading=\"lazy\" decoding=\"async\" width=\"1024\" height=\"683\" data-id=\"20102\" src=\"https:\/\/www.aphyllanthe.fr\/association\/wp-content\/uploads\/2023\/11\/2023-09-02-inscriptions-DSC08719m-1024x683.webp\" alt=\"\" class=\"wp-image-20102\" srcset=\"https:\/\/www.aphyllanthe.fr\/association\/wp-content\/uploads\/2023\/11\/2023-09-02-inscriptions-DSC08719m-1024x683.webp 1024w, https:\/\/www.aphyllanthe.fr\/association\/wp-content\/uploads\/2023\/11\/2023-09-02-inscriptions-DSC08719m-300x200.webp 300w, https:\/\/www.aphyllanthe.fr\/association\/wp-content\/uploads\/2023\/11\/2023-09-02-inscriptions-DSC08719m-768x512.webp 768w, https:\/\/www.aphyllanthe.fr\/association\/wp-content\/uploads\/2023\/11\/2023-09-02-inscriptions-DSC08719m-1536x1024.webp 1536w, https:\/\/www.aphyllanthe.fr\/association\/wp-content\/uploads\/2023\/11\/2023-09-02-inscriptions-DSC08719m-1320x880.webp 1320w, https:\/\/www.aphyllanthe.fr\/association\/wp-content\/uploads\/2023\/11\/2023-09-02-inscriptions-DSC08719m.webp 1620w\" sizes=\"auto, (max-width: 1024px) 100vw, 1024px\" \/><\/a><figcaption class=\"wp-element-caption\"><strong>Premier rdv de la saison<\/strong><\/figcaption><\/figure>\n\n\n\n<figure class=\"wp-block-image size-large\"><a href=\"https:\/\/www.aphyllanthe.fr\/association\/wp-content\/uploads\/2023\/11\/2023-09-02-inscriptions-DSC08720m.webp\"><img loading=\"lazy\" decoding=\"async\" width=\"1024\" height=\"683\" data-id=\"20103\" src=\"https:\/\/www.aphyllanthe.fr\/association\/wp-content\/uploads\/2023\/11\/2023-09-02-inscriptions-DSC08720m-1024x683.webp\" alt=\"\" class=\"wp-image-20103\" srcset=\"https:\/\/www.aphyllanthe.fr\/association\/wp-content\/uploads\/2023\/11\/2023-09-02-inscriptions-DSC08720m-1024x683.webp 1024w, https:\/\/www.aphyllanthe.fr\/association\/wp-content\/uploads\/2023\/11\/2023-09-02-inscriptions-DSC08720m-300x200.webp 300w, https:\/\/www.aphyllanthe.fr\/association\/wp-content\/uploads\/2023\/11\/2023-09-02-inscriptions-DSC08720m-768x512.webp 768w, https:\/\/www.aphyllanthe.fr\/association\/wp-content\/uploads\/2023\/11\/2023-09-02-inscriptions-DSC08720m-1536x1024.webp 1536w, https:\/\/www.aphyllanthe.fr\/association\/wp-content\/uploads\/2023\/11\/2023-09-02-inscriptions-DSC08720m-1320x880.webp 1320w, https:\/\/www.aphyllanthe.fr\/association\/wp-content\/uploads\/2023\/11\/2023-09-02-inscriptions-DSC08720m.webp 1620w\" sizes=\"auto, (max-width: 1024px) 100vw, 1024px\" \/><\/a><figcaption class=\"wp-element-caption\"><strong>Le pot de l&rsquo;amiti\u00e9<\/strong><\/figcaption><\/figure>\n\n\n\n<figure class=\"wp-block-image size-large\"><a href=\"https:\/\/www.aphyllanthe.fr\/association\/wp-content\/uploads\/2023\/11\/JOURNEE-INSCRIPTIONS-1-scaled.webp\"><img loading=\"lazy\" decoding=\"async\" width=\"1024\" height=\"768\" data-id=\"20101\" src=\"https:\/\/www.aphyllanthe.fr\/association\/wp-content\/uploads\/2023\/11\/JOURNEE-INSCRIPTIONS-1-1024x768.webp\" alt=\"\" class=\"wp-image-20101\" srcset=\"https:\/\/www.aphyllanthe.fr\/association\/wp-content\/uploads\/2023\/11\/JOURNEE-INSCRIPTIONS-1-1024x768.webp 1024w, https:\/\/www.aphyllanthe.fr\/association\/wp-content\/uploads\/2023\/11\/JOURNEE-INSCRIPTIONS-1-300x225.webp 300w, https:\/\/www.aphyllanthe.fr\/association\/wp-content\/uploads\/2023\/11\/JOURNEE-INSCRIPTIONS-1-768x576.webp 768w, https:\/\/www.aphyllanthe.fr\/association\/wp-content\/uploads\/2023\/11\/JOURNEE-INSCRIPTIONS-1-1536x1152.webp 1536w, https:\/\/www.aphyllanthe.fr\/association\/wp-content\/uploads\/2023\/11\/JOURNEE-INSCRIPTIONS-1-2048x1536.webp 2048w, https:\/\/www.aphyllanthe.fr\/association\/wp-content\/uploads\/2023\/11\/JOURNEE-INSCRIPTIONS-1-1320x990.webp 1320w\" sizes=\"auto, (max-width: 1024px) 100vw, 1024px\" \/><\/a><figcaption class=\"wp-element-caption\"><strong>Le nouveau pr\u00e9sident ne s&rsquo;en lave pas les mains !<\/strong><\/figcaption><\/figure>\n<\/figure>\n\n\n\n<h5 class=\"wp-block-heading has-text-align-center has-text-color\" style=\"color:#46a840\">Reprise des activit\u00e9s r\u00e9guli\u00e8res<\/h5>\n\n\n\n<figure class=\"wp-block-gallery has-nested-images columns-default is-cropped wp-block-gallery-3 is-layout-flex wp-block-gallery-is-layout-flex\">\n<figure class=\"wp-block-image size-large\"><a href=\"https:\/\/www.aphyllanthe.fr\/association\/wp-content\/uploads\/2023\/11\/BOLLYWOOD-scaled.webp\"><img loading=\"lazy\" decoding=\"async\" width=\"1024\" height=\"821\" data-id=\"20088\" src=\"https:\/\/www.aphyllanthe.fr\/association\/wp-content\/uploads\/2023\/11\/BOLLYWOOD-1024x821.webp\" alt=\"\" class=\"wp-image-20088\" srcset=\"https:\/\/www.aphyllanthe.fr\/association\/wp-content\/uploads\/2023\/11\/BOLLYWOOD-1024x821.webp 1024w, https:\/\/www.aphyllanthe.fr\/association\/wp-content\/uploads\/2023\/11\/BOLLYWOOD-300x241.webp 300w, https:\/\/www.aphyllanthe.fr\/association\/wp-content\/uploads\/2023\/11\/BOLLYWOOD-768x616.webp 768w, https:\/\/www.aphyllanthe.fr\/association\/wp-content\/uploads\/2023\/11\/BOLLYWOOD-1536x1232.webp 1536w, https:\/\/www.aphyllanthe.fr\/association\/wp-content\/uploads\/2023\/11\/BOLLYWOOD-2048x1642.webp 2048w, https:\/\/www.aphyllanthe.fr\/association\/wp-content\/uploads\/2023\/11\/BOLLYWOOD-1320x1058.webp 1320w\" sizes=\"auto, (max-width: 1024px) 100vw, 1024px\" \/><\/a><figcaption class=\"wp-element-caption\">Bollywood<\/figcaption><\/figure>\n\n\n\n<figure class=\"wp-block-image size-large\"><a href=\"https:\/\/www.aphyllanthe.fr\/association\/wp-content\/uploads\/2023\/11\/THEATRE-scaled.webp\"><img loading=\"lazy\" decoding=\"async\" width=\"1024\" height=\"811\" data-id=\"20089\" src=\"https:\/\/www.aphyllanthe.fr\/association\/wp-content\/uploads\/2023\/11\/THEATRE-1024x811.webp\" alt=\"\" class=\"wp-image-20089\" srcset=\"https:\/\/www.aphyllanthe.fr\/association\/wp-content\/uploads\/2023\/11\/THEATRE-1024x811.webp 1024w, https:\/\/www.aphyllanthe.fr\/association\/wp-content\/uploads\/2023\/11\/THEATRE-300x238.webp 300w, https:\/\/www.aphyllanthe.fr\/association\/wp-content\/uploads\/2023\/11\/THEATRE-768x608.webp 768w, https:\/\/www.aphyllanthe.fr\/association\/wp-content\/uploads\/2023\/11\/THEATRE-1536x1216.webp 1536w, https:\/\/www.aphyllanthe.fr\/association\/wp-content\/uploads\/2023\/11\/THEATRE-2048x1622.webp 2048w, https:\/\/www.aphyllanthe.fr\/association\/wp-content\/uploads\/2023\/11\/THEATRE-1320x1045.webp 1320w\" sizes=\"auto, (max-width: 1024px) 100vw, 1024px\" \/><\/a><figcaption class=\"wp-element-caption\">Th\u00e9\u00e2tre enfants<\/figcaption><\/figure>\n\n\n\n<figure class=\"wp-block-image size-large\"><a href=\"https:\/\/www.aphyllanthe.fr\/association\/wp-content\/uploads\/2023\/11\/DSC08782-GRANDE.webp\"><img loading=\"lazy\" decoding=\"async\" width=\"1024\" height=\"683\" data-id=\"20087\" src=\"https:\/\/www.aphyllanthe.fr\/association\/wp-content\/uploads\/2023\/11\/DSC08782-GRANDE-1024x683.webp\" alt=\"\" class=\"wp-image-20087\" srcset=\"https:\/\/www.aphyllanthe.fr\/association\/wp-content\/uploads\/2023\/11\/DSC08782-GRANDE-1024x683.webp 1024w, https:\/\/www.aphyllanthe.fr\/association\/wp-content\/uploads\/2023\/11\/DSC08782-GRANDE-300x200.webp 300w, https:\/\/www.aphyllanthe.fr\/association\/wp-content\/uploads\/2023\/11\/DSC08782-GRANDE-768x512.webp 768w, https:\/\/www.aphyllanthe.fr\/association\/wp-content\/uploads\/2023\/11\/DSC08782-GRANDE-1536x1024.webp 1536w, https:\/\/www.aphyllanthe.fr\/association\/wp-content\/uploads\/2023\/11\/DSC08782-GRANDE-1320x880.webp 1320w, https:\/\/www.aphyllanthe.fr\/association\/wp-content\/uploads\/2023\/11\/DSC08782-GRANDE.webp 1620w\" sizes=\"auto, (max-width: 1024px) 100vw, 1024px\" \/><\/a><figcaption class=\"wp-element-caption\">Gym douce<\/figcaption><\/figure>\n\n\n\n<figure class=\"wp-block-image size-large\"><a href=\"https:\/\/www.aphyllanthe.fr\/association\/wp-content\/uploads\/2023\/11\/PHOTO-2023-10-17-09-21-58.webp\"><img loading=\"lazy\" decoding=\"async\" width=\"768\" height=\"1024\" data-id=\"20094\" src=\"https:\/\/www.aphyllanthe.fr\/association\/wp-content\/uploads\/2023\/11\/PHOTO-2023-10-17-09-21-58-768x1024.webp\" alt=\"\" class=\"wp-image-20094\" srcset=\"https:\/\/www.aphyllanthe.fr\/association\/wp-content\/uploads\/2023\/11\/PHOTO-2023-10-17-09-21-58-768x1024.webp 768w, https:\/\/www.aphyllanthe.fr\/association\/wp-content\/uploads\/2023\/11\/PHOTO-2023-10-17-09-21-58-225x300.webp 225w, https:\/\/www.aphyllanthe.fr\/association\/wp-content\/uploads\/2023\/11\/PHOTO-2023-10-17-09-21-58-1152x1536.webp 1152w, https:\/\/www.aphyllanthe.fr\/association\/wp-content\/uploads\/2023\/11\/PHOTO-2023-10-17-09-21-58-1320x1760.webp 1320w, https:\/\/www.aphyllanthe.fr\/association\/wp-content\/uploads\/2023\/11\/PHOTO-2023-10-17-09-21-58.webp 1536w\" sizes=\"auto, (max-width: 768px) 100vw, 768px\" \/><\/a><figcaption class=\"wp-element-caption\"><strong>Cycle botanique<\/strong><\/figcaption><\/figure>\n\n\n\n<figure class=\"wp-block-image size-large\"><a href=\"https:\/\/www.aphyllanthe.fr\/association\/wp-content\/uploads\/2023\/11\/MARCHE-NORDIQUE.webp\"><img loading=\"lazy\" decoding=\"async\" width=\"1024\" height=\"824\" data-id=\"20221\" src=\"https:\/\/www.aphyllanthe.fr\/association\/wp-content\/uploads\/2023\/11\/MARCHE-NORDIQUE-1024x824.webp\" alt=\"\" class=\"wp-image-20221\" srcset=\"https:\/\/www.aphyllanthe.fr\/association\/wp-content\/uploads\/2023\/11\/MARCHE-NORDIQUE-1024x824.webp 1024w, https:\/\/www.aphyllanthe.fr\/association\/wp-content\/uploads\/2023\/11\/MARCHE-NORDIQUE-300x241.webp 300w, https:\/\/www.aphyllanthe.fr\/association\/wp-content\/uploads\/2023\/11\/MARCHE-NORDIQUE-768x618.webp 768w, https:\/\/www.aphyllanthe.fr\/association\/wp-content\/uploads\/2023\/11\/MARCHE-NORDIQUE-1536x1236.webp 1536w, https:\/\/www.aphyllanthe.fr\/association\/wp-content\/uploads\/2023\/11\/MARCHE-NORDIQUE-2048x1648.webp 2048w, https:\/\/www.aphyllanthe.fr\/association\/wp-content\/uploads\/2023\/11\/MARCHE-NORDIQUE-1320x1062.webp 1320w\" sizes=\"auto, (max-width: 1024px) 100vw, 1024px\" \/><\/a><figcaption class=\"wp-element-caption\"><strong>Marche nordique<\/strong><\/figcaption><\/figure>\n\n\n\n<figure class=\"wp-block-image size-large\"><a href=\"https:\/\/www.aphyllanthe.fr\/association\/wp-content\/uploads\/2023\/11\/PILATES.webp\"><img loading=\"lazy\" decoding=\"async\" width=\"1024\" height=\"768\" data-id=\"20090\" src=\"https:\/\/www.aphyllanthe.fr\/association\/wp-content\/uploads\/2023\/11\/PILATES-1024x768.webp\" alt=\"\" class=\"wp-image-20090\" srcset=\"https:\/\/www.aphyllanthe.fr\/association\/wp-content\/uploads\/2023\/11\/PILATES-1024x768.webp 1024w, https:\/\/www.aphyllanthe.fr\/association\/wp-content\/uploads\/2023\/11\/PILATES-300x225.webp 300w, https:\/\/www.aphyllanthe.fr\/association\/wp-content\/uploads\/2023\/11\/PILATES-768x576.webp 768w, https:\/\/www.aphyllanthe.fr\/association\/wp-content\/uploads\/2023\/11\/PILATES-1536x1152.webp 1536w, https:\/\/www.aphyllanthe.fr\/association\/wp-content\/uploads\/2023\/11\/PILATES-2048x1536.webp 2048w, https:\/\/www.aphyllanthe.fr\/association\/wp-content\/uploads\/2023\/11\/PILATES-1320x990.webp 1320w\" sizes=\"auto, (max-width: 1024px) 100vw, 1024px\" \/><\/a><figcaption class=\"wp-element-caption\"><strong>Pilates<\/strong><\/figcaption><\/figure>\n\n\n\n<figure class=\"wp-block-image size-large\"><a href=\"https:\/\/www.aphyllanthe.fr\/association\/wp-content\/uploads\/2023\/11\/RANDO.webp\"><img loading=\"lazy\" decoding=\"async\" width=\"673\" height=\"897\" data-id=\"20095\" src=\"https:\/\/www.aphyllanthe.fr\/association\/wp-content\/uploads\/2023\/11\/RANDO.webp\" alt=\"\" class=\"wp-image-20095\" srcset=\"https:\/\/www.aphyllanthe.fr\/association\/wp-content\/uploads\/2023\/11\/RANDO.webp 673w, https:\/\/www.aphyllanthe.fr\/association\/wp-content\/uploads\/2023\/11\/RANDO-225x300.webp 225w\" sizes=\"auto, (max-width: 673px) 100vw, 673px\" \/><\/a><figcaption class=\"wp-element-caption\"><strong>Rando<\/strong><\/figcaption><\/figure>\n\n\n\n<figure class=\"wp-block-image size-large\"><a href=\"https:\/\/www.aphyllanthe.fr\/association\/wp-content\/uploads\/2023\/11\/20231123_155612-scaled.webp\"><img loading=\"lazy\" decoding=\"async\" width=\"1024\" height=\"768\" data-id=\"20169\" src=\"https:\/\/www.aphyllanthe.fr\/association\/wp-content\/uploads\/2023\/11\/20231123_155612-1024x768.webp\" alt=\"\" class=\"wp-image-20169\" srcset=\"https:\/\/www.aphyllanthe.fr\/association\/wp-content\/uploads\/2023\/11\/20231123_155612-1024x768.webp 1024w, https:\/\/www.aphyllanthe.fr\/association\/wp-content\/uploads\/2023\/11\/20231123_155612-300x225.webp 300w, https:\/\/www.aphyllanthe.fr\/association\/wp-content\/uploads\/2023\/11\/20231123_155612-768x576.webp 768w, https:\/\/www.aphyllanthe.fr\/association\/wp-content\/uploads\/2023\/11\/20231123_155612-1536x1152.webp 1536w, https:\/\/www.aphyllanthe.fr\/association\/wp-content\/uploads\/2023\/11\/20231123_155612-2048x1536.webp 2048w, https:\/\/www.aphyllanthe.fr\/association\/wp-content\/uploads\/2023\/11\/20231123_155612-1320x990.webp 1320w\" sizes=\"auto, (max-width: 1024px) 100vw, 1024px\" \/><\/a><figcaption class=\"wp-element-caption\"><strong>Tricot-th\u00e9<\/strong><\/figcaption><\/figure>\n\n\n\n<figure class=\"wp-block-image size-large\"><a href=\"https:\/\/www.aphyllanthe.fr\/association\/wp-content\/uploads\/2023\/11\/20231123_121257-1-scaled.webp\"><img loading=\"lazy\" decoding=\"async\" width=\"1024\" height=\"973\" data-id=\"20162\" src=\"https:\/\/www.aphyllanthe.fr\/association\/wp-content\/uploads\/2023\/11\/20231123_121257-1-1024x973.webp\" alt=\"\" class=\"wp-image-20162\" srcset=\"https:\/\/www.aphyllanthe.fr\/association\/wp-content\/uploads\/2023\/11\/20231123_121257-1-1024x973.webp 1024w, https:\/\/www.aphyllanthe.fr\/association\/wp-content\/uploads\/2023\/11\/20231123_121257-1-300x285.webp 300w, https:\/\/www.aphyllanthe.fr\/association\/wp-content\/uploads\/2023\/11\/20231123_121257-1-768x730.webp 768w, https:\/\/www.aphyllanthe.fr\/association\/wp-content\/uploads\/2023\/11\/20231123_121257-1-1536x1460.webp 1536w, https:\/\/www.aphyllanthe.fr\/association\/wp-content\/uploads\/2023\/11\/20231123_121257-1-2048x1946.webp 2048w, https:\/\/www.aphyllanthe.fr\/association\/wp-content\/uploads\/2023\/11\/20231123_121257-1-1320x1255.webp 1320w\" sizes=\"auto, (max-width: 1024px) 100vw, 1024px\" \/><\/a><figcaption class=\"wp-element-caption\"><strong>Yoga (nouveaut\u00e9)<\/strong><\/figcaption><\/figure>\n\n\n\n<figure class=\"wp-block-image size-large\"><a href=\"https:\/\/www.aphyllanthe.fr\/association\/wp-content\/uploads\/2023\/11\/COUTURE-scaled.webp\"><img loading=\"lazy\" decoding=\"async\" width=\"1024\" height=\"493\" data-id=\"20218\" src=\"https:\/\/www.aphyllanthe.fr\/association\/wp-content\/uploads\/2023\/11\/COUTURE-1024x493.webp\" alt=\"\" class=\"wp-image-20218\" srcset=\"https:\/\/www.aphyllanthe.fr\/association\/wp-content\/uploads\/2023\/11\/COUTURE-1024x493.webp 1024w, https:\/\/www.aphyllanthe.fr\/association\/wp-content\/uploads\/2023\/11\/COUTURE-300x144.webp 300w, https:\/\/www.aphyllanthe.fr\/association\/wp-content\/uploads\/2023\/11\/COUTURE-768x370.webp 768w, https:\/\/www.aphyllanthe.fr\/association\/wp-content\/uploads\/2023\/11\/COUTURE-1536x739.webp 1536w, https:\/\/www.aphyllanthe.fr\/association\/wp-content\/uploads\/2023\/11\/COUTURE-2048x986.webp 2048w, https:\/\/www.aphyllanthe.fr\/association\/wp-content\/uploads\/2023\/11\/COUTURE-1320x635.webp 1320w\" sizes=\"auto, (max-width: 1024px) 100vw, 1024px\" \/><\/a><figcaption class=\"wp-element-caption\"><strong>Atelier couture<\/strong><\/figcaption><\/figure>\n<\/figure>\n\n\n\n<h6 class=\"wp-block-heading\">Les activit\u00e9s gratuites<\/h6>\n\n\n\n<figure class=\"wp-block-gallery has-nested-images columns-default is-cropped wp-block-gallery-4 is-layout-flex wp-block-gallery-is-layout-flex\">\n<figure class=\"wp-block-image size-large\"><a href=\"https:\/\/www.aphyllanthe.fr\/association\/wp-content\/uploads\/2023\/11\/IMG_1494-scaled.webp\"><img loading=\"lazy\" decoding=\"async\" width=\"1024\" height=\"768\" data-id=\"20092\" src=\"https:\/\/www.aphyllanthe.fr\/association\/wp-content\/uploads\/2023\/11\/IMG_1494-1024x768.webp\" alt=\"\" class=\"wp-image-20092\" srcset=\"https:\/\/www.aphyllanthe.fr\/association\/wp-content\/uploads\/2023\/11\/IMG_1494-1024x768.webp 1024w, https:\/\/www.aphyllanthe.fr\/association\/wp-content\/uploads\/2023\/11\/IMG_1494-300x225.webp 300w, https:\/\/www.aphyllanthe.fr\/association\/wp-content\/uploads\/2023\/11\/IMG_1494-768x576.webp 768w, https:\/\/www.aphyllanthe.fr\/association\/wp-content\/uploads\/2023\/11\/IMG_1494-1536x1152.webp 1536w, https:\/\/www.aphyllanthe.fr\/association\/wp-content\/uploads\/2023\/11\/IMG_1494-2048x1536.webp 2048w, https:\/\/www.aphyllanthe.fr\/association\/wp-content\/uploads\/2023\/11\/IMG_1494-1320x990.webp 1320w\" sizes=\"auto, (max-width: 1024px) 100vw, 1024px\" \/><\/a><figcaption class=\"wp-element-caption\"><strong>Initiation karat\u00e9 (nouveaut\u00e9)<\/strong><\/figcaption><\/figure>\n\n\n\n<figure class=\"wp-block-image size-large\"><a href=\"https:\/\/www.aphyllanthe.fr\/association\/wp-content\/uploads\/2023\/11\/SOUTIEN-SCOLAIRE-scaled.webp\"><img loading=\"lazy\" decoding=\"async\" width=\"1024\" height=\"768\" data-id=\"20091\" src=\"https:\/\/www.aphyllanthe.fr\/association\/wp-content\/uploads\/2023\/11\/SOUTIEN-SCOLAIRE-1024x768.webp\" alt=\"\" class=\"wp-image-20091\" srcset=\"https:\/\/www.aphyllanthe.fr\/association\/wp-content\/uploads\/2023\/11\/SOUTIEN-SCOLAIRE-1024x768.webp 1024w, https:\/\/www.aphyllanthe.fr\/association\/wp-content\/uploads\/2023\/11\/SOUTIEN-SCOLAIRE-300x225.webp 300w, https:\/\/www.aphyllanthe.fr\/association\/wp-content\/uploads\/2023\/11\/SOUTIEN-SCOLAIRE-768x576.webp 768w, https:\/\/www.aphyllanthe.fr\/association\/wp-content\/uploads\/2023\/11\/SOUTIEN-SCOLAIRE-1536x1152.webp 1536w, https:\/\/www.aphyllanthe.fr\/association\/wp-content\/uploads\/2023\/11\/SOUTIEN-SCOLAIRE-2048x1536.webp 2048w, https:\/\/www.aphyllanthe.fr\/association\/wp-content\/uploads\/2023\/11\/SOUTIEN-SCOLAIRE-1320x990.webp 1320w\" sizes=\"auto, (max-width: 1024px) 100vw, 1024px\" \/><\/a><figcaption class=\"wp-element-caption\"><strong><\/strong><strong>Soutien scolaire<\/strong><\/figcaption><\/figure>\n<\/figure>\n\n\n\n<figure class=\"wp-block-gallery has-nested-images columns-default is-cropped wp-block-gallery-5 is-layout-flex wp-block-gallery-is-layout-flex\">\n<figure class=\"wp-block-image size-large\"><a href=\"https:\/\/www.aphyllanthe.fr\/association\/wp-content\/uploads\/2023\/11\/VALLEE-DE-LEURE-IMG_7785-scaled.webp\"><img loading=\"lazy\" decoding=\"async\" width=\"1024\" height=\"768\" data-id=\"20097\" src=\"https:\/\/www.aphyllanthe.fr\/association\/wp-content\/uploads\/2023\/11\/VALLEE-DE-LEURE-IMG_7785-1024x768.webp\" alt=\"\" class=\"wp-image-20097\" srcset=\"https:\/\/www.aphyllanthe.fr\/association\/wp-content\/uploads\/2023\/11\/VALLEE-DE-LEURE-IMG_7785-1024x768.webp 1024w, https:\/\/www.aphyllanthe.fr\/association\/wp-content\/uploads\/2023\/11\/VALLEE-DE-LEURE-IMG_7785-300x225.webp 300w, https:\/\/www.aphyllanthe.fr\/association\/wp-content\/uploads\/2023\/11\/VALLEE-DE-LEURE-IMG_7785-768x576.webp 768w, https:\/\/www.aphyllanthe.fr\/association\/wp-content\/uploads\/2023\/11\/VALLEE-DE-LEURE-IMG_7785-1536x1152.webp 1536w, https:\/\/www.aphyllanthe.fr\/association\/wp-content\/uploads\/2023\/11\/VALLEE-DE-LEURE-IMG_7785-2048x1536.webp 2048w, https:\/\/www.aphyllanthe.fr\/association\/wp-content\/uploads\/2023\/11\/VALLEE-DE-LEURE-IMG_7785-1320x990.webp 1320w\" sizes=\"auto, (max-width: 1024px) 100vw, 1024px\" \/><\/a><figcaption class=\"wp-element-caption\"><strong><\/strong><strong>Marche douce (nouveaut\u00e9)<\/strong><\/figcaption><\/figure>\n\n\n\n<figure class=\"wp-block-image size-large\"><a href=\"https:\/\/www.aphyllanthe.fr\/association\/wp-content\/uploads\/2023\/11\/cuisine-1.webp\"><img loading=\"lazy\" decoding=\"async\" width=\"860\" height=\"1024\" data-id=\"20099\" src=\"https:\/\/www.aphyllanthe.fr\/association\/wp-content\/uploads\/2023\/11\/cuisine-1-860x1024.webp\" alt=\"\" class=\"wp-image-20099\" srcset=\"https:\/\/www.aphyllanthe.fr\/association\/wp-content\/uploads\/2023\/11\/cuisine-1-860x1024.webp 860w, https:\/\/www.aphyllanthe.fr\/association\/wp-content\/uploads\/2023\/11\/cuisine-1-252x300.webp 252w, https:\/\/www.aphyllanthe.fr\/association\/wp-content\/uploads\/2023\/11\/cuisine-1-768x914.webp 768w, https:\/\/www.aphyllanthe.fr\/association\/wp-content\/uploads\/2023\/11\/cuisine-1-1290x1536.webp 1290w, https:\/\/www.aphyllanthe.fr\/association\/wp-content\/uploads\/2023\/11\/cuisine-1-1720x2048.webp 1720w, https:\/\/www.aphyllanthe.fr\/association\/wp-content\/uploads\/2023\/11\/cuisine-1-1320x1572.webp 1320w, https:\/\/www.aphyllanthe.fr\/association\/wp-content\/uploads\/2023\/11\/cuisine-1.webp 1800w\" sizes=\"auto, (max-width: 860px) 100vw, 860px\" \/><\/a><figcaption class=\"wp-element-caption\"><strong>Cuisine partag\u00e9e tradi<\/strong><\/figcaption><\/figure>\n\n\n\n<figure class=\"wp-block-image size-large\"><a href=\"https:\/\/www.aphyllanthe.fr\/association\/wp-content\/uploads\/2023\/11\/CUISINE-VEGE-1-scaled.webp\"><img loading=\"lazy\" decoding=\"async\" width=\"1024\" height=\"462\" data-id=\"20222\" src=\"https:\/\/www.aphyllanthe.fr\/association\/wp-content\/uploads\/2023\/11\/CUISINE-VEGE-1-1024x462.webp\" alt=\"\" class=\"wp-image-20222\" srcset=\"https:\/\/www.aphyllanthe.fr\/association\/wp-content\/uploads\/2023\/11\/CUISINE-VEGE-1-1024x462.webp 1024w, https:\/\/www.aphyllanthe.fr\/association\/wp-content\/uploads\/2023\/11\/CUISINE-VEGE-1-300x135.webp 300w, https:\/\/www.aphyllanthe.fr\/association\/wp-content\/uploads\/2023\/11\/CUISINE-VEGE-1-768x346.webp 768w, https:\/\/www.aphyllanthe.fr\/association\/wp-content\/uploads\/2023\/11\/CUISINE-VEGE-1-1536x692.webp 1536w, https:\/\/www.aphyllanthe.fr\/association\/wp-content\/uploads\/2023\/11\/CUISINE-VEGE-1-2048x923.webp 2048w, https:\/\/www.aphyllanthe.fr\/association\/wp-content\/uploads\/2023\/11\/CUISINE-VEGE-1-1320x595.webp 1320w\" sizes=\"auto, (max-width: 1024px) 100vw, 1024px\" \/><\/a><figcaption class=\"wp-element-caption\"><strong>Cuisine partag\u00e9e v\u00e9g\u00e9<\/strong><br \/><strong>(nouveaut\u00e9)<\/strong><\/figcaption><\/figure>\n<\/figure>\n\n\n\n<p>Merci \u00e0 <strong>Philippe Laferri\u00e8re<\/strong> pour le karat\u00e9 et aux \u00e9poux <strong>Ponton<\/strong> pour le soutien scolaire, qui \u0153uvrent b\u00e9n\u00e9volement au sein de l&rsquo;Aphyllanthe.<\/p>\n\n\n\n<p>Et Bravo \u00e0 <strong>Marie-\u00c9tienne Pinelli<\/strong> pour son dynamisme : membre du CA depuis septembre 2021, elle a impuls\u00e9 les activit\u00e9s de cuisine partag\u00e9e, cycle botanique et marche douce.<\/p>\n\n\n\n<h5 class=\"wp-block-heading has-text-align-center has-text-color\" style=\"color:#8d40a8\"><strong>Les activit\u00e9s ponctuelles<\/strong><\/h5>\n\n\n\n<h6 class=\"wp-block-heading has-text-color\" style=\"color:#4088a9\">Ludoth\u00e8que<\/h6>\n\n\n\n<figure class=\"wp-block-gallery has-nested-images columns-default is-cropped wp-block-gallery-6 is-layout-flex wp-block-gallery-is-layout-flex\">\n<figure class=\"wp-block-image size-large\"><a href=\"https:\/\/www.aphyllanthe.fr\/association\/wp-content\/uploads\/2023\/10\/23CG-09-010-LUDOTHE\u00a6CQUE_DXO-scaled.webp\"><img loading=\"lazy\" decoding=\"async\" width=\"1024\" height=\"768\" data-id=\"19849\" src=\"https:\/\/www.aphyllanthe.fr\/association\/wp-content\/uploads\/2023\/10\/23CG-09-010-LUDOTHE\u00a6CQUE_DXO-1024x768.webp\" alt=\"\" class=\"wp-image-19849\" srcset=\"https:\/\/www.aphyllanthe.fr\/association\/wp-content\/uploads\/2023\/10\/23CG-09-010-LUDOTHE\u00a6CQUE_DXO-1024x768.webp 1024w, https:\/\/www.aphyllanthe.fr\/association\/wp-content\/uploads\/2023\/10\/23CG-09-010-LUDOTHE\u00a6CQUE_DXO-300x225.webp 300w, https:\/\/www.aphyllanthe.fr\/association\/wp-content\/uploads\/2023\/10\/23CG-09-010-LUDOTHE\u00a6CQUE_DXO-768x576.webp 768w, https:\/\/www.aphyllanthe.fr\/association\/wp-content\/uploads\/2023\/10\/23CG-09-010-LUDOTHE\u00a6CQUE_DXO-1536x1152.webp 1536w, https:\/\/www.aphyllanthe.fr\/association\/wp-content\/uploads\/2023\/10\/23CG-09-010-LUDOTHE\u00a6CQUE_DXO-2048x1536.webp 2048w, https:\/\/www.aphyllanthe.fr\/association\/wp-content\/uploads\/2023\/10\/23CG-09-010-LUDOTHE\u00a6CQUE_DXO-1320x990.webp 1320w\" sizes=\"auto, (max-width: 1024px) 100vw, 1024px\" \/><\/a><\/figure>\n\n\n\n<figure class=\"wp-block-image size-large\"><a href=\"https:\/\/www.aphyllanthe.fr\/association\/wp-content\/uploads\/2023\/10\/23CG-09-016-LUDOTHE\u00a6CQUE_DXO-scaled.webp\"><img loading=\"lazy\" decoding=\"async\" width=\"1024\" height=\"768\" data-id=\"19848\" src=\"https:\/\/www.aphyllanthe.fr\/association\/wp-content\/uploads\/2023\/10\/23CG-09-016-LUDOTHE\u00a6CQUE_DXO-1024x768.webp\" alt=\"\" class=\"wp-image-19848\" srcset=\"https:\/\/www.aphyllanthe.fr\/association\/wp-content\/uploads\/2023\/10\/23CG-09-016-LUDOTHE\u00a6CQUE_DXO-1024x768.webp 1024w, https:\/\/www.aphyllanthe.fr\/association\/wp-content\/uploads\/2023\/10\/23CG-09-016-LUDOTHE\u00a6CQUE_DXO-300x225.webp 300w, https:\/\/www.aphyllanthe.fr\/association\/wp-content\/uploads\/2023\/10\/23CG-09-016-LUDOTHE\u00a6CQUE_DXO-768x576.webp 768w, https:\/\/www.aphyllanthe.fr\/association\/wp-content\/uploads\/2023\/10\/23CG-09-016-LUDOTHE\u00a6CQUE_DXO-1536x1152.webp 1536w, https:\/\/www.aphyllanthe.fr\/association\/wp-content\/uploads\/2023\/10\/23CG-09-016-LUDOTHE\u00a6CQUE_DXO-2048x1536.webp 2048w, https:\/\/www.aphyllanthe.fr\/association\/wp-content\/uploads\/2023\/10\/23CG-09-016-LUDOTHE\u00a6CQUE_DXO-1320x990.webp 1320w\" sizes=\"auto, (max-width: 1024px) 100vw, 1024px\" \/><\/a><\/figure>\n\n\n\n<figure class=\"wp-block-image size-large\"><a href=\"https:\/\/www.aphyllanthe.fr\/association\/wp-content\/uploads\/2023\/10\/23CG-09-017-LUDOTHE\u00a6CQUE_DXO-scaled.webp\"><img loading=\"lazy\" decoding=\"async\" width=\"1024\" height=\"1024\" data-id=\"19847\" src=\"https:\/\/www.aphyllanthe.fr\/association\/wp-content\/uploads\/2023\/10\/23CG-09-017-LUDOTHE\u00a6CQUE_DXO-1024x1024.webp\" alt=\"\" class=\"wp-image-19847\" srcset=\"https:\/\/www.aphyllanthe.fr\/association\/wp-content\/uploads\/2023\/10\/23CG-09-017-LUDOTHE\u00a6CQUE_DXO-1024x1024.webp 1024w, https:\/\/www.aphyllanthe.fr\/association\/wp-content\/uploads\/2023\/10\/23CG-09-017-LUDOTHE\u00a6CQUE_DXO-300x300.webp 300w, https:\/\/www.aphyllanthe.fr\/association\/wp-content\/uploads\/2023\/10\/23CG-09-017-LUDOTHE\u00a6CQUE_DXO-150x150.webp 150w, https:\/\/www.aphyllanthe.fr\/association\/wp-content\/uploads\/2023\/10\/23CG-09-017-LUDOTHE\u00a6CQUE_DXO-768x768.webp 768w, https:\/\/www.aphyllanthe.fr\/association\/wp-content\/uploads\/2023\/10\/23CG-09-017-LUDOTHE\u00a6CQUE_DXO-1536x1536.webp 1536w, https:\/\/www.aphyllanthe.fr\/association\/wp-content\/uploads\/2023\/10\/23CG-09-017-LUDOTHE\u00a6CQUE_DXO-2048x2048.webp 2048w, https:\/\/www.aphyllanthe.fr\/association\/wp-content\/uploads\/2023\/10\/23CG-09-017-LUDOTHE\u00a6CQUE_DXO-1320x1320.webp 1320w\" sizes=\"auto, (max-width: 1024px) 100vw, 1024px\" \/><\/a><\/figure>\n\n\n\n<figure class=\"wp-block-image size-large\"><a href=\"https:\/\/www.aphyllanthe.fr\/association\/wp-content\/uploads\/2023\/10\/23CG-09-024-LUDOTHE\u00a6CQUE_DXO-scaled.webp\"><img loading=\"lazy\" decoding=\"async\" width=\"1024\" height=\"1024\" data-id=\"19850\" src=\"https:\/\/www.aphyllanthe.fr\/association\/wp-content\/uploads\/2023\/10\/23CG-09-024-LUDOTHE\u00a6CQUE_DXO-1024x1024.webp\" alt=\"\" class=\"wp-image-19850\" srcset=\"https:\/\/www.aphyllanthe.fr\/association\/wp-content\/uploads\/2023\/10\/23CG-09-024-LUDOTHE\u00a6CQUE_DXO-1024x1024.webp 1024w, https:\/\/www.aphyllanthe.fr\/association\/wp-content\/uploads\/2023\/10\/23CG-09-024-LUDOTHE\u00a6CQUE_DXO-300x300.webp 300w, https:\/\/www.aphyllanthe.fr\/association\/wp-content\/uploads\/2023\/10\/23CG-09-024-LUDOTHE\u00a6CQUE_DXO-150x150.webp 150w, https:\/\/www.aphyllanthe.fr\/association\/wp-content\/uploads\/2023\/10\/23CG-09-024-LUDOTHE\u00a6CQUE_DXO-768x768.webp 768w, https:\/\/www.aphyllanthe.fr\/association\/wp-content\/uploads\/2023\/10\/23CG-09-024-LUDOTHE\u00a6CQUE_DXO-1536x1536.webp 1536w, https:\/\/www.aphyllanthe.fr\/association\/wp-content\/uploads\/2023\/10\/23CG-09-024-LUDOTHE\u00a6CQUE_DXO-2048x2048.webp 2048w, https:\/\/www.aphyllanthe.fr\/association\/wp-content\/uploads\/2023\/10\/23CG-09-024-LUDOTHE\u00a6CQUE_DXO-1320x1320.webp 1320w\" sizes=\"auto, (max-width: 1024px) 100vw, 1024px\" \/><\/a><\/figure>\n<\/figure>\n\n\n\n<p>Une dizaine de personnes se sont retrouv\u00e9s au foyer pour jouer ensemble. Et si la quantit\u00e9 n&rsquo;y \u00e9tait pas, la qualit\u00e9 et le plaisir \u00e9taient bien pr\u00e9sents, eux !<\/p>\n\n\n\n<h4 class=\"wp-block-heading has-electric-grass-gradient-background has-background\">Octobre<\/h4>\n\n\n\n<h5 class=\"wp-block-heading has-text-color\" style=\"color:#604227\">Visite guid\u00e9e exposition C\u00e9sar &amp; Chabaud<\/h5>\n\n\n<div class=\"wp-block-image\">\n<figure class=\"aligncenter size-full\"><a href=\"https:\/\/www.aphyllanthe.fr\/association\/wp-content\/uploads\/2023\/10\/CHABAUD-VISISTE.webp\"><img loading=\"lazy\" decoding=\"async\" width=\"640\" height=\"321\" src=\"https:\/\/www.aphyllanthe.fr\/association\/wp-content\/uploads\/2023\/10\/CHABAUD-VISISTE.webp\" alt=\"\" class=\"wp-image-19830\" srcset=\"https:\/\/www.aphyllanthe.fr\/association\/wp-content\/uploads\/2023\/10\/CHABAUD-VISISTE.webp 640w, https:\/\/www.aphyllanthe.fr\/association\/wp-content\/uploads\/2023\/10\/CHABAUD-VISISTE-300x150.webp 300w\" sizes=\"auto, (max-width: 640px) 100vw, 640px\" \/><\/a><\/figure>\n<\/div>\n\n\n<blockquote class=\"wp-block-quote is-layout-flow wp-block-quote-is-layout-flow\">\n<p><em>19 adh\u00e9rents de l\u2019Aphyllanthe se sont retrouv\u00e9s dans le magnifique ancien palais de l\u2019Ev\u00each\u00e9 d\u2019Uz\u00e8s devenu mus\u00e9e depuis l\u2019ann\u00e9e pass\u00e9e pour l\u2019exposition \u00ab C\u00e9sar et Chabaud \u00bb .<\/em><br \/><em><br \/>Si tout le monde conna\u00eet C\u00e9sar, sculpteur tr\u00e8s m\u00e9diatis\u00e9, ce fut une d\u00e9couverte pour la plupart d\u2019entre nous quant \u00e0 la peinture de Chabaud. La visite guid\u00e9e nous a permis de conna\u00eetre de nombreux \u00e9l\u00e9ments de la biographie de ce peintre. Merci \u00e0 l\u2018Aphyllanthe de nous proposer de belles id\u00e9es de sortie.<\/em><br \/><\/p>\n<cite>Florence<\/cite><\/blockquote>\n\n\n\n<h5 class=\"wp-block-heading has-text-color\" style=\"color:#256923\">Bowling<\/h5>\n\n\n<div class=\"wp-block-image\">\n<figure class=\"aligncenter size-full\"><a href=\"https:\/\/www.aphyllanthe.fr\/association\/wp-content\/uploads\/2023\/10\/bowling-10.2023.webp\"><img loading=\"lazy\" decoding=\"async\" width=\"921\" height=\"508\" src=\"https:\/\/www.aphyllanthe.fr\/association\/wp-content\/uploads\/2023\/10\/bowling-10.2023.webp\" alt=\"\" class=\"wp-image-19904\" srcset=\"https:\/\/www.aphyllanthe.fr\/association\/wp-content\/uploads\/2023\/10\/bowling-10.2023.webp 921w, https:\/\/www.aphyllanthe.fr\/association\/wp-content\/uploads\/2023\/10\/bowling-10.2023-300x165.webp 300w, https:\/\/www.aphyllanthe.fr\/association\/wp-content\/uploads\/2023\/10\/bowling-10.2023-768x424.webp 768w, https:\/\/www.aphyllanthe.fr\/association\/wp-content\/uploads\/2023\/10\/bowling-10.2023-672x372.webp 672w\" sizes=\"auto, (max-width: 921px) 100vw, 921px\" \/><\/a><\/figure>\n<\/div>\n\n\n<blockquote class=\"wp-block-quote is-layout-flow wp-block-quote-is-layout-flow\">\n<p><em>Nous \u00e9tions 24 rassembl\u00e9s sur 4 pistes pour passer la premi\u00e8re soir\u00e9e bowling de la saison. L&rsquo;ambiance \u00e9tait excellente, comme \u00e0 son habitude, et petits et grands ont pu profiter pleinement. On attend les prochaines soir\u00e9es\u2026<\/em><br \/><\/p>\n<cite>Elsa<\/cite><\/blockquote>\n\n\n\n<h5 class=\"wp-block-heading has-text-color\" style=\"color:#ba145e\">Visite de la Mine t\u00e9moin d&rsquo;Al\u00e8s<\/h5>\n\n\n\n<figure class=\"wp-block-gallery has-nested-images columns-default is-cropped wp-block-gallery-7 is-layout-flex wp-block-gallery-is-layout-flex\">\n<figure class=\"wp-block-image size-large\"><a href=\"https:\/\/www.aphyllanthe.fr\/association\/wp-content\/uploads\/2023\/11\/20231022_145934-scaled.webp\"><img loading=\"lazy\" decoding=\"async\" width=\"1024\" height=\"768\" data-id=\"20081\" src=\"https:\/\/www.aphyllanthe.fr\/association\/wp-content\/uploads\/2023\/11\/20231022_145934-1024x768.webp\" alt=\"\" class=\"wp-image-20081\" srcset=\"https:\/\/www.aphyllanthe.fr\/association\/wp-content\/uploads\/2023\/11\/20231022_145934-1024x768.webp 1024w, https:\/\/www.aphyllanthe.fr\/association\/wp-content\/uploads\/2023\/11\/20231022_145934-300x225.webp 300w, https:\/\/www.aphyllanthe.fr\/association\/wp-content\/uploads\/2023\/11\/20231022_145934-768x576.webp 768w, https:\/\/www.aphyllanthe.fr\/association\/wp-content\/uploads\/2023\/11\/20231022_145934-1536x1152.webp 1536w, https:\/\/www.aphyllanthe.fr\/association\/wp-content\/uploads\/2023\/11\/20231022_145934-2048x1536.webp 2048w, https:\/\/www.aphyllanthe.fr\/association\/wp-content\/uploads\/2023\/11\/20231022_145934-1320x990.webp 1320w\" sizes=\"auto, (max-width: 1024px) 100vw, 1024px\" \/><\/a><\/figure>\n\n\n\n<figure class=\"wp-block-image size-large\"><a href=\"https:\/\/www.aphyllanthe.fr\/association\/wp-content\/uploads\/2023\/11\/IMG_20231022_152847_RESIZED_20231023_042348236.webp\"><img loading=\"lazy\" decoding=\"async\" width=\"1024\" height=\"768\" data-id=\"20080\" src=\"https:\/\/www.aphyllanthe.fr\/association\/wp-content\/uploads\/2023\/11\/IMG_20231022_152847_RESIZED_20231023_042348236-1024x768.webp\" alt=\"\" class=\"wp-image-20080\" srcset=\"https:\/\/www.aphyllanthe.fr\/association\/wp-content\/uploads\/2023\/11\/IMG_20231022_152847_RESIZED_20231023_042348236-1024x768.webp 1024w, https:\/\/www.aphyllanthe.fr\/association\/wp-content\/uploads\/2023\/11\/IMG_20231022_152847_RESIZED_20231023_042348236-300x225.webp 300w, https:\/\/www.aphyllanthe.fr\/association\/wp-content\/uploads\/2023\/11\/IMG_20231022_152847_RESIZED_20231023_042348236-768x576.webp 768w, https:\/\/www.aphyllanthe.fr\/association\/wp-content\/uploads\/2023\/11\/IMG_20231022_152847_RESIZED_20231023_042348236-1536x1152.webp 1536w, https:\/\/www.aphyllanthe.fr\/association\/wp-content\/uploads\/2023\/11\/IMG_20231022_152847_RESIZED_20231023_042348236-2048x1536.webp 2048w, https:\/\/www.aphyllanthe.fr\/association\/wp-content\/uploads\/2023\/11\/IMG_20231022_152847_RESIZED_20231023_042348236-1320x990.webp 1320w\" sizes=\"auto, (max-width: 1024px) 100vw, 1024px\" \/><\/a><\/figure>\n<\/figure>\n\n\n\n<div class=\"wp-block-columns is-layout-flex wp-container-core-columns-is-layout-9d6595d7 wp-block-columns-is-layout-flex\">\n<div class=\"wp-block-column is-layout-flow wp-block-column-is-layout-flow\">\n<p>Il y avait affluence ce jour-l\u00e0 pour visiter la Mine t\u00e9moin : 33 personnes, soit 10 familles avec parents, enfants et grand-parents.<\/p>\n\n\n\n<p>Connaissant son sujet sur le bout des doigts, le guide, gr\u00e2ce \u00e0 sa faconde et \u00e0 son dynamisme, a r\u00e9ussi \u00e0 faire saisir \u00e0 tous ce que pouvait \u00eatre la vie des mineurs, et de leurs familles, au fil des si\u00e8cles.<\/p>\n\n\n\n<p>Beaucoup de sujets ont \u00e9t\u00e9 abord\u00e9s, suscit\u00e9es par les questions des petits et des grands : la duret\u00e9 du travail, le r\u00f4le de femmes, des enfants et des animaux, les conditions de r\u00e9mun\u00e9ration.<\/p>\n<\/div>\n\n\n\n<div class=\"wp-block-column is-layout-flow wp-block-column-is-layout-flow\">\n<figure class=\"wp-block-image size-large\"><a href=\"https:\/\/www.aphyllanthe.fr\/association\/wp-content\/uploads\/2023\/11\/IMG_20231022_154513_RESIZED_20231023_042346913.webp\"><img loading=\"lazy\" decoding=\"async\" width=\"768\" height=\"1024\" src=\"https:\/\/www.aphyllanthe.fr\/association\/wp-content\/uploads\/2023\/11\/IMG_20231022_154513_RESIZED_20231023_042346913-768x1024.webp\" alt=\"\" class=\"wp-image-20079\" srcset=\"https:\/\/www.aphyllanthe.fr\/association\/wp-content\/uploads\/2023\/11\/IMG_20231022_154513_RESIZED_20231023_042346913-768x1024.webp 768w, https:\/\/www.aphyllanthe.fr\/association\/wp-content\/uploads\/2023\/11\/IMG_20231022_154513_RESIZED_20231023_042346913-225x300.webp 225w, https:\/\/www.aphyllanthe.fr\/association\/wp-content\/uploads\/2023\/11\/IMG_20231022_154513_RESIZED_20231023_042346913-1152x1536.webp 1152w, https:\/\/www.aphyllanthe.fr\/association\/wp-content\/uploads\/2023\/11\/IMG_20231022_154513_RESIZED_20231023_042346913-1536x2048.webp 1536w, https:\/\/www.aphyllanthe.fr\/association\/wp-content\/uploads\/2023\/11\/IMG_20231022_154513_RESIZED_20231023_042346913-1320x1760.webp 1320w, https:\/\/www.aphyllanthe.fr\/association\/wp-content\/uploads\/2023\/11\/IMG_20231022_154513_RESIZED_20231023_042346913.webp 1920w\" sizes=\"auto, (max-width: 768px) 100vw, 768px\" \/><\/a><\/figure>\n\n\n\n<p>Parmi les visiteurs, des descendants de mineurs ont revisit\u00e9 leurs souvenirs et les histoires racont\u00e9s par leurs anciens.<\/p>\n<\/div>\n<\/div>\n\n\n\n<h4 class=\"wp-block-heading has-electric-grass-gradient-background has-background\">Novembre<\/h4>\n\n\n\n<h5 class=\"wp-block-heading has-text-color\" style=\"color:#1465ba\">Activit\u00e9s des vacances de Toussaint<\/h5>\n\n\n\n<p>Voir notre <a href=\"https:\/\/www.aphyllanthe.fr\/association\/activites-des-vacances-de-toussaint\/\" target=\"_blank\" rel=\"noreferrer noopener\">article ici<\/a>.<\/p>\n\n\n\n<h5 class=\"wp-block-heading has-text-color\" style=\"color:#0c246e\">Conf\u00e9rence de Gilles Chouraki : la guerre des deux mondes<\/h5>\n\n\n\n<p>Voir notre <a href=\"https:\/\/www.aphyllanthe.fr\/association\/conference-de-g-chouraqui-replay\/\" target=\"_blank\" rel=\"noreferrer noopener\">article ici<\/a>.<\/p>\n\n\n\n<h5 class=\"wp-block-heading has-text-color\" style=\"color:#6e690c\">Atelier r\u00e9cup  : couronnes de No\u00ebl<\/h5>\n\n\n\n<h5 class=\"wp-block-heading has-text-color\" style=\"color:#5b289e\">Mus\u00e9e de la Romanit\u00e9<\/h5>\n\n\n\n<p>Voir notre <a href=\"https:\/\/www.aphyllanthe.fr\/association\/activites-des-vacances-de-toussaint\/\" target=\"_blank\" rel=\"noreferrer noopener\">article <\/a><a href=\"https:\/\/www.aphyllanthe.fr\/association\/reportage-sur-la-visite-au-musee-de-la-romanite\/\" target=\"_blank\" rel=\"noreferrer noopener\">ici<\/a>.<\/p>\n\n\n\n<h5 class=\"wp-block-heading has-text-color\" style=\"color:#9e5028\">Sortie au Bowling<\/h5>\n\n\n\n<p>Une sortie quelque peu inhabituelle car, le bowling \u00e9tant complet ce soir-l\u00e0, certains adh\u00e9rents ont d\u00fb opter pour le lasergame. Au final, tout le monde y a trouv\u00e9 son compte, les familles se sont m\u00e9lang\u00e9es et se sont visiblement r\u00e9gal\u00e9es. <\/p>\n\n\n\n<figure class=\"wp-block-gallery has-nested-images columns-default is-cropped wp-block-gallery-8 is-layout-flex wp-block-gallery-is-layout-flex\">\n<figure class=\"wp-block-image size-large\"><a href=\"https:\/\/www.aphyllanthe.fr\/association\/wp-content\/uploads\/2023\/12\/IMG_20231208_204040-scaled.webp\"><img loading=\"lazy\" decoding=\"async\" width=\"1024\" height=\"768\" data-id=\"20377\" src=\"https:\/\/www.aphyllanthe.fr\/association\/wp-content\/uploads\/2023\/12\/IMG_20231208_204040-1024x768.webp\" alt=\"\" class=\"wp-image-20377\" srcset=\"https:\/\/www.aphyllanthe.fr\/association\/wp-content\/uploads\/2023\/12\/IMG_20231208_204040-1024x768.webp 1024w, https:\/\/www.aphyllanthe.fr\/association\/wp-content\/uploads\/2023\/12\/IMG_20231208_204040-300x225.webp 300w, https:\/\/www.aphyllanthe.fr\/association\/wp-content\/uploads\/2023\/12\/IMG_20231208_204040-768x576.webp 768w, https:\/\/www.aphyllanthe.fr\/association\/wp-content\/uploads\/2023\/12\/IMG_20231208_204040-1536x1152.webp 1536w, https:\/\/www.aphyllanthe.fr\/association\/wp-content\/uploads\/2023\/12\/IMG_20231208_204040-2048x1536.webp 2048w, https:\/\/www.aphyllanthe.fr\/association\/wp-content\/uploads\/2023\/12\/IMG_20231208_204040-1320x990.webp 1320w\" sizes=\"auto, (max-width: 1024px) 100vw, 1024px\" \/><\/a><\/figure>\n\n\n\n<figure class=\"wp-block-image size-large\"><a href=\"https:\/\/www.aphyllanthe.fr\/association\/wp-content\/uploads\/2023\/12\/IMG_20231208_204444-scaled.webp\"><img loading=\"lazy\" decoding=\"async\" width=\"1024\" height=\"768\" data-id=\"20376\" src=\"https:\/\/www.aphyllanthe.fr\/association\/wp-content\/uploads\/2023\/12\/IMG_20231208_204444-1024x768.webp\" alt=\"\" class=\"wp-image-20376\" srcset=\"https:\/\/www.aphyllanthe.fr\/association\/wp-content\/uploads\/2023\/12\/IMG_20231208_204444-1024x768.webp 1024w, https:\/\/www.aphyllanthe.fr\/association\/wp-content\/uploads\/2023\/12\/IMG_20231208_204444-300x225.webp 300w, https:\/\/www.aphyllanthe.fr\/association\/wp-content\/uploads\/2023\/12\/IMG_20231208_204444-768x576.webp 768w, https:\/\/www.aphyllanthe.fr\/association\/wp-content\/uploads\/2023\/12\/IMG_20231208_204444-1536x1152.webp 1536w, https:\/\/www.aphyllanthe.fr\/association\/wp-content\/uploads\/2023\/12\/IMG_20231208_204444-2048x1536.webp 2048w, https:\/\/www.aphyllanthe.fr\/association\/wp-content\/uploads\/2023\/12\/IMG_20231208_204444-1320x990.webp 1320w\" sizes=\"auto, (max-width: 1024px) 100vw, 1024px\" \/><\/a><\/figure>\n<\/figure>\n\n\n\n<p><em>Petits et grands ont pu mesurer leur performance au bowling d&rsquo;Uz\u00e8s ! Une ambiance joviale et conviviale, quelques beaux strike et beaucoup de bonne humeur.<\/em><br \/>Estelle<\/p>\n\n\n\n<h4 class=\"wp-block-heading has-electric-grass-gradient-background has-background\">D\u00e9cembre<\/h4>\n\n\n\n<h5 class=\"wp-block-heading has-text-color\" style=\"color:#9e2844\">Spectacle au Crat\u00e8re d&rsquo;Al\u00e8s<\/h5>\n","protected":false},"excerpt":{"rendered":"<p>Septembre Journ\u00e9e des inscriptions Reprise des activit\u00e9s r\u00e9guli\u00e8res Les activit\u00e9s gratuites Merci \u00e0 Philippe Laferri\u00e8re pour le karat\u00e9 et aux \u00e9poux Ponton pour le soutien scolaire, qui \u0153uvrent b\u00e9n\u00e9volement au sein de l&rsquo;Aphyllanthe. Et Bravo \u00e0 Marie-\u00c9tienne Pinelli pour son dynamisme : membre du CA depuis septembre 2021, elle a impuls\u00e9 les activit\u00e9s de cuisine &hellip; <a href=\"https:\/\/www.aphyllanthe.fr\/association\/retour-sur-les-activites-du-1er-trimestre-de-la-saison\/\" class=\"more-link\">Continuer la lecture de <span class=\"screen-reader-text\">Retour sur les activit\u00e9s du 1er trimestre de la saison<\/span>  <span class=\"meta-nav\">&rarr;<\/span><\/a><\/p>\n","protected":false},"author":10,"featured_media":20165,"comment_status":"closed","ping_status":"closed","sticky":false,"template":"","format":"standard","meta":{"footnotes":""},"categories":[117,3,113],"tags":[],"class_list":["post-19829","post","type-post","status-publish","format-standard","has-post-thumbnail","hentry","category-familles-et-enfants","category-reportage","category-sorties-patrimoine"],"_links":{"self":[{"href":"https:\/\/www.aphyllanthe.fr\/association\/wp-json\/wp\/v2\/posts\/19829","targetHints":{"allow":["GET"]}}],"collection":[{"href":"https:\/\/www.aphyllanthe.fr\/association\/wp-json\/wp\/v2\/posts"}],"about":[{"href":"https:\/\/www.aphyllanthe.fr\/association\/wp-json\/wp\/v2\/types\/post"}],"author":[{"embeddable":true,"href":"https:\/\/www.aphyllanthe.fr\/association\/wp-json\/wp\/v2\/users\/10"}],"replies":[{"embeddable":true,"href":"https:\/\/www.aphyllanthe.fr\/association\/wp-json\/wp\/v2\/comments?post=19829"}],"version-history":[{"count":48,"href":"https:\/\/www.aphyllanthe.fr\/association\/wp-json\/wp\/v2\/posts\/19829\/revisions"}],"predecessor-version":[{"id":20404,"href":"https:\/\/www.aphyllanthe.fr\/association\/wp-json\/wp\/v2\/posts\/19829\/revisions\/20404"}],"wp:featuredmedia":[{"embeddable":true,"href":"https:\/\/www.aphyllanthe.fr\/association\/wp-json\/wp\/v2\/media\/20165"}],"wp:attachment":[{"href":"https:\/\/www.aphyllanthe.fr\/association\/wp-json\/wp\/v2\/media?parent=19829"}],"wp:term":[{"taxonomy":"category","embeddable":true,"href":"https:\/\/www.aphyllanthe.fr\/association\/wp-json\/wp\/v2\/categories?post=19829"},{"taxonomy":"post_tag","embeddable":true,"href":"https:\/\/www.aphyllanthe.fr\/association\/wp-json\/wp\/v2\/tags?post=19829"}],"curies":[{"name":"wp","href":"https:\/\/api.w.org\/{rel}","templated":true}]}}