{"id":20033,"date":"2023-11-16T21:55:10","date_gmt":"2023-11-16T20:55:10","guid":{"rendered":"https:\/\/www.aphyllanthe.fr\/association\/?p=20033"},"modified":"2023-12-12T10:34:25","modified_gmt":"2023-12-12T09:34:25","slug":"sortie-bowling-prelude-aux-fetes","status":"publish","type":"post","link":"https:\/\/www.aphyllanthe.fr\/association\/sortie-bowling-prelude-aux-fetes\/","title":{"rendered":"Sortie bowling, pr\u00e9lude aux f\u00eates"},"content":{"rendered":"\n<p class=\"has-text-align-center has-white-color has-text-color has-background\" style=\"background-color:#a71212\">L\u2019Association propose une sortie au Bowling d\u2019Uz\u00e8s<br \/><strong>vendredi 8 d\u00e9cembre \u00e0 19h00<\/strong><\/p>\n\n\n\n<div class=\"wp-block-columns is-layout-flex wp-container-core-columns-is-layout-9d6595d7 wp-block-columns-is-layout-flex\">\n<div class=\"wp-block-column is-layout-flow wp-block-column-is-layout-flow\">\n<figure class=\"wp-block-image size-full\"><a href=\"https:\/\/www.aphyllanthe.fr\/association\/wp-content\/uploads\/2014\/12\/bowl71.jpg\"><img loading=\"lazy\" decoding=\"async\" width=\"215\" height=\"161\" src=\"https:\/\/www.aphyllanthe.fr\/association\/wp-content\/uploads\/2014\/12\/bowl71.jpg\" alt=\"au bowling\" class=\"wp-image-153\"\/><\/a><figcaption class=\"wp-element-caption\">au bowling<\/figcaption><\/figure>\n<\/div>\n\n\n\n<div class=\"wp-block-column is-layout-flow wp-block-column-is-layout-flow\">\n<p class=\"has-text-align-center\">(2 parties pour une dur\u00e9e totale<br \/>d\u2019environ 2 heures 30)<\/p>\n\n\n\n<p class=\"has-text-align-center\"><strong>Nombre de places limit\u00e9,<br \/>r\u00e9servation obligatoire<\/strong><br \/><strong>avant le 1er d\u00e9cembre<\/strong><\/p>\n<\/div>\n<\/div>\n\n\n\n<h5 class=\"wp-block-heading\">Tarifs<\/h5>\n\n\n\n<figure class=\"wp-block-table aligncenter\"><table><tbody><tr><td class=\"has-text-align-center\" data-align=\"center\"><\/td><td class=\"has-text-align-center\" data-align=\"center\"><strong><\/strong><strong>Adultes<\/strong><\/td><td class=\"has-text-align-center\" data-align=\"center\"><strong><\/strong><strong>-18 ans<\/strong><\/td><\/tr><tr><td class=\"has-text-align-center\" data-align=\"center\"><strong>Adh\u00e9rents<\/strong><\/td><td class=\"has-text-align-center\" data-align=\"center\">6,50 \u20ac<\/td><td class=\"has-text-align-center\" data-align=\"center\">offert<\/td><\/tr><tr><td class=\"has-text-align-center\" data-align=\"center\"><strong>Non adh\u00e9rents<\/strong><\/td><td class=\"has-text-align-center\" data-align=\"center\">13 \u20ac<\/td><td class=\"has-text-align-center\" data-align=\"center\">13 \u20ac<\/td><\/tr><\/tbody><\/table><\/figure>\n\n\n\n<p class=\"has-text-align-center has-white-color has-text-color has-background\" style=\"background-color:#a71212\"><strong>Inscription aupr\u00e8s du secr\u00e9tariat de l\u2019Aphyllanthe<br \/>aphyllanthe@orange.fr \/ t\u00e9l : 04 66 22 10 20<\/strong><\/p>\n","protected":false},"excerpt":{"rendered":"<p>L\u2019Association propose une sortie au Bowling d\u2019Uz\u00e8svendredi 8 d\u00e9cembre \u00e0 19h00 (2 parties pour une dur\u00e9e totaled\u2019environ 2 heures 30) Nombre de places limit\u00e9,r\u00e9servation obligatoireavant le 1er d\u00e9cembre Tarifs Adultes -18 ans Adh\u00e9rents 6,50 \u20ac offert Non adh\u00e9rents 13 \u20ac 13 \u20ac Inscription aupr\u00e8s du secr\u00e9tariat de l\u2019Aphyllantheaphyllanthe@orange.fr \/ t\u00e9l : 04 66 22 10 &hellip; <a href=\"https:\/\/www.aphyllanthe.fr\/association\/sortie-bowling-prelude-aux-fetes\/\" class=\"more-link\">Continuer la lecture de <span class=\"screen-reader-text\">Sortie bowling, pr\u00e9lude aux f\u00eates<\/span>  <span class=\"meta-nav\">&rarr;<\/span><\/a><\/p>\n","protected":false},"author":1,"featured_media":2589,"comment_status":"closed","ping_status":"closed","sticky":false,"template":"","format":"standard","meta":{"footnotes":""},"categories":[4,117],"tags":[],"class_list":["post-20033","post","type-post","status-publish","format-standard","has-post-thumbnail","hentry","category-annonce","category-familles-et-enfants"],"_links":{"self":[{"href":"https:\/\/www.aphyllanthe.fr\/association\/wp-json\/wp\/v2\/posts\/20033","targetHints":{"allow":["GET"]}}],"collection":[{"href":"https:\/\/www.aphyllanthe.fr\/association\/wp-json\/wp\/v2\/posts"}],"about":[{"href":"https:\/\/www.aphyllanthe.fr\/association\/wp-json\/wp\/v2\/types\/post"}],"author":[{"embeddable":true,"href":"https:\/\/www.aphyllanthe.fr\/association\/wp-json\/wp\/v2\/users\/1"}],"replies":[{"embeddable":true,"href":"https:\/\/www.aphyllanthe.fr\/association\/wp-json\/wp\/v2\/comments?post=20033"}],"version-history":[{"count":3,"href":"https:\/\/www.aphyllanthe.fr\/association\/wp-json\/wp\/v2\/posts\/20033\/revisions"}],"predecessor-version":[{"id":20042,"href":"https:\/\/www.aphyllanthe.fr\/association\/wp-json\/wp\/v2\/posts\/20033\/revisions\/20042"}],"wp:featuredmedia":[{"embeddable":true,"href":"https:\/\/www.aphyllanthe.fr\/association\/wp-json\/wp\/v2\/media\/2589"}],"wp:attachment":[{"href":"https:\/\/www.aphyllanthe.fr\/association\/wp-json\/wp\/v2\/media?parent=20033"}],"wp:term":[{"taxonomy":"category","embeddable":true,"href":"https:\/\/www.aphyllanthe.fr\/association\/wp-json\/wp\/v2\/categories?post=20033"},{"taxonomy":"post_tag","embeddable":true,"href":"https:\/\/www.aphyllanthe.fr\/association\/wp-json\/wp\/v2\/tags?post=20033"}],"curies":[{"name":"wp","href":"https:\/\/api.w.org\/{rel}","templated":true}]}}