{"id":20125,"date":"2023-11-28T10:04:21","date_gmt":"2023-11-28T09:04:21","guid":{"rendered":"https:\/\/www.aphyllanthe.fr\/association\/?p=20125"},"modified":"2024-01-04T15:28:40","modified_gmt":"2024-01-04T14:28:40","slug":"activites-des-vacances-de-toussaint","status":"publish","type":"post","link":"https:\/\/www.aphyllanthe.fr\/association\/activites-des-vacances-de-toussaint\/","title":{"rendered":"Reportage sur les activit\u00e9s des vacances de Toussaint"},"content":{"rendered":"\n<p>Les vacances de Toussaint ont \u00e9t\u00e9 l&rsquo;occasion de vivre de bons moments en famille et entre amis, et d&rsquo;exercer la cr\u00e9ativit\u00e9 des plus jeunes, tout comme celle des plus grands. Reportage en images ci-dessous.<\/p>\n\n\n\n<h5 class=\"wp-block-heading has-white-color has-text-color has-background has-link-color wp-elements-f11be511d0b35d190ac52e11e7711b66\" style=\"background-color:#c85757\">Atelier bricolo<\/h5>\n\n\n\n<p>Un atelier men\u00e9 tambour battant par Claude, jamais \u00e0 court d&rsquo;id\u00e9es !<\/p>\n\n\n\n<figure class=\"wp-block-gallery has-nested-images columns-default is-cropped wp-block-gallery-2 is-layout-flex wp-block-gallery-is-layout-flex\">\n<figure class=\"wp-block-image size-large\"><a href=\"https:\/\/www.aphyllanthe.fr\/association\/wp-content\/uploads\/2023\/11\/20231030_152329-scaled.webp\"><img loading=\"lazy\" decoding=\"async\" width=\"1024\" height=\"656\" data-id=\"20142\" src=\"https:\/\/www.aphyllanthe.fr\/association\/wp-content\/uploads\/2023\/11\/20231030_152329-1024x656.webp\" alt=\"\" class=\"wp-image-20142\" srcset=\"https:\/\/www.aphyllanthe.fr\/association\/wp-content\/uploads\/2023\/11\/20231030_152329-1024x656.webp 1024w, https:\/\/www.aphyllanthe.fr\/association\/wp-content\/uploads\/2023\/11\/20231030_152329-300x192.webp 300w, https:\/\/www.aphyllanthe.fr\/association\/wp-content\/uploads\/2023\/11\/20231030_152329-768x492.webp 768w, https:\/\/www.aphyllanthe.fr\/association\/wp-content\/uploads\/2023\/11\/20231030_152329-1536x984.webp 1536w, https:\/\/www.aphyllanthe.fr\/association\/wp-content\/uploads\/2023\/11\/20231030_152329-2048x1312.webp 2048w, https:\/\/www.aphyllanthe.fr\/association\/wp-content\/uploads\/2023\/11\/20231030_152329-1320x845.webp 1320w\" sizes=\"auto, (max-width: 1024px) 100vw, 1024px\" \/><\/a><figcaption class=\"wp-element-caption\"><strong>On s&rsquo;applique<\/strong>&#8230;<\/figcaption><\/figure>\n\n\n\n<figure class=\"wp-block-image size-large\"><a href=\"https:\/\/www.aphyllanthe.fr\/association\/wp-content\/uploads\/2023\/11\/20231030_152307-scaled.webp\"><img loading=\"lazy\" decoding=\"async\" width=\"1024\" height=\"519\" data-id=\"20143\" src=\"https:\/\/www.aphyllanthe.fr\/association\/wp-content\/uploads\/2023\/11\/20231030_152307-1024x519.webp\" alt=\"\" class=\"wp-image-20143\" srcset=\"https:\/\/www.aphyllanthe.fr\/association\/wp-content\/uploads\/2023\/11\/20231030_152307-1024x519.webp 1024w, https:\/\/www.aphyllanthe.fr\/association\/wp-content\/uploads\/2023\/11\/20231030_152307-300x152.webp 300w, https:\/\/www.aphyllanthe.fr\/association\/wp-content\/uploads\/2023\/11\/20231030_152307-768x389.webp 768w, https:\/\/www.aphyllanthe.fr\/association\/wp-content\/uploads\/2023\/11\/20231030_152307-1536x778.webp 1536w, https:\/\/www.aphyllanthe.fr\/association\/wp-content\/uploads\/2023\/11\/20231030_152307-2048x1038.webp 2048w, https:\/\/www.aphyllanthe.fr\/association\/wp-content\/uploads\/2023\/11\/20231030_152307-1320x669.webp 1320w\" sizes=\"auto, (max-width: 1024px) 100vw, 1024px\" \/><\/a><figcaption class=\"wp-element-caption\"><strong>&#8230; on s&rsquo;applique beaucoup m\u00eame&#8230; <\/strong><\/figcaption><\/figure>\n\n\n\n<figure class=\"wp-block-image size-large\"><a href=\"https:\/\/www.aphyllanthe.fr\/association\/wp-content\/uploads\/2023\/11\/IMG-20231030-WA0002-1.webp\"><img loading=\"lazy\" decoding=\"async\" width=\"910\" height=\"1024\" data-id=\"20145\" src=\"https:\/\/www.aphyllanthe.fr\/association\/wp-content\/uploads\/2023\/11\/IMG-20231030-WA0002-1-910x1024.webp\" alt=\"\" class=\"wp-image-20145\" srcset=\"https:\/\/www.aphyllanthe.fr\/association\/wp-content\/uploads\/2023\/11\/IMG-20231030-WA0002-1-910x1024.webp 910w, https:\/\/www.aphyllanthe.fr\/association\/wp-content\/uploads\/2023\/11\/IMG-20231030-WA0002-1-267x300.webp 267w, https:\/\/www.aphyllanthe.fr\/association\/wp-content\/uploads\/2023\/11\/IMG-20231030-WA0002-1-768x864.webp 768w, https:\/\/www.aphyllanthe.fr\/association\/wp-content\/uploads\/2023\/11\/IMG-20231030-WA0002-1.webp 1200w\" sizes=\"auto, (max-width: 910px) 100vw, 910px\" \/><\/a><figcaption class=\"wp-element-caption\">&#8230; tous ensemble<\/figcaption><\/figure>\n\n\n\n<figure class=\"wp-block-image size-large\"><a href=\"https:\/\/www.aphyllanthe.fr\/association\/wp-content\/uploads\/2023\/11\/20231030_161435-scaled.webp\"><img loading=\"lazy\" decoding=\"async\" width=\"1024\" height=\"462\" data-id=\"20144\" src=\"https:\/\/www.aphyllanthe.fr\/association\/wp-content\/uploads\/2023\/11\/20231030_161435-1024x462.webp\" alt=\"\" class=\"wp-image-20144\" srcset=\"https:\/\/www.aphyllanthe.fr\/association\/wp-content\/uploads\/2023\/11\/20231030_161435-1024x462.webp 1024w, https:\/\/www.aphyllanthe.fr\/association\/wp-content\/uploads\/2023\/11\/20231030_161435-300x135.webp 300w, https:\/\/www.aphyllanthe.fr\/association\/wp-content\/uploads\/2023\/11\/20231030_161435-768x346.webp 768w, https:\/\/www.aphyllanthe.fr\/association\/wp-content\/uploads\/2023\/11\/20231030_161435-1536x692.webp 1536w, https:\/\/www.aphyllanthe.fr\/association\/wp-content\/uploads\/2023\/11\/20231030_161435-2048x923.webp 2048w, https:\/\/www.aphyllanthe.fr\/association\/wp-content\/uploads\/2023\/11\/20231030_161435-1320x595.webp 1320w\" sizes=\"auto, (max-width: 1024px) 100vw, 1024px\" \/><\/a><figcaption class=\"wp-element-caption\"><strong>Et voil\u00e0 le r\u00e9sultat !<\/strong><\/figcaption><\/figure>\n<\/figure>\n\n\n\n<h5 class=\"wp-block-heading has-background\" style=\"background-color:#9fd99f\">Journ\u00e9e cin\u00e9ma<\/h5>\n\n\n\n<p>10 familles sont all\u00e9s au cin\u00e9ma en famille pendant les vacances, soit 16 adultes et 11 enfants et c&rsquo;est le film <strong>Trolls 3<\/strong> qui a eu le plus de succ\u00e8s.<\/p>\n\n\n\n<h5 class=\"wp-block-heading has-background\" style=\"background:linear-gradient(135deg,rgb(197,220,234) 0%,rgb(214,201,231) 100%)\">Atelier d&rsquo;art postal<\/h5>\n\n\n<div class=\"wp-block-image\">\n<figure class=\"aligncenter size-large\"><a href=\"https:\/\/www.aphyllanthe.fr\/association\/wp-content\/uploads\/2023\/11\/20231102_151210-1.webp\"><img loading=\"lazy\" decoding=\"async\" width=\"1024\" height=\"768\" src=\"https:\/\/www.aphyllanthe.fr\/association\/wp-content\/uploads\/2023\/11\/20231102_151210-1-1024x768.webp\" alt=\"\" class=\"wp-image-20155\" srcset=\"https:\/\/www.aphyllanthe.fr\/association\/wp-content\/uploads\/2023\/11\/20231102_151210-1-1024x768.webp 1024w, https:\/\/www.aphyllanthe.fr\/association\/wp-content\/uploads\/2023\/11\/20231102_151210-1-300x225.webp 300w, https:\/\/www.aphyllanthe.fr\/association\/wp-content\/uploads\/2023\/11\/20231102_151210-1-768x576.webp 768w, https:\/\/www.aphyllanthe.fr\/association\/wp-content\/uploads\/2023\/11\/20231102_151210-1.webp 1280w\" sizes=\"auto, (max-width: 1024px) 100vw, 1024px\" \/><\/a><\/figure>\n<\/div>\n\n\n<p>Apr\u00e8s son exposition \u00e0 la biblioth\u00e8que, Eric Babaud est revenu dans les locaux de l&rsquo;Aphyllanthe pour animer un atelier d&rsquo;art postal interg\u00e9n\u00e9rationnel. Tous les participants se sont appliqu\u00e9s tout en laissant leur imagination voguer, ce qui a donn\u00e9 de jolis r\u00e9sultats tr\u00e8s personnels :<\/p>\n\n\n\n<figure class=\"wp-block-gallery has-nested-images columns-default is-cropped wp-block-gallery-3 is-layout-flex wp-block-gallery-is-layout-flex\">\n<figure class=\"wp-block-image size-large\"><a href=\"https:\/\/www.aphyllanthe.fr\/association\/wp-content\/uploads\/2023\/11\/20231102_164836-scaled.webp\"><img loading=\"lazy\" decoding=\"async\" width=\"1024\" height=\"569\" data-id=\"20129\" src=\"https:\/\/www.aphyllanthe.fr\/association\/wp-content\/uploads\/2023\/11\/20231102_164836-1024x569.webp\" alt=\"\" class=\"wp-image-20129\" srcset=\"https:\/\/www.aphyllanthe.fr\/association\/wp-content\/uploads\/2023\/11\/20231102_164836-1024x569.webp 1024w, https:\/\/www.aphyllanthe.fr\/association\/wp-content\/uploads\/2023\/11\/20231102_164836-300x167.webp 300w, https:\/\/www.aphyllanthe.fr\/association\/wp-content\/uploads\/2023\/11\/20231102_164836-768x427.webp 768w, https:\/\/www.aphyllanthe.fr\/association\/wp-content\/uploads\/2023\/11\/20231102_164836-1536x853.webp 1536w, https:\/\/www.aphyllanthe.fr\/association\/wp-content\/uploads\/2023\/11\/20231102_164836-2048x1138.webp 2048w, https:\/\/www.aphyllanthe.fr\/association\/wp-content\/uploads\/2023\/11\/20231102_164836-672x372.webp 672w, https:\/\/www.aphyllanthe.fr\/association\/wp-content\/uploads\/2023\/11\/20231102_164836-1038x576.webp 1038w, https:\/\/www.aphyllanthe.fr\/association\/wp-content\/uploads\/2023\/11\/20231102_164836-1320x733.webp 1320w\" sizes=\"auto, (max-width: 1024px) 100vw, 1024px\" \/><\/a><figcaption class=\"wp-element-caption\"><strong>Bateau sur l&rsquo;eau qui nous fait voyager&#8230;<\/strong><\/figcaption><\/figure>\n\n\n\n<figure class=\"wp-block-image size-large\"><a href=\"https:\/\/www.aphyllanthe.fr\/association\/wp-content\/uploads\/2023\/11\/20231102_164223-scaled.webp\"><img loading=\"lazy\" decoding=\"async\" width=\"864\" height=\"1024\" data-id=\"20130\" src=\"https:\/\/www.aphyllanthe.fr\/association\/wp-content\/uploads\/2023\/11\/20231102_164223-864x1024.webp\" alt=\"\" class=\"wp-image-20130\" srcset=\"https:\/\/www.aphyllanthe.fr\/association\/wp-content\/uploads\/2023\/11\/20231102_164223-864x1024.webp 864w, https:\/\/www.aphyllanthe.fr\/association\/wp-content\/uploads\/2023\/11\/20231102_164223-253x300.webp 253w, https:\/\/www.aphyllanthe.fr\/association\/wp-content\/uploads\/2023\/11\/20231102_164223-768x910.webp 768w, https:\/\/www.aphyllanthe.fr\/association\/wp-content\/uploads\/2023\/11\/20231102_164223-1296x1536.webp 1296w, https:\/\/www.aphyllanthe.fr\/association\/wp-content\/uploads\/2023\/11\/20231102_164223-1728x2048.webp 1728w, https:\/\/www.aphyllanthe.fr\/association\/wp-content\/uploads\/2023\/11\/20231102_164223-1320x1565.webp 1320w\" sizes=\"auto, (max-width: 864px) 100vw, 864px\" \/><\/a><figcaption class=\"wp-element-caption\"><strong>&#8230; vers Venise&#8230;<\/strong><\/figcaption><\/figure>\n\n\n\n<figure class=\"wp-block-image size-large\"><a href=\"https:\/\/www.aphyllanthe.fr\/association\/wp-content\/uploads\/2023\/11\/20231102_164558-scaled.webp\"><img loading=\"lazy\" decoding=\"async\" width=\"768\" height=\"1024\" data-id=\"20131\" src=\"https:\/\/www.aphyllanthe.fr\/association\/wp-content\/uploads\/2023\/11\/20231102_164558-768x1024.webp\" alt=\"\" class=\"wp-image-20131\" srcset=\"https:\/\/www.aphyllanthe.fr\/association\/wp-content\/uploads\/2023\/11\/20231102_164558-768x1024.webp 768w, https:\/\/www.aphyllanthe.fr\/association\/wp-content\/uploads\/2023\/11\/20231102_164558-225x300.webp 225w, https:\/\/www.aphyllanthe.fr\/association\/wp-content\/uploads\/2023\/11\/20231102_164558-1152x1536.webp 1152w, https:\/\/www.aphyllanthe.fr\/association\/wp-content\/uploads\/2023\/11\/20231102_164558-1536x2048.webp 1536w, https:\/\/www.aphyllanthe.fr\/association\/wp-content\/uploads\/2023\/11\/20231102_164558-1320x1760.webp 1320w, https:\/\/www.aphyllanthe.fr\/association\/wp-content\/uploads\/2023\/11\/20231102_164558-scaled.webp 1920w\" sizes=\"auto, (max-width: 768px) 100vw, 768px\" \/><\/a><figcaption class=\"wp-element-caption\"><strong>&#8230; ou bien plus loin.<\/strong><\/figcaption><\/figure>\n\n\n\n<figure class=\"wp-block-image size-large\"><a href=\"https:\/\/www.aphyllanthe.fr\/association\/wp-content\/uploads\/2023\/11\/20231102_160841-scaled.webp\"><img loading=\"lazy\" decoding=\"async\" width=\"1024\" height=\"629\" data-id=\"20133\" src=\"https:\/\/www.aphyllanthe.fr\/association\/wp-content\/uploads\/2023\/11\/20231102_160841-1024x629.webp\" alt=\"\" class=\"wp-image-20133\" srcset=\"https:\/\/www.aphyllanthe.fr\/association\/wp-content\/uploads\/2023\/11\/20231102_160841-1024x629.webp 1024w, https:\/\/www.aphyllanthe.fr\/association\/wp-content\/uploads\/2023\/11\/20231102_160841-300x184.webp 300w, https:\/\/www.aphyllanthe.fr\/association\/wp-content\/uploads\/2023\/11\/20231102_160841-768x472.webp 768w, https:\/\/www.aphyllanthe.fr\/association\/wp-content\/uploads\/2023\/11\/20231102_160841-1536x944.webp 1536w, https:\/\/www.aphyllanthe.fr\/association\/wp-content\/uploads\/2023\/11\/20231102_160841-2048x1259.webp 2048w, https:\/\/www.aphyllanthe.fr\/association\/wp-content\/uploads\/2023\/11\/20231102_160841-1320x811.webp 1320w\" sizes=\"auto, (max-width: 1024px) 100vw, 1024px\" \/><\/a><figcaption class=\"wp-element-caption\"><strong>La sir\u00e8ne qui a bouch\u00e9 le port de Marseille ?<\/strong><\/figcaption><\/figure>\n<\/figure>\n\n\n\n<figure class=\"wp-block-gallery has-nested-images columns-default is-cropped wp-block-gallery-4 is-layout-flex wp-block-gallery-is-layout-flex\">\n<figure class=\"wp-block-image size-large\"><a href=\"https:\/\/www.aphyllanthe.fr\/association\/wp-content\/uploads\/2023\/11\/20231102_164546.webp\"><img loading=\"lazy\" decoding=\"async\" width=\"1024\" height=\"921\" data-id=\"20135\" src=\"https:\/\/www.aphyllanthe.fr\/association\/wp-content\/uploads\/2023\/11\/20231102_164546-1024x921.webp\" alt=\"\" class=\"wp-image-20135\" srcset=\"https:\/\/www.aphyllanthe.fr\/association\/wp-content\/uploads\/2023\/11\/20231102_164546-1024x921.webp 1024w, https:\/\/www.aphyllanthe.fr\/association\/wp-content\/uploads\/2023\/11\/20231102_164546-300x270.webp 300w, https:\/\/www.aphyllanthe.fr\/association\/wp-content\/uploads\/2023\/11\/20231102_164546-768x690.webp 768w, https:\/\/www.aphyllanthe.fr\/association\/wp-content\/uploads\/2023\/11\/20231102_164546-1536x1381.webp 1536w, https:\/\/www.aphyllanthe.fr\/association\/wp-content\/uploads\/2023\/11\/20231102_164546-2048x1841.webp 2048w, https:\/\/www.aphyllanthe.fr\/association\/wp-content\/uploads\/2023\/11\/20231102_164546-1320x1187.webp 1320w\" sizes=\"auto, (max-width: 1024px) 100vw, 1024px\" \/><\/a><figcaption class=\"wp-element-caption\"><strong>Ferm\u00e9&#8230;<\/strong><\/figcaption><\/figure>\n\n\n\n<figure class=\"wp-block-image size-large\"><a href=\"https:\/\/www.aphyllanthe.fr\/association\/wp-content\/uploads\/2023\/11\/20231102_164536-scaled.webp\"><img loading=\"lazy\" decoding=\"async\" width=\"1024\" height=\"1024\" data-id=\"20136\" src=\"https:\/\/www.aphyllanthe.fr\/association\/wp-content\/uploads\/2023\/11\/20231102_164536-1024x1024.webp\" alt=\"\" class=\"wp-image-20136\" srcset=\"https:\/\/www.aphyllanthe.fr\/association\/wp-content\/uploads\/2023\/11\/20231102_164536-1024x1024.webp 1024w, https:\/\/www.aphyllanthe.fr\/association\/wp-content\/uploads\/2023\/11\/20231102_164536-300x300.webp 300w, https:\/\/www.aphyllanthe.fr\/association\/wp-content\/uploads\/2023\/11\/20231102_164536-150x150.webp 150w, https:\/\/www.aphyllanthe.fr\/association\/wp-content\/uploads\/2023\/11\/20231102_164536-768x768.webp 768w, https:\/\/www.aphyllanthe.fr\/association\/wp-content\/uploads\/2023\/11\/20231102_164536-1536x1536.webp 1536w, https:\/\/www.aphyllanthe.fr\/association\/wp-content\/uploads\/2023\/11\/20231102_164536-2048x2048.webp 2048w, https:\/\/www.aphyllanthe.fr\/association\/wp-content\/uploads\/2023\/11\/20231102_164536-1320x1320.webp 1320w\" sizes=\"auto, (max-width: 1024px) 100vw, 1024px\" \/><\/a><figcaption class=\"wp-element-caption\"><strong>&#8230; ouvert !<\/strong><\/figcaption><\/figure>\n<\/figure>\n\n\n\n<figure class=\"wp-block-gallery has-nested-images columns-default is-cropped wp-block-gallery-5 is-layout-flex wp-block-gallery-is-layout-flex\">\n<figure class=\"wp-block-image size-large\"><a href=\"https:\/\/www.aphyllanthe.fr\/association\/wp-content\/uploads\/2023\/11\/IMG_1381-scaled.webp\"><img loading=\"lazy\" decoding=\"async\" width=\"1024\" height=\"639\" data-id=\"20138\" src=\"https:\/\/www.aphyllanthe.fr\/association\/wp-content\/uploads\/2023\/11\/IMG_1381-1024x639.webp\" alt=\"\" class=\"wp-image-20138\" srcset=\"https:\/\/www.aphyllanthe.fr\/association\/wp-content\/uploads\/2023\/11\/IMG_1381-1024x639.webp 1024w, https:\/\/www.aphyllanthe.fr\/association\/wp-content\/uploads\/2023\/11\/IMG_1381-300x187.webp 300w, https:\/\/www.aphyllanthe.fr\/association\/wp-content\/uploads\/2023\/11\/IMG_1381-768x479.webp 768w, https:\/\/www.aphyllanthe.fr\/association\/wp-content\/uploads\/2023\/11\/IMG_1381-1536x958.webp 1536w, https:\/\/www.aphyllanthe.fr\/association\/wp-content\/uploads\/2023\/11\/IMG_1381-2048x1278.webp 2048w, https:\/\/www.aphyllanthe.fr\/association\/wp-content\/uploads\/2023\/11\/IMG_1381-1320x823.webp 1320w\" sizes=\"auto, (max-width: 1024px) 100vw, 1024px\" \/><\/a><figcaption class=\"wp-element-caption\"><strong>Recto&#8230;<\/strong><\/figcaption><\/figure>\n\n\n\n<figure class=\"wp-block-image size-large\"><a href=\"https:\/\/www.aphyllanthe.fr\/association\/wp-content\/uploads\/2023\/11\/IMG_1382-scaled.webp\"><img loading=\"lazy\" decoding=\"async\" width=\"1024\" height=\"648\" data-id=\"20137\" src=\"https:\/\/www.aphyllanthe.fr\/association\/wp-content\/uploads\/2023\/11\/IMG_1382-1024x648.webp\" alt=\"\" class=\"wp-image-20137\" srcset=\"https:\/\/www.aphyllanthe.fr\/association\/wp-content\/uploads\/2023\/11\/IMG_1382-1024x648.webp 1024w, https:\/\/www.aphyllanthe.fr\/association\/wp-content\/uploads\/2023\/11\/IMG_1382-300x190.webp 300w, https:\/\/www.aphyllanthe.fr\/association\/wp-content\/uploads\/2023\/11\/IMG_1382-768x486.webp 768w, https:\/\/www.aphyllanthe.fr\/association\/wp-content\/uploads\/2023\/11\/IMG_1382-1536x972.webp 1536w, https:\/\/www.aphyllanthe.fr\/association\/wp-content\/uploads\/2023\/11\/IMG_1382-2048x1296.webp 2048w, https:\/\/www.aphyllanthe.fr\/association\/wp-content\/uploads\/2023\/11\/IMG_1382-1320x835.webp 1320w\" sizes=\"auto, (max-width: 1024px) 100vw, 1024px\" \/><\/a><figcaption class=\"wp-element-caption\"><strong>&#8230; verso<\/strong><\/figcaption><\/figure>\n<\/figure>\n\n\n\n<h5 class=\"wp-block-heading has-background\" style=\"background:linear-gradient(135deg,rgb(197,220,234) 0%,rgb(214,201,231) 100%)\">Atelier Scratch<\/h5>\n\n\n\n<p>Seulement 2 enfants et un adulte pour cet atelier Scratch, mais une s\u00e9ance tr\u00e8s r\u00e9ussie car l&rsquo;animateur a pu \u00eatre beaucoup plus disponible pour chacun.<\/p>\n\n\n\n<figure class=\"wp-block-gallery has-nested-images columns-default is-cropped wp-block-gallery-6 is-layout-flex wp-block-gallery-is-layout-flex\">\n<figure class=\"wp-block-image size-large\"><a href=\"https:\/\/www.aphyllanthe.fr\/association\/wp-content\/uploads\/2023\/11\/20231102_115317-scaled.webp\"><img loading=\"lazy\" decoding=\"async\" width=\"1024\" height=\"965\" data-id=\"20146\" src=\"https:\/\/www.aphyllanthe.fr\/association\/wp-content\/uploads\/2023\/11\/20231102_115317-1024x965.webp\" alt=\"\" class=\"wp-image-20146\" srcset=\"https:\/\/www.aphyllanthe.fr\/association\/wp-content\/uploads\/2023\/11\/20231102_115317-1024x965.webp 1024w, https:\/\/www.aphyllanthe.fr\/association\/wp-content\/uploads\/2023\/11\/20231102_115317-300x283.webp 300w, https:\/\/www.aphyllanthe.fr\/association\/wp-content\/uploads\/2023\/11\/20231102_115317-768x724.webp 768w, https:\/\/www.aphyllanthe.fr\/association\/wp-content\/uploads\/2023\/11\/20231102_115317-1536x1448.webp 1536w, https:\/\/www.aphyllanthe.fr\/association\/wp-content\/uploads\/2023\/11\/20231102_115317-2048x1931.webp 2048w, https:\/\/www.aphyllanthe.fr\/association\/wp-content\/uploads\/2023\/11\/20231102_115317-1320x1244.webp 1320w\" sizes=\"auto, (max-width: 1024px) 100vw, 1024px\" \/><\/a><figcaption class=\"wp-element-caption\"><strong>Initiation \u00e0 la programmation&#8230;<\/strong><\/figcaption><\/figure>\n\n\n\n<figure class=\"wp-block-image size-large\"><a href=\"https:\/\/www.aphyllanthe.fr\/association\/wp-content\/uploads\/2023\/11\/20231102_115325-scaled.webp\"><img loading=\"lazy\" decoding=\"async\" width=\"1024\" height=\"768\" data-id=\"20147\" src=\"https:\/\/www.aphyllanthe.fr\/association\/wp-content\/uploads\/2023\/11\/20231102_115325-1024x768.webp\" alt=\"\" class=\"wp-image-20147\" srcset=\"https:\/\/www.aphyllanthe.fr\/association\/wp-content\/uploads\/2023\/11\/20231102_115325-1024x768.webp 1024w, https:\/\/www.aphyllanthe.fr\/association\/wp-content\/uploads\/2023\/11\/20231102_115325-300x225.webp 300w, https:\/\/www.aphyllanthe.fr\/association\/wp-content\/uploads\/2023\/11\/20231102_115325-768x576.webp 768w, https:\/\/www.aphyllanthe.fr\/association\/wp-content\/uploads\/2023\/11\/20231102_115325-1536x1152.webp 1536w, https:\/\/www.aphyllanthe.fr\/association\/wp-content\/uploads\/2023\/11\/20231102_115325-2048x1536.webp 2048w, https:\/\/www.aphyllanthe.fr\/association\/wp-content\/uploads\/2023\/11\/20231102_115325-1320x990.webp 1320w\" sizes=\"auto, (max-width: 1024px) 100vw, 1024px\" \/><\/a><figcaption class=\"wp-element-caption\">&#8230; par la manipulation de blocs.<\/figcaption><\/figure>\n<\/figure>\n\n\n\n<h5 class=\"wp-block-heading has-white-color has-text-color has-background has-link-color wp-elements-e32d270e59a2d8985f276fb1a77b7e09\" style=\"background-color:#204fb5\">Lasergame<\/h5>\n\n\n\n<p>Le compte-rendu de Christelle, nouvelle adh\u00e9rente :<br \/><br \/><em>Ce vendredi 3 novembre, \u00e0 19h, nous avions rendez-vous au Bowling-Lasergame d&rsquo;Uz\u00e8s, pour 2 parties de lasergame. Ce fut une excellente soir\u00e9e, tr\u00e8s conviviale, au cours de laquelle les nouveaux adh\u00e9rents ont \u00e9t\u00e9 tr\u00e8s bien accueillis par les anciens ! Nous \u00e9tions 12 participants. 3 \u00e9quipes de 4 joueurs ont \u00e9t\u00e9 form\u00e9es. Les verts, les rouges et les bleus se sont affront\u00e9s dans ce labyrinthe d\u00e9cor\u00e9 aux couleurs d&rsquo;Halloween.<\/em><br \/><em><br \/>Les grands comme les petits s&rsquo;en sont donn\u00e9 \u00e0 c\u0153ur joie avec leur pistolet laser nouvelle g\u00e9n\u00e9ration. Apr\u00e8s la premi\u00e8re partie, la d\u00e9gustation d&rsquo;un bon g\u00e2teau au chocolat a permis de regagner des forces avant la deuxi\u00e8me partie.<br \/>La strat\u00e9gie, les alliances et la coop\u00e9ration ont \u00e9merg\u00e9es de chaque \u00e9quipe afin de ressortir victorieuse de chaque partie. <\/em><br \/><em><br \/>Bravo au podium de la premi\u00e8re partie : Naruto, Hulk et Chewbacca, et Bravo \u00e0 Jack Sparrow, Terminator et Robocop, podium de la seconde partie !<\/em><\/p>\n\n\n<div class=\"wp-block-image\">\n<figure class=\"aligncenter size-full\"><a href=\"https:\/\/www.aphyllanthe.fr\/association\/wp-content\/uploads\/2023\/11\/LASERGAME-2023-11.webp\"><img loading=\"lazy\" decoding=\"async\" width=\"954\" height=\"508\" src=\"https:\/\/www.aphyllanthe.fr\/association\/wp-content\/uploads\/2023\/11\/LASERGAME-2023-11.webp\" alt=\"\" class=\"wp-image-20149\" srcset=\"https:\/\/www.aphyllanthe.fr\/association\/wp-content\/uploads\/2023\/11\/LASERGAME-2023-11.webp 954w, https:\/\/www.aphyllanthe.fr\/association\/wp-content\/uploads\/2023\/11\/LASERGAME-2023-11-300x160.webp 300w, https:\/\/www.aphyllanthe.fr\/association\/wp-content\/uploads\/2023\/11\/LASERGAME-2023-11-768x409.webp 768w\" sizes=\"auto, (max-width: 954px) 100vw, 954px\" \/><\/a><\/figure>\n<\/div>","protected":false},"excerpt":{"rendered":"<p>Les vacances de Toussaint ont \u00e9t\u00e9 l&rsquo;occasion de vivre de bons moments en famille et entre amis, et d&rsquo;exercer la cr\u00e9ativit\u00e9 des plus jeunes, tout comme celle des plus grands. Reportage en images ci-dessous. Atelier bricolo Un atelier men\u00e9 tambour battant par Claude, jamais \u00e0 court d&rsquo;id\u00e9es ! Journ\u00e9e cin\u00e9ma 10 familles sont all\u00e9s au &hellip; <a href=\"https:\/\/www.aphyllanthe.fr\/association\/activites-des-vacances-de-toussaint\/\" class=\"more-link\">Continuer la lecture de <span class=\"screen-reader-text\">Reportage sur les activit\u00e9s des vacances de Toussaint<\/span>  <span class=\"meta-nav\">&rarr;<\/span><\/a><\/p>\n","protected":false},"author":10,"featured_media":20149,"comment_status":"closed","ping_status":"closed","sticky":false,"template":"","format":"standard","meta":{"footnotes":""},"categories":[4,117,3],"tags":[],"class_list":["post-20125","post","type-post","status-publish","format-standard","has-post-thumbnail","hentry","category-annonce","category-familles-et-enfants","category-reportage"],"_links":{"self":[{"href":"https:\/\/www.aphyllanthe.fr\/association\/wp-json\/wp\/v2\/posts\/20125","targetHints":{"allow":["GET"]}}],"collection":[{"href":"https:\/\/www.aphyllanthe.fr\/association\/wp-json\/wp\/v2\/posts"}],"about":[{"href":"https:\/\/www.aphyllanthe.fr\/association\/wp-json\/wp\/v2\/types\/post"}],"author":[{"embeddable":true,"href":"https:\/\/www.aphyllanthe.fr\/association\/wp-json\/wp\/v2\/users\/10"}],"replies":[{"embeddable":true,"href":"https:\/\/www.aphyllanthe.fr\/association\/wp-json\/wp\/v2\/comments?post=20125"}],"version-history":[{"count":23,"href":"https:\/\/www.aphyllanthe.fr\/association\/wp-json\/wp\/v2\/posts\/20125\/revisions"}],"predecessor-version":[{"id":20280,"href":"https:\/\/www.aphyllanthe.fr\/association\/wp-json\/wp\/v2\/posts\/20125\/revisions\/20280"}],"wp:featuredmedia":[{"embeddable":true,"href":"https:\/\/www.aphyllanthe.fr\/association\/wp-json\/wp\/v2\/media\/20149"}],"wp:attachment":[{"href":"https:\/\/www.aphyllanthe.fr\/association\/wp-json\/wp\/v2\/media?parent=20125"}],"wp:term":[{"taxonomy":"category","embeddable":true,"href":"https:\/\/www.aphyllanthe.fr\/association\/wp-json\/wp\/v2\/categories?post=20125"},{"taxonomy":"post_tag","embeddable":true,"href":"https:\/\/www.aphyllanthe.fr\/association\/wp-json\/wp\/v2\/tags?post=20125"}],"curies":[{"name":"wp","href":"https:\/\/api.w.org\/{rel}","templated":true}]}}