{"id":20181,"date":"2023-12-11T21:26:05","date_gmt":"2023-12-11T20:26:05","guid":{"rendered":"https:\/\/www.aphyllanthe.fr\/association\/?p=20181"},"modified":"2023-12-18T16:21:41","modified_gmt":"2023-12-18T15:21:41","slug":"cine-des-possibles-du-14-decembre-2","status":"publish","type":"post","link":"https:\/\/www.aphyllanthe.fr\/association\/cine-des-possibles-du-14-decembre-2\/","title":{"rendered":"Cin\u00e9 des possibles du 14 d\u00e9cembre"},"content":{"rendered":"\n<p class=\"has-white-color has-text-color has-background has-link-color wp-elements-78106172f879c1837d83d99c97a38a3c\" style=\"background-color:#db5421\">Nouvelle s\u00e9ance du cin\u00e9 des possibles au Capitole d&rsquo;Uz\u00e8s <strong>jeudi 14 D\u00e9cembre \u00e0 20h30<\/strong> avec le film <em><strong>On s&rsquo;adapte<\/strong><\/em>, un film de &#8230;&#8230;. Une soir\u00e9e propos\u00e9e en partenariat avec Geckologis.<\/p>\n\n\n\n<h5 class=\"wp-block-heading\">Synopsis<\/h5>\n\n\n\n<p><\/p>\n\n\n\n<h5 class=\"wp-block-heading\">Tarif<\/h5>\n\n\n\n<figure class=\"wp-block-table aligncenter\"><table><tbody><tr><td class=\"has-text-align-center\" data-align=\"center\"><\/td><td class=\"has-text-align-center\" data-align=\"center\">Adultes<\/td><td class=\"has-text-align-center\" data-align=\"center\">-18 ans<\/td><\/tr><tr><td class=\"has-text-align-center\" data-align=\"center\">Adh\u00e9rent<\/td><td class=\"has-text-align-center\" data-align=\"center\">3 \u20ac<\/td><td class=\"has-text-align-center\" data-align=\"center\">offert<\/td><\/tr><tr><td class=\"has-text-align-center\" data-align=\"center\">Non adh\u00e9rent<\/td><td class=\"has-text-align-center\" data-align=\"center\">6 \u20ac<\/td><td class=\"has-text-align-center\" data-align=\"center\">6 \u20ac<\/td><\/tr><\/tbody><\/table><\/figure>\n\n\n\n<h5 class=\"wp-block-heading has-text-align-center has-white-color has-text-color has-background has-link-color wp-elements-56de32f3f0aeb7df4fed316eaa36ddb5\" style=\"background-color:#db5421\">Inscriptions et renseignements aupr\u00e8s du secr\u00e9tariat<br \/>aphyllanthe@orange.fr ou t\u00e9l : 04 66 22 10 20<\/h5>\n","protected":false},"excerpt":{"rendered":"<p>Nouvelle s\u00e9ance du cin\u00e9 des possibles au Capitole d&rsquo;Uz\u00e8s jeudi 14 D\u00e9cembre \u00e0 20h30 avec le film On s&rsquo;adapte, un film de &#8230;&#8230;. Une soir\u00e9e propos\u00e9e en partenariat avec Geckologis. Synopsis Tarif Adultes -18 ans Adh\u00e9rent 3 \u20ac offert Non adh\u00e9rent 6 \u20ac 6 \u20ac Inscriptions et renseignements aupr\u00e8s du secr\u00e9tariataphyllanthe@orange.fr ou t\u00e9l : 04 &hellip; <a href=\"https:\/\/www.aphyllanthe.fr\/association\/cine-des-possibles-du-14-decembre-2\/\" class=\"more-link\">Continuer la lecture de <span class=\"screen-reader-text\">Cin\u00e9 des possibles du 14 d\u00e9cembre<\/span>  <span class=\"meta-nav\">&rarr;<\/span><\/a><\/p>\n","protected":false},"author":10,"featured_media":0,"comment_status":"closed","ping_status":"closed","sticky":false,"template":"","format":"standard","meta":{"footnotes":""},"categories":[4],"tags":[],"class_list":["post-20181","post","type-post","status-publish","format-standard","hentry","category-annonce"],"_links":{"self":[{"href":"https:\/\/www.aphyllanthe.fr\/association\/wp-json\/wp\/v2\/posts\/20181","targetHints":{"allow":["GET"]}}],"collection":[{"href":"https:\/\/www.aphyllanthe.fr\/association\/wp-json\/wp\/v2\/posts"}],"about":[{"href":"https:\/\/www.aphyllanthe.fr\/association\/wp-json\/wp\/v2\/types\/post"}],"author":[{"embeddable":true,"href":"https:\/\/www.aphyllanthe.fr\/association\/wp-json\/wp\/v2\/users\/10"}],"replies":[{"embeddable":true,"href":"https:\/\/www.aphyllanthe.fr\/association\/wp-json\/wp\/v2\/comments?post=20181"}],"version-history":[{"count":1,"href":"https:\/\/www.aphyllanthe.fr\/association\/wp-json\/wp\/v2\/posts\/20181\/revisions"}],"predecessor-version":[{"id":20182,"href":"https:\/\/www.aphyllanthe.fr\/association\/wp-json\/wp\/v2\/posts\/20181\/revisions\/20182"}],"wp:attachment":[{"href":"https:\/\/www.aphyllanthe.fr\/association\/wp-json\/wp\/v2\/media?parent=20181"}],"wp:term":[{"taxonomy":"category","embeddable":true,"href":"https:\/\/www.aphyllanthe.fr\/association\/wp-json\/wp\/v2\/categories?post=20181"},{"taxonomy":"post_tag","embeddable":true,"href":"https:\/\/www.aphyllanthe.fr\/association\/wp-json\/wp\/v2\/tags?post=20181"}],"curies":[{"name":"wp","href":"https:\/\/api.w.org\/{rel}","templated":true}]}}