{"id":20252,"date":"2024-01-10T14:24:59","date_gmt":"2024-01-10T13:24:59","guid":{"rendered":"https:\/\/www.aphyllanthe.fr\/association\/?p=20252"},"modified":"2024-01-29T21:21:29","modified_gmt":"2024-01-29T20:21:29","slug":"conference-les-hirondelles-dans-le-gard","status":"publish","type":"post","link":"https:\/\/www.aphyllanthe.fr\/association\/conference-les-hirondelles-dans-le-gard\/","title":{"rendered":"Conf\u00e9rence : les Hirondelles dans le Gard"},"content":{"rendered":"\n<p class=\"has-background\" style=\"background-color:#e5b798\"><strong>Vendredi 26 janvier \u00e018h30<\/strong>, l&rsquo;Aphyllanthe invite Christian Hubert, du <strong>Centre Ornithologique du Gard<\/strong>, \u00e0 venir pr\u00e9senter un \u00e9tat de la population des hirondelles dans le Gard.<\/p>\n\n\n\n<h6 class=\"wp-block-heading\">Le COGard : une association de protection de la nature gardoise<\/h6>\n\n\n\n<div class=\"wp-block-columns is-layout-flex wp-container-core-columns-is-layout-9d6595d7 wp-block-columns-is-layout-flex\">\n<div class=\"wp-block-column is-layout-flow wp-block-column-is-layout-flow\">\n<p>Le <a href=\"http:\/\/cogard.org\/\" target=\"_blank\" rel=\"noreferrer noopener\">Centre Ornithologique du Gard<\/a> (COGard) est une association de protection de la nature, cr\u00e9\u00e9e il y a plus de 43 ans et d\u00e9clar\u00e9e d&rsquo;int\u00e9r\u00eat g\u00e9n\u00e9ral depuis 1980. Son si\u00e8ge social est situ\u00e9 \u00e0 N\u00eemes, et il a \u00e9galement des bureaux \u00e0 Saint-Chaptes.<\/p>\n<\/div>\n\n\n\n<div class=\"wp-block-column is-layout-flow wp-block-column-is-layout-flow\">\n<figure class=\"wp-block-image size-full\"><a href=\"https:\/\/www.aphyllanthe.fr\/association\/wp-content\/uploads\/2023\/11\/COGARD.webp\"><img loading=\"lazy\" decoding=\"async\" width=\"159\" height=\"150\" src=\"https:\/\/www.aphyllanthe.fr\/association\/wp-content\/uploads\/2023\/11\/COGARD.webp\" alt=\"\" class=\"wp-image-20260\"\/><\/a><\/figure>\n<\/div>\n<\/div>\n\n\n\n<p>En 2023, l&rsquo;association compte 247 membres attach\u00e9s \u00e0 la protection de la biodiversit\u00e9 dans le d\u00e9partement et 12 salari\u00e9s.<br \/>Il m\u00e8ne statutairement trois missions : <strong>\u00e9tudier <\/strong>&#8211; <strong>prot\u00e9ger <\/strong>&#8211; <strong>informer et sensibiliser<\/strong>.<\/p>\n\n\n\n<div class=\"wp-block-columns is-layout-flex wp-container-core-columns-is-layout-9d6595d7 wp-block-columns-is-layout-flex\">\n<div class=\"wp-block-column is-layout-flow wp-block-column-is-layout-flow\" style=\"flex-basis:33.33%\">\n<figure class=\"wp-block-image size-full\"><a href=\"https:\/\/www.aphyllanthe.fr\/association\/wp-content\/uploads\/2023\/11\/CH.webp\"><img loading=\"lazy\" decoding=\"async\" width=\"374\" height=\"484\" src=\"https:\/\/www.aphyllanthe.fr\/association\/wp-content\/uploads\/2023\/11\/CH.webp\" alt=\"\" class=\"wp-image-20263\" srcset=\"https:\/\/www.aphyllanthe.fr\/association\/wp-content\/uploads\/2023\/11\/CH.webp 374w, https:\/\/www.aphyllanthe.fr\/association\/wp-content\/uploads\/2023\/11\/CH-232x300.webp 232w\" sizes=\"auto, (max-width: 374px) 100vw, 374px\" \/><\/a><\/figure>\n<\/div>\n\n\n\n<div class=\"wp-block-column is-layout-flow wp-block-column-is-layout-flow\" style=\"flex-basis:66.66%\">\n<p><strong>Christian Hubert<\/strong>, adh\u00e9rent b\u00e9n\u00e9vole depuis 2004, est r\u00e9f\u00e9rent hirondelle depuis 2009 au sein de l&rsquo;association.<br \/>Il participe notamment au projet <em>Nichoirs<\/em>, en collaboration avec des agriculteurs engag\u00e9s en agriculture biologique, au d\u00e9veloppement de la <em>Cellule Action Pour le VIVant <\/em>(C.A.P.VIV), \u00e0 de nombreuses enqu\u00eates ornithologiques et \u00e0 la vie associative du COGard.<\/p>\n<\/div>\n<\/div>\n\n\n\n<h6 class=\"wp-block-heading\">Les Hirondelles dans le Gard : protection et observation<\/h6>\n\n\n\n<p>Au printemps, les hirondelles reviennent nicher chez nous. Elles resteront tout l\u2019\u00e9t\u00e9. On ne pourrait imaginer celui-ci sans elles&nbsp;! Et pourtant leurs effectifs ne cessent de chuter depuis les ann\u00e9es 1960\u2026<br \/>Apr\u00e8s un expos\u00e9 g\u00e9n\u00e9ral sur les diff\u00e9rentes esp\u00e8ces d\u2019hirondelles pr\u00e9sentes dans notre d\u00e9partement, o\u00f9 nous verrons comment les reconna\u00eetre, les diff\u00e9rencier et leur habitat, Christian Hubert pr\u00e9sentera un \u00e9tat de la population \u00e0 travers des recensements gardois effectu\u00e9s gr\u00e2ce \u00e0 l\u2019enqu\u00eate hirondelle.<\/p>\n\n\n<div class=\"wp-block-image\">\n<figure class=\"aligncenter size-large\"><a href=\"https:\/\/www.aphyllanthe.fr\/association\/wp-content\/uploads\/2023\/11\/HIRONDELLES.webp\"><img loading=\"lazy\" decoding=\"async\" width=\"1024\" height=\"746\" src=\"https:\/\/www.aphyllanthe.fr\/association\/wp-content\/uploads\/2023\/11\/HIRONDELLES-1024x746.webp\" alt=\"\" class=\"wp-image-20256\" srcset=\"https:\/\/www.aphyllanthe.fr\/association\/wp-content\/uploads\/2023\/11\/HIRONDELLES-1024x746.webp 1024w, https:\/\/www.aphyllanthe.fr\/association\/wp-content\/uploads\/2023\/11\/HIRONDELLES-300x219.webp 300w, https:\/\/www.aphyllanthe.fr\/association\/wp-content\/uploads\/2023\/11\/HIRONDELLES-768x559.webp 768w, https:\/\/www.aphyllanthe.fr\/association\/wp-content\/uploads\/2023\/11\/HIRONDELLES.webp 1171w\" sizes=\"auto, (max-width: 1024px) 100vw, 1024px\" \/><\/a><\/figure>\n<\/div>\n\n\n<h5 class=\"wp-block-heading has-text-align-center has-background\" style=\"background-color:#e5b798\">Foyer d&rsquo;Aigaliers &#8211; 18h30<br \/>Entr\u00e9 libre et gratuite<br \/>Conf\u00e9rence suivie d&rsquo;un pot de l&rsquo;amiti\u00e9<\/h5>\n","protected":false},"excerpt":{"rendered":"<p>Vendredi 26 janvier \u00e018h30, l&rsquo;Aphyllanthe invite Christian Hubert, du Centre Ornithologique du Gard, \u00e0 venir pr\u00e9senter un \u00e9tat de la population des hirondelles dans le Gard. Le COGard : une association de protection de la nature gardoise Le Centre Ornithologique du Gard (COGard) est une association de protection de la nature, cr\u00e9\u00e9e il y a &hellip; <a href=\"https:\/\/www.aphyllanthe.fr\/association\/conference-les-hirondelles-dans-le-gard\/\" class=\"more-link\">Continuer la lecture de <span class=\"screen-reader-text\">Conf\u00e9rence : les Hirondelles dans le Gard<\/span>  <span class=\"meta-nav\">&rarr;<\/span><\/a><\/p>\n","protected":false},"author":10,"featured_media":18124,"comment_status":"closed","ping_status":"closed","sticky":false,"template":"","format":"standard","meta":{"footnotes":""},"categories":[4,118],"tags":[],"class_list":["post-20252","post","type-post","status-publish","format-standard","has-post-thumbnail","hentry","category-annonce","category-partage-de-savoirs"],"_links":{"self":[{"href":"https:\/\/www.aphyllanthe.fr\/association\/wp-json\/wp\/v2\/posts\/20252","targetHints":{"allow":["GET"]}}],"collection":[{"href":"https:\/\/www.aphyllanthe.fr\/association\/wp-json\/wp\/v2\/posts"}],"about":[{"href":"https:\/\/www.aphyllanthe.fr\/association\/wp-json\/wp\/v2\/types\/post"}],"author":[{"embeddable":true,"href":"https:\/\/www.aphyllanthe.fr\/association\/wp-json\/wp\/v2\/users\/10"}],"replies":[{"embeddable":true,"href":"https:\/\/www.aphyllanthe.fr\/association\/wp-json\/wp\/v2\/comments?post=20252"}],"version-history":[{"count":17,"href":"https:\/\/www.aphyllanthe.fr\/association\/wp-json\/wp\/v2\/posts\/20252\/revisions"}],"predecessor-version":[{"id":20283,"href":"https:\/\/www.aphyllanthe.fr\/association\/wp-json\/wp\/v2\/posts\/20252\/revisions\/20283"}],"wp:featuredmedia":[{"embeddable":true,"href":"https:\/\/www.aphyllanthe.fr\/association\/wp-json\/wp\/v2\/media\/18124"}],"wp:attachment":[{"href":"https:\/\/www.aphyllanthe.fr\/association\/wp-json\/wp\/v2\/media?parent=20252"}],"wp:term":[{"taxonomy":"category","embeddable":true,"href":"https:\/\/www.aphyllanthe.fr\/association\/wp-json\/wp\/v2\/categories?post=20252"},{"taxonomy":"post_tag","embeddable":true,"href":"https:\/\/www.aphyllanthe.fr\/association\/wp-json\/wp\/v2\/tags?post=20252"}],"curies":[{"name":"wp","href":"https:\/\/api.w.org\/{rel}","templated":true}]}}