{"id":20289,"date":"2023-12-12T10:33:17","date_gmt":"2023-12-12T09:33:17","guid":{"rendered":"https:\/\/www.aphyllanthe.fr\/association\/?p=20289"},"modified":"2024-01-10T10:34:17","modified_gmt":"2024-01-10T09:34:17","slug":"reportage-sur-la-visite-au-musee-de-la-romanite","status":"publish","type":"post","link":"https:\/\/www.aphyllanthe.fr\/association\/reportage-sur-la-visite-au-musee-de-la-romanite\/","title":{"rendered":"Reportage sur la visite au Mus\u00e9e de la Romanit\u00e9"},"content":{"rendered":"\n<p class=\"has-background\" style=\"background-color:#d9ecf8\">Cinq ans apr\u00e8s la pr\u00e9c\u00e9dente, cette nouvelle visite du Mus\u00e9e de la Romanit\u00e9 a suscit\u00e9 un engouement certain avec 27 participants dont certains tr\u00e8s jeunes et d\u00e9j\u00e0 tr\u00e8s int\u00e9ress\u00e9s et attentifs. Voici le compte-rendu de Jos\u00e9, qui semble avoir particuli\u00e8rement appr\u00e9ci\u00e9 cette visite guid\u00e9e.<\/p>\n\n\n\n<p><br \/>Notre guide, Marion, fort sympathique, a su nous transmettre ses connaissances tout au long de cette visite de 2 heures, tr\u00e8s instructive, et dans une ambiance tr\u00e8s agr\u00e9able.<br \/><br \/>Nous avons d\u00e9couvert dans un premier temps, l&rsquo;exposition temporaire, \u00e9manation du Carr\u00e9 d&rsquo;Art qui f\u00eate ses 30 ans. Cette exposition est consacr\u00e9e au lien entre Antiquit\u00e9 et Art Contemporain. Elle pr\u00e9sente des \u0153uvres d\u2019Oliver LARIC, artiste autrichien qui s&rsquo;inscrit dans une d\u00e9marche artistique contemporaine li\u00e9e au digital avec la r\u00e9alisation d\u2019\u0153uvres \u00e0 partir d\u2019une imprimante 3D, de moulages utilisant des mat\u00e9riaux divers tels que la r\u00e9sine, ou des injections min\u00e9rales, de l\u2019aluminium\u2026 Certaines \u0153uvres ont \u00e9t\u00e9 r\u00e9interpr\u00e9t\u00e9es, retravaill\u00e9es en collaboration avec les sp\u00e9cialistes du Mus\u00e9e de la Romanit\u00e9, comme par exemple l&rsquo;enfant au chien ou la statue fontaine de Neptune avec dauphin.<\/p>\n\n\n\n<figure class=\"wp-block-gallery has-nested-images columns-default is-cropped wp-block-gallery-2 is-layout-flex wp-block-gallery-is-layout-flex\">\n<figure class=\"wp-block-image size-large\"><a href=\"https:\/\/www.aphyllanthe.fr\/association\/wp-content\/uploads\/2023\/12\/STATUE-FONTAINE-DE-NEPTUNEJPG.webp\"><img loading=\"lazy\" decoding=\"async\" width=\"411\" height=\"640\" data-id=\"20323\" src=\"https:\/\/www.aphyllanthe.fr\/association\/wp-content\/uploads\/2023\/12\/STATUE-FONTAINE-DE-NEPTUNEJPG.webp\" alt=\"\" class=\"wp-image-20323\" srcset=\"https:\/\/www.aphyllanthe.fr\/association\/wp-content\/uploads\/2023\/12\/STATUE-FONTAINE-DE-NEPTUNEJPG.webp 411w, https:\/\/www.aphyllanthe.fr\/association\/wp-content\/uploads\/2023\/12\/STATUE-FONTAINE-DE-NEPTUNEJPG-193x300.webp 193w\" sizes=\"auto, (max-width: 411px) 100vw, 411px\" \/><\/a><figcaption class=\"wp-element-caption\"><strong>Statue fontaine de Neptune,<br \/>Haut-Empire romain<\/strong><\/figcaption><\/figure>\n\n\n\n<figure class=\"wp-block-image size-large\"><a href=\"https:\/\/www.aphyllanthe.fr\/association\/wp-content\/uploads\/2023\/12\/OLIVER-LARIC.webp\"><img loading=\"lazy\" decoding=\"async\" width=\"447\" height=\"640\" data-id=\"20324\" src=\"https:\/\/www.aphyllanthe.fr\/association\/wp-content\/uploads\/2023\/12\/OLIVER-LARIC.webp\" alt=\"\" class=\"wp-image-20324\" srcset=\"https:\/\/www.aphyllanthe.fr\/association\/wp-content\/uploads\/2023\/12\/OLIVER-LARIC.webp 447w, https:\/\/www.aphyllanthe.fr\/association\/wp-content\/uploads\/2023\/12\/OLIVER-LARIC-210x300.webp 210w\" sizes=\"auto, (max-width: 447px) 100vw, 447px\" \/><\/a><figcaption class=\"wp-element-caption\"><strong>Neptune,<br \/>interpr\u00e9tation par Oliver Laric<\/strong><\/figcaption><\/figure>\n<\/figure>\n\n\n\n<p><br \/>L&rsquo;exposition permanente nous a permis de suivre la naissance et le d\u00e9veloppement de la ville de N\u00eemes au fil des si\u00e8cles. Les premiers Celtes se sont install\u00e9s pr\u00e8s de la source consacr\u00e9e \u00e0 <strong>Nemaus<\/strong>, puis les Volques Ar\u00e9comiques d\u00e9velopp\u00e8rent un oppidum avec une enceinte qui int\u00e9grait une tour gauloise, qui servit ult\u00e9rieurement de base \u00e0 la tour Magne.<\/p>\n\n\n\n<p>Cette p\u00e9riode pr\u00e9-romaine fut marqu\u00e9e par de nombreuses d\u00e9couvertes dans la r\u00e9gion\u00a0: des tombes qui ont permis de d\u00e9chiffrer les rites d&rsquo;inhumation, des bustes de guerriers gaulois avec cuirasses -torques \u2013ceintures des plans de maisons qui laissent entrevoir le mode de vie des gaulois, des r\u00e9serves de poteries diverses qui permettent de mieux conna\u00eetre les \u00e9volutions techniques de l&rsquo;\u00e9poque et les \u00e9changes commerciaux entre les peuples m\u00e9diterran\u00e9ens.<br \/><br \/>Le secteur de la romanisation montre l&rsquo;\u00e9volution de la ville de N\u00eemes et ses alentours avec l &lsquo;int\u00e9gration progressive des gaulois, dont certains ont pu acqu\u00e9rir la citoyennet\u00e9 romaine. Ce secteur met en relief quelques \u0153uvres importantes, la statue fontaine de Neptune d\u00e9j\u00e0 propos\u00e9e au d\u00e9but de la visite par Oliver LARIC dans sa version moderne, et une exceptionnelle mosa\u00efque, dans un \u00e9tat de conservation remarquable, qui retrace la terrible histoire de Penth\u00e9e.<\/p>\n\n\n<div class=\"wp-block-image\">\n<figure class=\"aligncenter size-full\"><a href=\"https:\/\/www.aphyllanthe.fr\/association\/wp-content\/uploads\/2023\/12\/MOSAIQUEJPG.webp\"><img loading=\"lazy\" decoding=\"async\" width=\"640\" height=\"427\" src=\"https:\/\/www.aphyllanthe.fr\/association\/wp-content\/uploads\/2023\/12\/MOSAIQUEJPG.webp\" alt=\"\" class=\"wp-image-20327\" srcset=\"https:\/\/www.aphyllanthe.fr\/association\/wp-content\/uploads\/2023\/12\/MOSAIQUEJPG.webp 640w, https:\/\/www.aphyllanthe.fr\/association\/wp-content\/uploads\/2023\/12\/MOSAIQUEJPG-300x200.webp 300w\" sizes=\"auto, (max-width: 640px) 100vw, 640px\" \/><\/a><figcaption class=\"wp-element-caption\"><strong>Mosa\u00efque retra\u00e7ant l&rsquo;histoire de Penth\u00e9e<\/strong><\/figcaption><\/figure>\n<\/div>\n\n\n<p>Dans le secteur de la monnaie, nous avons pu voir des exemplaires de pi\u00e8ces <em>Dupondiu<\/em>s de N\u00eemes, valant 2 as, comportant sur la face les 2 t\u00eates adoss\u00e9es d&rsquo;Auguste et d&rsquo;Agrippa, et sur le revers le crocodile encha\u00een\u00e9 \u00e0 un palmier symbolisant les exploits militaires d&rsquo;Agrippa.<\/p>\n\n\n<div class=\"wp-block-image\">\n<figure class=\"aligncenter size-full is-resized\"><a href=\"https:\/\/www.aphyllanthe.fr\/association\/wp-content\/uploads\/2023\/12\/MONNAIE-DUPONDIUSJPG.webp\"><img loading=\"lazy\" decoding=\"async\" width=\"480\" height=\"351\" src=\"https:\/\/www.aphyllanthe.fr\/association\/wp-content\/uploads\/2023\/12\/MONNAIE-DUPONDIUSJPG.webp\" alt=\"\" class=\"wp-image-20333\" style=\"width:472px;height:auto\" srcset=\"https:\/\/www.aphyllanthe.fr\/association\/wp-content\/uploads\/2023\/12\/MONNAIE-DUPONDIUSJPG.webp 480w, https:\/\/www.aphyllanthe.fr\/association\/wp-content\/uploads\/2023\/12\/MONNAIE-DUPONDIUSJPG-300x219.webp 300w\" sizes=\"auto, (max-width: 480px) 100vw, 480px\" \/><\/a><figcaption class=\"wp-element-caption\"><strong>Pi\u00e8ces Dupondius de N\u00eemes<\/strong><\/figcaption><\/figure>\n<\/div>\n\n\n<p>Apr\u00e8s la chute de l&#8217;empire romain en 476 les pratiques fun\u00e9raires \u00e9volu\u00e8rent. Un sarcophage pr\u00e9sent\u00e9 montre une iconographie gr\u00e9co-romaine m\u00eal\u00e9e \u00e0 des signes chr\u00e9tiens en particulier un chrisme \u00e9tonnamment invers\u00e9&nbsp;!<\/p>\n\n\n<div class=\"wp-block-image\">\n<figure class=\"aligncenter size-full\"><a href=\"https:\/\/www.aphyllanthe.fr\/association\/wp-content\/uploads\/2023\/12\/BUSTE-DE-SAINTE-ANASTASIE-.webp\"><img loading=\"lazy\" decoding=\"async\" width=\"640\" height=\"431\" src=\"https:\/\/www.aphyllanthe.fr\/association\/wp-content\/uploads\/2023\/12\/BUSTE-DE-SAINTE-ANASTASIE-.webp\" alt=\"\" class=\"wp-image-20335\" srcset=\"https:\/\/www.aphyllanthe.fr\/association\/wp-content\/uploads\/2023\/12\/BUSTE-DE-SAINTE-ANASTASIE-.webp 640w, https:\/\/www.aphyllanthe.fr\/association\/wp-content\/uploads\/2023\/12\/BUSTE-DE-SAINTE-ANASTASIE--300x202.webp 300w\" sizes=\"auto, (max-width: 640px) 100vw, 640px\" \/><\/a><figcaption class=\"wp-element-caption\"><strong>Buste de Sainte-Anastasie<\/strong><\/figcaption><\/figure>\n<\/div>\n\n\n<p>La visite guid\u00e9e s\u2019est termin\u00e9e au milieu de magnifiques maquettes en li\u00e8ge repr\u00e9sentant des \u00e9difices embl\u00e9matiques du monde gr\u00e9co-romain, de N\u00eemes et d&rsquo;ailleurs, r\u00e9alis\u00e9es par Auguste PELET au 19e si\u00e8cle dans un but \u00e9ducatif.<br \/><br \/>Au final, ce fut une tr\u00e8s belle visite qui nous a permis de voir ou revoir les superbes \u0153uvres pr\u00e9sent\u00e9es par le Mus\u00e9e de la Romanit\u00e9.<\/p>\n","protected":false},"excerpt":{"rendered":"<p>Cinq ans apr\u00e8s la pr\u00e9c\u00e9dente, cette nouvelle visite du Mus\u00e9e de la Romanit\u00e9 a suscit\u00e9 un engouement certain avec 27 participants dont certains tr\u00e8s jeunes et d\u00e9j\u00e0 tr\u00e8s int\u00e9ress\u00e9s et attentifs. Voici le compte-rendu de Jos\u00e9, qui semble avoir particuli\u00e8rement appr\u00e9ci\u00e9 cette visite guid\u00e9e. Notre guide, Marion, fort sympathique, a su nous transmettre ses connaissances &hellip; <a href=\"https:\/\/www.aphyllanthe.fr\/association\/reportage-sur-la-visite-au-musee-de-la-romanite\/\" class=\"more-link\">Continuer la lecture de <span class=\"screen-reader-text\">Reportage sur la visite au Mus\u00e9e de la Romanit\u00e9<\/span>  <span class=\"meta-nav\">&rarr;<\/span><\/a><\/p>\n","protected":false},"author":10,"featured_media":20321,"comment_status":"closed","ping_status":"closed","sticky":false,"template":"","format":"standard","meta":{"footnotes":""},"categories":[117,3,113],"tags":[],"class_list":["post-20289","post","type-post","status-publish","format-standard","has-post-thumbnail","hentry","category-familles-et-enfants","category-reportage","category-sorties-patrimoine"],"_links":{"self":[{"href":"https:\/\/www.aphyllanthe.fr\/association\/wp-json\/wp\/v2\/posts\/20289","targetHints":{"allow":["GET"]}}],"collection":[{"href":"https:\/\/www.aphyllanthe.fr\/association\/wp-json\/wp\/v2\/posts"}],"about":[{"href":"https:\/\/www.aphyllanthe.fr\/association\/wp-json\/wp\/v2\/types\/post"}],"author":[{"embeddable":true,"href":"https:\/\/www.aphyllanthe.fr\/association\/wp-json\/wp\/v2\/users\/10"}],"replies":[{"embeddable":true,"href":"https:\/\/www.aphyllanthe.fr\/association\/wp-json\/wp\/v2\/comments?post=20289"}],"version-history":[{"count":17,"href":"https:\/\/www.aphyllanthe.fr\/association\/wp-json\/wp\/v2\/posts\/20289\/revisions"}],"predecessor-version":[{"id":20397,"href":"https:\/\/www.aphyllanthe.fr\/association\/wp-json\/wp\/v2\/posts\/20289\/revisions\/20397"}],"wp:featuredmedia":[{"embeddable":true,"href":"https:\/\/www.aphyllanthe.fr\/association\/wp-json\/wp\/v2\/media\/20321"}],"wp:attachment":[{"href":"https:\/\/www.aphyllanthe.fr\/association\/wp-json\/wp\/v2\/media?parent=20289"}],"wp:term":[{"taxonomy":"category","embeddable":true,"href":"https:\/\/www.aphyllanthe.fr\/association\/wp-json\/wp\/v2\/categories?post=20289"},{"taxonomy":"post_tag","embeddable":true,"href":"https:\/\/www.aphyllanthe.fr\/association\/wp-json\/wp\/v2\/tags?post=20289"}],"curies":[{"name":"wp","href":"https:\/\/api.w.org\/{rel}","templated":true}]}}