{"id":20410,"date":"2024-01-04T10:59:22","date_gmt":"2024-01-04T09:59:22","guid":{"rendered":"https:\/\/www.aphyllanthe.fr\/association\/?p=20410"},"modified":"2024-01-29T21:21:54","modified_gmt":"2024-01-29T20:21:54","slug":"sortie-au-museon-arlaten","status":"publish","type":"post","link":"https:\/\/www.aphyllanthe.fr\/association\/sortie-au-museon-arlaten\/","title":{"rendered":"Sortie au Museon Arlaten le 14 janvier"},"content":{"rendered":"\n<p class=\"has-background\" style=\"background-color:#b6d2f0\"><strong>L\u2019Aphyllanthe organise une visite guid\u00e9e du Museon Arlaten dans la ville d\u2019Arles dimanche 14 janvier \u00e0 14h15.<\/strong><\/p>\n\n\n\n<p>Il ne faut surtout pas manquer cette visite exceptionnelle d\u2019un des mus\u00e9es les plus r\u00e9cents et modernes de la r\u00e9gion.<\/p>\n\n\n\n<h3 class=\"wp-block-heading\">Le mus\u00e9e<\/h3>\n\n\n\n<div class=\"wp-block-columns is-layout-flex wp-container-core-columns-is-layout-9d6595d7 wp-block-columns-is-layout-flex\">\n<div class=\"wp-block-column is-layout-flow wp-block-column-is-layout-flow\" style=\"flex-basis:33.33%\">\n<figure class=\"wp-block-image size-full\"><a href=\"https:\/\/www.aphyllanthe.fr\/association\/wp-content\/uploads\/2024\/01\/arlaten-1.webp\"><img loading=\"lazy\" decoding=\"async\" width=\"667\" height=\"1000\" src=\"https:\/\/www.aphyllanthe.fr\/association\/wp-content\/uploads\/2024\/01\/arlaten-1.webp\" alt=\"\" class=\"wp-image-20419\" srcset=\"https:\/\/www.aphyllanthe.fr\/association\/wp-content\/uploads\/2024\/01\/arlaten-1.webp 667w, https:\/\/www.aphyllanthe.fr\/association\/wp-content\/uploads\/2024\/01\/arlaten-1-200x300.webp 200w\" sizes=\"auto, (max-width: 667px) 100vw, 667px\" \/><\/a><\/figure>\n<\/div>\n\n\n\n<div class=\"wp-block-column is-layout-flow wp-block-column-is-layout-flow\" style=\"flex-basis:66.66%\">\n<p>Le Museon Arlaten a une longue histoire dans la ville d&rsquo;Arles. Fond\u00e9 par Fr\u00e9d\u00e9ric Mistral pour h\u00e9berger ses collections sur la vie en Provence, ce mus\u00e9e a int\u00e9gr\u00e9 le b\u00e2timent actuel d\u00e8s en 1909. Assez moderne pour l\u2019\u00e9poque, il a cependant souffert d\u2019un manque de d\u00e9veloppement et de financement au cours des ann\u00e9es. <\/p>\n\n\n\n<p>En 2009, les pouvoirs publics ont engag\u00e9 une r\u00e9novation importante qui n&rsquo;eut pas \u00e9t\u00e9 possible sans leur concours. La r\u00e9novation, qui devait durer 6 ans, en a finalement pris pr\u00e8s de 11. Pendant une tr\u00e8s longue p\u00e9riode seule une immense grue encombrait la petite rue d\u2019Arles o\u00f9 \u00e9tait situ\u00e9 le mus\u00e9e entr\u00e9 en sommeil.<\/p>\n<\/div>\n<\/div>\n\n\n\n<p>A sa r\u00e9ouverture en 2021, on a d\u00e9couvert un lieu somptueux qui combine, entre autres, des ruines romaines, des salles pr\u00e9sentant les collections ethnographiques de Fr\u00e9d\u00e9ric Mistral et une chapelle j\u00e9suite r\u00e9nov\u00e9e.<\/p>\n\n\n\n<p>Le mus\u00e9e actuel, r\u00e9solument moderne, a recours \u00e0 des m\u00e9thodes originales de pr\u00e9sentation des collections et \u00e0 de nombreuses aides audio-visuelles.<\/p>\n\n\n<div class=\"wp-block-image\">\n<figure class=\"aligncenter size-full is-resized\"><a href=\"https:\/\/www.aphyllanthe.fr\/association\/wp-content\/uploads\/2024\/01\/arlaten-3.webp\"><img loading=\"lazy\" decoding=\"async\" width=\"533\" height=\"800\" src=\"https:\/\/www.aphyllanthe.fr\/association\/wp-content\/uploads\/2024\/01\/arlaten-3.webp\" alt=\"\" class=\"wp-image-20421\" style=\"width:308px;height:auto\" srcset=\"https:\/\/www.aphyllanthe.fr\/association\/wp-content\/uploads\/2024\/01\/arlaten-3.webp 533w, https:\/\/www.aphyllanthe.fr\/association\/wp-content\/uploads\/2024\/01\/arlaten-3-200x300.webp 200w\" sizes=\"auto, (max-width: 533px) 100vw, 533px\" \/><\/a><\/figure>\n<\/div>\n\n\n<p>Au del\u00e0 de la collection  Mistral, le mus\u00e9e explore aussi la Provence des 20e et 21e si\u00e8cles, l\u2019origine des traditions, l\u2019arriv\u00e9e de l\u2019industrialisation, la vie quotidienne et la diversit\u00e9 des habitants.<\/p>\n\n\n\n<p>C&rsquo;est un v\u00e9ritable&nbsp;\u00ab&nbsp;Panth\u00e9on de la Provence&nbsp;\u00bb.&nbsp;<\/p>\n\n\n\n<h3 class=\"wp-block-heading\">Conditions de visite<\/h3>\n\n\n\n<p><strong>Horaire <\/strong>: retrouvez notre responsable devant le mus\u00e9e au plus tard \u00e0 14h15.  Comptez environ 1h30 pour la visite guid\u00e9e. <\/p>\n\n\n\n<p><strong>Lieu <\/strong>: Museon Arlaten, 29 rue de la R\u00e9publique, Arles. <\/p>\n\n\n\n<figure class=\"wp-block-table\"><table><tbody><tr><td class=\"has-text-align-center\" data-align=\"center\"><strong>Tarif<\/strong><\/td><td class=\"has-text-align-center\" data-align=\"center\">Adultes<\/td><td class=\"has-text-align-center\" data-align=\"center\">-18 ans<\/td><\/tr><tr><td class=\"has-text-align-center\" data-align=\"center\">Adh\u00e9rents<\/td><td class=\"has-text-align-center\" data-align=\"center\">6 \u20ac<\/td><td class=\"has-text-align-center\" data-align=\"center\">offert<\/td><\/tr><tr><td class=\"has-text-align-center\" data-align=\"center\">Non Adh\u00e9rents<\/td><td class=\"has-text-align-center\" data-align=\"center\">12 \u20ac<\/td><td class=\"has-text-align-center\" data-align=\"center\">offert<\/td><\/tr><\/tbody><\/table><\/figure>\n\n\n\n<h5 class=\"wp-block-heading has-text-align-center has-background\" style=\"background-color:#b6d2f0\">Inscriptions et renseignements aupr\u00e8s du secr\u00e9tariat<br \/>aphyllanthe@orange.fr ou t\u00e9l : 04 66 22 10 20<\/h5>\n\n\n\n<p class=\"has-text-align-center\"><strong>R\u00e8glement exig\u00e9 pour confirmer la r\u00e9servation.<\/strong><br \/>Il ne sera pas possible de payer sur place. Si vous ne pouvez pas passer \u00e0 la biblioth\u00e8que lors des heures d&rsquo;ouverture, vous pouvez laisser votre ch\u00e8que dans notre bo\u00eete aux lettres devant la Mairie d&rsquo;Aigaliers.<\/p>\n","protected":false},"excerpt":{"rendered":"<p>L\u2019Aphyllanthe organise une visite guid\u00e9e du Museon Arlaten dans la ville d\u2019Arles dimanche 14 janvier \u00e0 14h15. Il ne faut surtout pas manquer cette visite exceptionnelle d\u2019un des mus\u00e9es les plus r\u00e9cents et modernes de la r\u00e9gion. Le mus\u00e9e Le Museon Arlaten a une longue histoire dans la ville d&rsquo;Arles. Fond\u00e9 par Fr\u00e9d\u00e9ric Mistral pour &hellip; <a href=\"https:\/\/www.aphyllanthe.fr\/association\/sortie-au-museon-arlaten\/\" class=\"more-link\">Continuer la lecture de <span class=\"screen-reader-text\">Sortie au Museon Arlaten le 14 janvier<\/span>  <span class=\"meta-nav\">&rarr;<\/span><\/a><\/p>\n","protected":false},"author":1,"featured_media":20420,"comment_status":"closed","ping_status":"closed","sticky":false,"template":"","format":"standard","meta":{"footnotes":""},"categories":[4],"tags":[],"class_list":["post-20410","post","type-post","status-publish","format-standard","has-post-thumbnail","hentry","category-annonce"],"_links":{"self":[{"href":"https:\/\/www.aphyllanthe.fr\/association\/wp-json\/wp\/v2\/posts\/20410","targetHints":{"allow":["GET"]}}],"collection":[{"href":"https:\/\/www.aphyllanthe.fr\/association\/wp-json\/wp\/v2\/posts"}],"about":[{"href":"https:\/\/www.aphyllanthe.fr\/association\/wp-json\/wp\/v2\/types\/post"}],"author":[{"embeddable":true,"href":"https:\/\/www.aphyllanthe.fr\/association\/wp-json\/wp\/v2\/users\/1"}],"replies":[{"embeddable":true,"href":"https:\/\/www.aphyllanthe.fr\/association\/wp-json\/wp\/v2\/comments?post=20410"}],"version-history":[{"count":28,"href":"https:\/\/www.aphyllanthe.fr\/association\/wp-json\/wp\/v2\/posts\/20410\/revisions"}],"predecessor-version":[{"id":20515,"href":"https:\/\/www.aphyllanthe.fr\/association\/wp-json\/wp\/v2\/posts\/20410\/revisions\/20515"}],"wp:featuredmedia":[{"embeddable":true,"href":"https:\/\/www.aphyllanthe.fr\/association\/wp-json\/wp\/v2\/media\/20420"}],"wp:attachment":[{"href":"https:\/\/www.aphyllanthe.fr\/association\/wp-json\/wp\/v2\/media?parent=20410"}],"wp:term":[{"taxonomy":"category","embeddable":true,"href":"https:\/\/www.aphyllanthe.fr\/association\/wp-json\/wp\/v2\/categories?post=20410"},{"taxonomy":"post_tag","embeddable":true,"href":"https:\/\/www.aphyllanthe.fr\/association\/wp-json\/wp\/v2\/tags?post=20410"}],"curies":[{"name":"wp","href":"https:\/\/api.w.org\/{rel}","templated":true}]}}