{"id":20417,"date":"2024-01-04T15:07:39","date_gmt":"2024-01-04T14:07:39","guid":{"rendered":"https:\/\/www.aphyllanthe.fr\/association\/?p=20417"},"modified":"2024-01-29T21:22:48","modified_gmt":"2024-01-29T20:22:48","slug":"cine-des-possibles-du-11-janvier","status":"publish","type":"post","link":"https:\/\/www.aphyllanthe.fr\/association\/cine-des-possibles-du-11-janvier\/","title":{"rendered":"Cin\u00e9 des Possibles du 11 janvier"},"content":{"rendered":"\n<p class=\"has-light-gray-background-color has-text-color has-background has-link-color wp-elements-ed3ea55089ea441001b5bff4ce7fdd45\" style=\"color:#082a50\">Pr\u00e9sentation du film documentaire <strong><em>Pourquoi on se bat ?<\/em><\/strong> de Camille \u00c9tienne jeudi 11 janvier \u00e0 20h30 au Capitole d&rsquo;Uz\u00e8s. Une soir\u00e9e-d\u00e9bat propos\u00e9e et anim\u00e9e par le groupe inter-associatif <em>Les Amis du Parc Naturel R\u00e9gional des Garrigues<\/em>, en pr\u00e9sence de Jean-Fran\u00e7ois Camilleri, le producteur du film.<\/p>\n\n\n\n<p>Camille \u00c9tienne, 23 ans, est activiste climatique. Avec ses amis Solal, r\u00e9alisateur, et Jade, danseuse, elle part, cam\u00e9ra \u00e0 l&rsquo;\u00e9paule, filmer la source de son engagement : la fonte des glaces. En partageant l&rsquo;intimit\u00e9 de leur voyage, les trois amis l\u00e8vent le voile sur les biais qui nous entravent, ces dissonances cognitives qui nous bloquent :  c&rsquo;est aussi contre le d\u00e9ni, l&rsquo;impuissance, le sentiment d&rsquo;ill\u00e9gitimit\u00e9 qu&rsquo;il faut se battre.<\/p>\n\n\n\n<figure class=\"wp-block-embed is-type-video is-provider-youtube wp-block-embed-youtube wp-embed-aspect-16-9 wp-has-aspect-ratio\"><div class=\"wp-block-embed__wrapper\">\n<iframe loading=\"lazy\" title=\"Pourquoi on se bat (2023) - S\u00e9ance Sp\u00e9ciale du 12 avril 2023 au Grand Rex !\" width=\"474\" height=\"267\" src=\"https:\/\/www.youtube.com\/embed\/zvO_8ZKe_Kg?feature=oembed\" frameborder=\"0\" allow=\"accelerometer; autoplay; clipboard-write; encrypted-media; gyroscope; picture-in-picture; web-share\" referrerpolicy=\"strict-origin-when-cross-origin\" allowfullscreen><\/iframe>\n<\/div><\/figure>\n\n\n\n<p>Un tr\u00e8s beau portrait d\u2019une \u201cg\u00e9n\u00e9ration climat\u201d, d\u00e9sireuse de faire bouger les lignes et d\u2019affirmer une nouvelle mani\u00e8re d\u2019\u00eatre au monde, plus sensible, plus \u00e0 l\u2019\u00e9coute de la nature, des corps et des autres.<\/p>\n\n\n\n<p>Lien vers le site <a href=\"https:\/\/lesamisdupnrdesgarrigues.org\/\" target=\"_blank\" rel=\"noreferrer noopener\">Les Amis du Parc Naturel R\u00e9gional des Garrigues ici<\/a>.<\/p>\n\n\n\n<h5 class=\"wp-block-heading\">Tarif<\/h5>\n\n\n\n<figure class=\"wp-block-table aligncenter\"><table><tbody><tr><td class=\"has-text-align-center\" data-align=\"center\"><\/td><td class=\"has-text-align-center\" data-align=\"center\"><strong>Adultes<\/strong><\/td><td class=\"has-text-align-center\" data-align=\"center\"><strong>-18 ans<\/strong><\/td><\/tr><tr><td class=\"has-text-align-center\" data-align=\"center\"><strong>Adh\u00e9rents<\/strong><\/td><td class=\"has-text-align-center\" data-align=\"center\">3 \u20ac<\/td><td class=\"has-text-align-center\" data-align=\"center\">offert<\/td><\/tr><tr><td class=\"has-text-align-center\" data-align=\"center\"><strong>Non adh\u00e9rents<\/strong><\/td><td class=\"has-text-align-center\" data-align=\"center\">6 \u20ac<\/td><td class=\"has-text-align-center\" data-align=\"center\">6 \u20ac<\/td><\/tr><\/tbody><\/table><\/figure>\n\n\n\n<h5 class=\"wp-block-heading has-text-align-center has-light-gray-background-color has-text-color has-background has-link-color wp-elements-d29cad966468382205ae56dbaae61a63\" style=\"color:#082a50\">Inscriptions et renseignements aupr\u00e8s du secr\u00e9tariat<br \/>(contremarques \u00e0 r\u00e9cup\u00e9rer la veille de la s\u00e9ance au plus tard)<br \/>aphyllanthe@orange.fr ou t\u00e9l : 04 66 22 10 20<\/h5>\n","protected":false},"excerpt":{"rendered":"<p>Pr\u00e9sentation du film documentaire Pourquoi on se bat ? de Camille \u00c9tienne jeudi 11 janvier \u00e0 20h30 au Capitole d&rsquo;Uz\u00e8s. Une soir\u00e9e-d\u00e9bat propos\u00e9e et anim\u00e9e par le groupe inter-associatif Les Amis du Parc Naturel R\u00e9gional des Garrigues, en pr\u00e9sence de Jean-Fran\u00e7ois Camilleri, le producteur du film. Camille \u00c9tienne, 23 ans, est activiste climatique. Avec ses &hellip; <a href=\"https:\/\/www.aphyllanthe.fr\/association\/cine-des-possibles-du-11-janvier\/\" class=\"more-link\">Continuer la lecture de <span class=\"screen-reader-text\">Cin\u00e9 des Possibles du 11 janvier<\/span>  <span class=\"meta-nav\">&rarr;<\/span><\/a><\/p>\n","protected":false},"author":10,"featured_media":20427,"comment_status":"closed","ping_status":"closed","sticky":false,"template":"","format":"standard","meta":{"footnotes":""},"categories":[4],"tags":[],"class_list":["post-20417","post","type-post","status-publish","format-standard","has-post-thumbnail","hentry","category-annonce"],"_links":{"self":[{"href":"https:\/\/www.aphyllanthe.fr\/association\/wp-json\/wp\/v2\/posts\/20417","targetHints":{"allow":["GET"]}}],"collection":[{"href":"https:\/\/www.aphyllanthe.fr\/association\/wp-json\/wp\/v2\/posts"}],"about":[{"href":"https:\/\/www.aphyllanthe.fr\/association\/wp-json\/wp\/v2\/types\/post"}],"author":[{"embeddable":true,"href":"https:\/\/www.aphyllanthe.fr\/association\/wp-json\/wp\/v2\/users\/10"}],"replies":[{"embeddable":true,"href":"https:\/\/www.aphyllanthe.fr\/association\/wp-json\/wp\/v2\/comments?post=20417"}],"version-history":[{"count":13,"href":"https:\/\/www.aphyllanthe.fr\/association\/wp-json\/wp\/v2\/posts\/20417\/revisions"}],"predecessor-version":[{"id":20497,"href":"https:\/\/www.aphyllanthe.fr\/association\/wp-json\/wp\/v2\/posts\/20417\/revisions\/20497"}],"wp:featuredmedia":[{"embeddable":true,"href":"https:\/\/www.aphyllanthe.fr\/association\/wp-json\/wp\/v2\/media\/20427"}],"wp:attachment":[{"href":"https:\/\/www.aphyllanthe.fr\/association\/wp-json\/wp\/v2\/media?parent=20417"}],"wp:term":[{"taxonomy":"category","embeddable":true,"href":"https:\/\/www.aphyllanthe.fr\/association\/wp-json\/wp\/v2\/categories?post=20417"},{"taxonomy":"post_tag","embeddable":true,"href":"https:\/\/www.aphyllanthe.fr\/association\/wp-json\/wp\/v2\/tags?post=20417"}],"curies":[{"name":"wp","href":"https:\/\/api.w.org\/{rel}","templated":true}]}}