{"id":20433,"date":"2024-01-04T15:27:18","date_gmt":"2024-01-04T14:27:18","guid":{"rendered":"https:\/\/www.aphyllanthe.fr\/association\/?p=20433"},"modified":"2024-03-11T11:48:03","modified_gmt":"2024-03-11T10:48:03","slug":"des-activites-inedites-proposees-pour-2024","status":"publish","type":"post","link":"https:\/\/www.aphyllanthe.fr\/association\/des-activites-inedites-proposees-pour-2024\/","title":{"rendered":"Des activit\u00e9s in\u00e9dites propos\u00e9es pour 2024"},"content":{"rendered":"\n<p>L&rsquo;Aphyllanthe d\u00e9bute la nouvelle ann\u00e9e avec des propositions d&rsquo;activit\u00e9s in\u00e9dites.  Voir le d\u00e9tail en cliquant ci-dessous. <\/p>\n\n\n\n<p class=\"has-text-align-center\"><strong>Dans tous les cas si l&rsquo;activit\u00e9 vous int\u00e9resse &#8211; contactez vite le secr\u00e9tariat de l&rsquo;Aphyllanthe. <\/strong><\/p>\n\n\n\n<figure class=\"wp-block-gallery has-nested-images columns-default is-cropped wp-block-gallery-2 is-layout-flex wp-block-gallery-is-layout-flex\">\n<figure class=\"wp-block-image size-full\"><a href=\"https:\/\/www.aphyllanthe.fr\/association\/wp-content\/uploads\/2024\/01\/self-defense-1.jpg\"><img loading=\"lazy\" decoding=\"async\" width=\"236\" height=\"260\" data-id=\"20465\" src=\"https:\/\/www.aphyllanthe.fr\/association\/wp-content\/uploads\/2024\/01\/self-defense-1.jpg\" alt=\"\" class=\"wp-image-20465\"\/><\/a><\/figure>\n\n\n\n<figure class=\"wp-block-image size-large\"><a href=\"https:\/\/www.aphyllanthe.fr\/association\/wp-content\/uploads\/2024\/01\/echecs.jpg\"><img loading=\"lazy\" decoding=\"async\" width=\"474\" height=\"355\" data-id=\"20461\" src=\"https:\/\/www.aphyllanthe.fr\/association\/wp-content\/uploads\/2024\/01\/echecs.jpg\" alt=\"\" class=\"wp-image-20461\" srcset=\"https:\/\/www.aphyllanthe.fr\/association\/wp-content\/uploads\/2024\/01\/echecs.jpg 474w, https:\/\/www.aphyllanthe.fr\/association\/wp-content\/uploads\/2024\/01\/echecs-300x225.jpg 300w\" sizes=\"auto, (max-width: 474px) 100vw, 474px\" \/><\/a><\/figure>\n\n\n\n<figure class=\"wp-block-image size-full\"><a href=\"https:\/\/www.aphyllanthe.fr\/association\/wp-content\/uploads\/2023\/10\/ART-POSTAL-ATELIER.webp\"><img loading=\"lazy\" decoding=\"async\" width=\"809\" height=\"559\" data-id=\"19793\" src=\"https:\/\/www.aphyllanthe.fr\/association\/wp-content\/uploads\/2023\/10\/ART-POSTAL-ATELIER.webp\" alt=\"\" class=\"wp-image-19793\" srcset=\"https:\/\/www.aphyllanthe.fr\/association\/wp-content\/uploads\/2023\/10\/ART-POSTAL-ATELIER.webp 809w, https:\/\/www.aphyllanthe.fr\/association\/wp-content\/uploads\/2023\/10\/ART-POSTAL-ATELIER-300x207.webp 300w, https:\/\/www.aphyllanthe.fr\/association\/wp-content\/uploads\/2023\/10\/ART-POSTAL-ATELIER-768x531.webp 768w\" sizes=\"auto, (max-width: 809px) 100vw, 809px\" \/><\/a><\/figure>\n<\/figure>\n\n\n\n<div class=\"wp-block-pb-accordion-item c-accordion__item js-accordion-item no-js\" data-initially-open=\"false\" data-click-to-close=\"true\" data-auto-close=\"true\" data-scroll=\"true\" data-scroll-offset=\"0\"><h3 id=\"at-204333\" class=\"c-accordion__title js-accordion-controller\" role=\"button\"><em>Cours hebdomadaire de self-d\u00e9fense<\/em><\/h3><div id=\"ac-204333\" class=\"c-accordion__content\">\n<p>L\u2019animateur Philippe Laferri\u00e8re conduira cette activit\u00e9 dans une ambiance d\u00e9contract\u00e9e o\u00f9 chacun avancera \u00e0 son rythme quelque soit son \u00e2ge ou son \u00e9tat physique, toujours dans l\u2019objectif de progresser.<\/p>\n\n\n\n<p>Il abordera le self-d\u00e9fense de mise en situation et la gestion des conflits (attitude \u00e0 observer aux distributeur de billets, lors d&rsquo;altercation entre conducteurs, dans les bars, en cas d&rsquo;agression) en pr\u00e9sentant les fondamentaux issus des techniques de karat\u00e9 et de judo (frappes, esquives, chutes).<\/p>\n\n\n<div class=\"wp-block-image\">\n<figure class=\"aligncenter size-full is-resized\"><a href=\"https:\/\/www.aphyllanthe.fr\/association\/wp-content\/uploads\/2024\/01\/SELF-DEFENSE.webp\"><img loading=\"lazy\" decoding=\"async\" width=\"1287\" height=\"2528\" src=\"https:\/\/www.aphyllanthe.fr\/association\/wp-content\/uploads\/2024\/01\/SELF-DEFENSE.webp\" alt=\"\" class=\"wp-image-20519\" style=\"width:238px;height:auto\" srcset=\"https:\/\/www.aphyllanthe.fr\/association\/wp-content\/uploads\/2024\/01\/SELF-DEFENSE.webp 1287w, https:\/\/www.aphyllanthe.fr\/association\/wp-content\/uploads\/2024\/01\/SELF-DEFENSE-153x300.webp 153w, https:\/\/www.aphyllanthe.fr\/association\/wp-content\/uploads\/2024\/01\/SELF-DEFENSE-521x1024.webp 521w, https:\/\/www.aphyllanthe.fr\/association\/wp-content\/uploads\/2024\/01\/SELF-DEFENSE-768x1509.webp 768w, https:\/\/www.aphyllanthe.fr\/association\/wp-content\/uploads\/2024\/01\/SELF-DEFENSE-782x1536.webp 782w, https:\/\/www.aphyllanthe.fr\/association\/wp-content\/uploads\/2024\/01\/SELF-DEFENSE-1043x2048.webp 1043w\" sizes=\"auto, (max-width: 1287px) 100vw, 1287px\" \/><\/a><\/figure>\n<\/div>\n\n\n<ul class=\"wp-block-list\">\n<li>Public&nbsp;: adultes et adolescents \u00e0 partir de 16 ans, accompagn\u00e9s de leurs parents<\/li>\n\n\n\n<li>Horaire&nbsp;: chaque mercredi de 19h \u00e0 20h30<\/li>\n\n\n\n<li>Lieu&nbsp;: foyer d\u2019Aigaliers<\/li>\n<\/ul>\n\n\n\n<p>Tarif&nbsp;(hors adh\u00e9sion \u00e0 l\u2019Association l\u2019Aphyllanthe) :<\/p>\n\n\n\n<ul class=\"wp-block-list\">\n<li>120 \u20ac \u00e0 l\u2019ann\u00e9e, 90 \u20ac pour la p\u00e9riode de lancement de janvier \u00e0 juin 2024.<\/li>\n\n\n\n<li>50&nbsp;% de remise par personne suppl\u00e9mentaire du m\u00eame foyer familial (enfants et conjoint).<\/li>\n<\/ul>\n\n\n\n<p>Les nouveaux venus b\u00e9n\u00e9ficient d\u2019un essai de deux s\u00e9ances gratuites.<\/p>\n\n\n\n<p>La premi\u00e8re s\u00e9ance d\u2019essai aura lieu le 10 janvier.<\/p>\n<\/div><\/div>\n\n\n\n<hr class=\"wp-block-separator has-alpha-channel-opacity\"\/>\n\n\n\n<div class=\"wp-block-pb-accordion-item c-accordion__item js-accordion-item no-js\" data-initially-open=\"false\" data-click-to-close=\"true\" data-auto-close=\"true\" data-scroll=\"false\" data-scroll-offset=\"0\"><h3 id=\"at-204334\" class=\"c-accordion__title js-accordion-controller\" role=\"button\"><br \/><strong><em>Atelier d\u2019art postal pour adultes et enfants \u00e0 partir de 7 ans<\/em><\/strong><\/h3><div id=\"ac-204334\" class=\"c-accordion__content\">\n<p>A l\u2019automne 2023, l\u2019Association, sur l\u2019initiative du comit\u00e9 biblioth\u00e8que, a pr\u00e9sent\u00e9 une exposition fort appr\u00e9ci\u00e9e d\u2019Eric Babaud, sur l\u2019art postal. Qu\u00e8saco&nbsp;? Eh bien il s\u2019agit de pratiquer une correspondance artistique utilisant les services de La Poste en envoyant des lettres d\u00e9cor\u00e9es. La lettre et l\u2019enveloppe deviennent ainsi un support d\u2019expression artistique, les courriers adressant leur message aussi bien par le texte que par l\u2019image.<\/p>\n\n\n<div class=\"wp-block-image\">\n<figure class=\"aligncenter size-large\"><a href=\"https:\/\/www.aphyllanthe.fr\/association\/wp-content\/uploads\/2023\/08\/ART-POSTAL-VIN.webp\"><img loading=\"lazy\" decoding=\"async\" width=\"1024\" height=\"717\" src=\"https:\/\/www.aphyllanthe.fr\/association\/wp-content\/uploads\/2023\/08\/ART-POSTAL-VIN-1024x717.webp\" alt=\"\" class=\"wp-image-19297\" srcset=\"https:\/\/www.aphyllanthe.fr\/association\/wp-content\/uploads\/2023\/08\/ART-POSTAL-VIN-1024x717.webp 1024w, https:\/\/www.aphyllanthe.fr\/association\/wp-content\/uploads\/2023\/08\/ART-POSTAL-VIN-300x210.webp 300w, https:\/\/www.aphyllanthe.fr\/association\/wp-content\/uploads\/2023\/08\/ART-POSTAL-VIN-768x538.webp 768w, https:\/\/www.aphyllanthe.fr\/association\/wp-content\/uploads\/2023\/08\/ART-POSTAL-VIN-1536x1076.webp 1536w, https:\/\/www.aphyllanthe.fr\/association\/wp-content\/uploads\/2023\/08\/ART-POSTAL-VIN-2048x1434.webp 2048w, https:\/\/www.aphyllanthe.fr\/association\/wp-content\/uploads\/2023\/08\/ART-POSTAL-VIN-1320x924.webp 1320w\" sizes=\"auto, (max-width: 1024px) 100vw, 1024px\" \/><\/a><\/figure>\n<\/div>\n\n\n<p>Suite \u00e0 l&rsquo;expo, Eric Babaud a anim\u00e9 un atelier sur le sujet en novembre 2023. Les participants ont cr\u00e9\u00e9 leurs propres \u0153uvres, sous les conseils d&rsquo;Eric, qui ma\u00eetrise toutes les ficelles pour faire passer ces objets non normalis\u00e9s, et souvent h\u00e9t\u00e9roclites, par La Poste. A la demande de plusieurs participants, nous proposons de reconduire cet atelier une fois par mois pour une p\u00e9riode de lancement de janvier \u00e0 juin 2024.<\/p>\n\n\n\n<p>L\u2019horaire et l\u2019int\u00e9r\u00eat de nos adh\u00e9rents \u00e9tant \u00e0 reconfirmer nous demandons aux int\u00e9ress\u00e9s de contacter notre secr\u00e9tariat en pr\u00e9cisant les plages horaires pouvant leur convenir. Merci de nous contacter avant le 15 janvier pour nous permettre de confirmer cette initiative.<\/p>\n\n\n\n<p>Le tarif par personne de chaque atelier sera de 10 \u20ac.<\/p>\n<\/div><\/div>\n\n\n\n<hr class=\"wp-block-separator has-alpha-channel-opacity\"\/>\n\n\n\n<div class=\"wp-block-pb-accordion-item c-accordion__item js-accordion-item no-js\" data-initially-open=\"false\" data-click-to-close=\"true\" data-auto-close=\"true\" data-scroll=\"false\" data-scroll-offset=\"0\"><h3 id=\"at-204335\" class=\"c-accordion__title js-accordion-controller\" role=\"button\"><br \/><strong><em>Cr\u00e9ation d\u2019un club d&rsquo;\u00e9checs<\/em><\/strong><\/h3><div id=\"ac-204335\" class=\"c-accordion__content\">\n<p>Plusieurs adh\u00e9rents et amis de l\u2019association \u00e9tant des amateurs d\u2019\u00e9checs, nous cherchons \u00e0 organiser un club ouvert \u00e0 tous publics et \u00e0 tous les niveaux. Les principaux int\u00e9ress\u00e9s peuvent animer cette activit\u00e9 le vendredi soir ou le samedi \u2013 jour et horaire \u00e0 d\u00e9terminer en fonction des possibilit\u00e9s des participants.<\/p>\n\n\n<div class=\"wp-block-image\">\n<figure class=\"aligncenter size-full\"><a href=\"https:\/\/www.aphyllanthe.fr\/association\/wp-content\/uploads\/2024\/01\/echecs.jpg\"><img loading=\"lazy\" decoding=\"async\" width=\"474\" height=\"355\" src=\"https:\/\/www.aphyllanthe.fr\/association\/wp-content\/uploads\/2024\/01\/echecs.jpg\" alt=\"\" class=\"wp-image-20461\" srcset=\"https:\/\/www.aphyllanthe.fr\/association\/wp-content\/uploads\/2024\/01\/echecs.jpg 474w, https:\/\/www.aphyllanthe.fr\/association\/wp-content\/uploads\/2024\/01\/echecs-300x225.jpg 300w\" sizes=\"auto, (max-width: 474px) 100vw, 474px\" \/><\/a><\/figure>\n<\/div>\n\n\n<p>L\u2019Aphyllanthe fournira les pi\u00e8ces et les \u00e9chiquiers.<\/p>\n\n\n\n<ul class=\"wp-block-list\">\n<li>Fr\u00e9quence&nbsp;: hebdomadaire<\/li>\n\n\n\n<li>Lieu&nbsp;: biblioth\u00e8que d\u2019Aigaliers<\/li>\n\n\n\n<li>Tarif\u00a0: gratuit sur inscription.<\/li>\n<\/ul>\n\n\n\n<p>Merci aux personnes int\u00e9ress\u00e9es de contacter rapidement le secr\u00e9tariat de l\u2019Association pour permettre la mise en place de cette nouvelle activit\u00e9.<\/p>\n<\/div><\/div>\n","protected":false},"excerpt":{"rendered":"<p>L&rsquo;Aphyllanthe d\u00e9bute la nouvelle ann\u00e9e avec des propositions d&rsquo;activit\u00e9s in\u00e9dites. Voir le d\u00e9tail en cliquant ci-dessous. Dans tous les cas si l&rsquo;activit\u00e9 vous int\u00e9resse &#8211; contactez vite le secr\u00e9tariat de l&rsquo;Aphyllanthe.<\/p>\n","protected":false},"author":1,"featured_media":20469,"comment_status":"closed","ping_status":"closed","sticky":false,"template":"","format":"standard","meta":{"footnotes":""},"categories":[4],"tags":[],"class_list":["post-20433","post","type-post","status-publish","format-standard","has-post-thumbnail","hentry","category-annonce"],"_links":{"self":[{"href":"https:\/\/www.aphyllanthe.fr\/association\/wp-json\/wp\/v2\/posts\/20433","targetHints":{"allow":["GET"]}}],"collection":[{"href":"https:\/\/www.aphyllanthe.fr\/association\/wp-json\/wp\/v2\/posts"}],"about":[{"href":"https:\/\/www.aphyllanthe.fr\/association\/wp-json\/wp\/v2\/types\/post"}],"author":[{"embeddable":true,"href":"https:\/\/www.aphyllanthe.fr\/association\/wp-json\/wp\/v2\/users\/1"}],"replies":[{"embeddable":true,"href":"https:\/\/www.aphyllanthe.fr\/association\/wp-json\/wp\/v2\/comments?post=20433"}],"version-history":[{"count":36,"href":"https:\/\/www.aphyllanthe.fr\/association\/wp-json\/wp\/v2\/posts\/20433\/revisions"}],"predecessor-version":[{"id":21107,"href":"https:\/\/www.aphyllanthe.fr\/association\/wp-json\/wp\/v2\/posts\/20433\/revisions\/21107"}],"wp:featuredmedia":[{"embeddable":true,"href":"https:\/\/www.aphyllanthe.fr\/association\/wp-json\/wp\/v2\/media\/20469"}],"wp:attachment":[{"href":"https:\/\/www.aphyllanthe.fr\/association\/wp-json\/wp\/v2\/media?parent=20433"}],"wp:term":[{"taxonomy":"category","embeddable":true,"href":"https:\/\/www.aphyllanthe.fr\/association\/wp-json\/wp\/v2\/categories?post=20433"},{"taxonomy":"post_tag","embeddable":true,"href":"https:\/\/www.aphyllanthe.fr\/association\/wp-json\/wp\/v2\/tags?post=20433"}],"curies":[{"name":"wp","href":"https:\/\/api.w.org\/{rel}","templated":true}]}}