{"id":20524,"date":"2024-01-08T15:17:59","date_gmt":"2024-01-08T14:17:59","guid":{"rendered":"https:\/\/www.aphyllanthe.fr\/association\/?p=20524"},"modified":"2024-01-09T11:54:31","modified_gmt":"2024-01-09T10:54:31","slug":"elle-etait-comment-la-galette","status":"publish","type":"post","link":"https:\/\/www.aphyllanthe.fr\/association\/elle-etait-comment-la-galette\/","title":{"rendered":"Elle \u00e9tait comment la galette ?"},"content":{"rendered":"\n<p>Et bien, elle \u00e9tait plut\u00f4t bonne, d\u00e9licieuse m\u00eame aux dires des gourmands. Et plut\u00f4t anim\u00e9e ! En effet, pour l&rsquo;occasion, la chorale Ch\u0153ur de Village de Foissac est g\u00e9n\u00e9reusement  venue faire l\u2019aubade pour la cinquantaine d&rsquo;adh\u00e9rents qui \u00e9taient venus se r\u00e9chauffer \u00e0 la bonne humeur de l&rsquo;Aphyllanthe en ce dimanche d\u2019\u00c9piphanie.<\/p>\n\n\n\n<p>Malgr\u00e9 une formation r\u00e9duite, les choristes ont interpr\u00e9t\u00e9 avec passion une vingtaine de standards fran\u00e7ais d&rsquo;inspiration diverse, et ont r\u00e9ussi \u00e0 communiquer leur plaisir de chanter au public.<\/p>\n\n\n\n<figure class=\"wp-block-gallery has-nested-images columns-default is-cropped wp-block-gallery-2 is-layout-flex wp-block-gallery-is-layout-flex\">\n<figure class=\"wp-block-image size-large\"><a href=\"https:\/\/www.aphyllanthe.fr\/association\/wp-content\/uploads\/2024\/01\/27AA-01-040-Aphyllanthe-Galette_DxO-scaled.jpg\"><img loading=\"lazy\" decoding=\"async\" width=\"1024\" height=\"683\" data-id=\"20528\" src=\"https:\/\/www.aphyllanthe.fr\/association\/wp-content\/uploads\/2024\/01\/27AA-01-040-Aphyllanthe-Galette_DxO-1024x683.jpg\" alt=\"\" class=\"wp-image-20528\" srcset=\"https:\/\/www.aphyllanthe.fr\/association\/wp-content\/uploads\/2024\/01\/27AA-01-040-Aphyllanthe-Galette_DxO-1024x683.jpg 1024w, https:\/\/www.aphyllanthe.fr\/association\/wp-content\/uploads\/2024\/01\/27AA-01-040-Aphyllanthe-Galette_DxO-300x200.jpg 300w, https:\/\/www.aphyllanthe.fr\/association\/wp-content\/uploads\/2024\/01\/27AA-01-040-Aphyllanthe-Galette_DxO-768x512.jpg 768w, https:\/\/www.aphyllanthe.fr\/association\/wp-content\/uploads\/2024\/01\/27AA-01-040-Aphyllanthe-Galette_DxO-1536x1024.jpg 1536w, https:\/\/www.aphyllanthe.fr\/association\/wp-content\/uploads\/2024\/01\/27AA-01-040-Aphyllanthe-Galette_DxO-2048x1365.jpg 2048w, https:\/\/www.aphyllanthe.fr\/association\/wp-content\/uploads\/2024\/01\/27AA-01-040-Aphyllanthe-Galette_DxO-1320x880.jpg 1320w\" sizes=\"auto, (max-width: 1024px) 100vw, 1024px\" \/><\/a><figcaption class=\"wp-element-caption\">Une formation r\u00e9duite&#8230;<\/figcaption><\/figure>\n\n\n\n<figure class=\"wp-block-image size-large\"><a href=\"https:\/\/www.aphyllanthe.fr\/association\/wp-content\/uploads\/2024\/01\/20240107_165929-scaled.jpg\"><img loading=\"lazy\" decoding=\"async\" width=\"768\" height=\"1024\" data-id=\"20532\" src=\"https:\/\/www.aphyllanthe.fr\/association\/wp-content\/uploads\/2024\/01\/20240107_165929-768x1024.jpg\" alt=\"\" class=\"wp-image-20532\" srcset=\"https:\/\/www.aphyllanthe.fr\/association\/wp-content\/uploads\/2024\/01\/20240107_165929-768x1024.jpg 768w, https:\/\/www.aphyllanthe.fr\/association\/wp-content\/uploads\/2024\/01\/20240107_165929-225x300.jpg 225w, https:\/\/www.aphyllanthe.fr\/association\/wp-content\/uploads\/2024\/01\/20240107_165929-1152x1536.jpg 1152w, https:\/\/www.aphyllanthe.fr\/association\/wp-content\/uploads\/2024\/01\/20240107_165929-1536x2048.jpg 1536w, https:\/\/www.aphyllanthe.fr\/association\/wp-content\/uploads\/2024\/01\/20240107_165929-1320x1760.jpg 1320w, https:\/\/www.aphyllanthe.fr\/association\/wp-content\/uploads\/2024\/01\/20240107_165929-scaled.jpg 1920w\" sizes=\"auto, (max-width: 768px) 100vw, 768px\" \/><\/a><figcaption class=\"wp-element-caption\">&#8230; sous la houlette de JL Tetaert&#8230;<\/figcaption><\/figure>\n\n\n\n<figure class=\"wp-block-image size-large\"><a href=\"https:\/\/www.aphyllanthe.fr\/association\/wp-content\/uploads\/2024\/01\/27AA-01-020-Aphyllanthe-Galette_DxO-scaled.jpg\"><img loading=\"lazy\" decoding=\"async\" width=\"1024\" height=\"768\" data-id=\"20529\" src=\"https:\/\/www.aphyllanthe.fr\/association\/wp-content\/uploads\/2024\/01\/27AA-01-020-Aphyllanthe-Galette_DxO-1024x768.jpg\" alt=\"\" class=\"wp-image-20529\" srcset=\"https:\/\/www.aphyllanthe.fr\/association\/wp-content\/uploads\/2024\/01\/27AA-01-020-Aphyllanthe-Galette_DxO-1024x768.jpg 1024w, https:\/\/www.aphyllanthe.fr\/association\/wp-content\/uploads\/2024\/01\/27AA-01-020-Aphyllanthe-Galette_DxO-300x225.jpg 300w, https:\/\/www.aphyllanthe.fr\/association\/wp-content\/uploads\/2024\/01\/27AA-01-020-Aphyllanthe-Galette_DxO-768x576.jpg 768w, https:\/\/www.aphyllanthe.fr\/association\/wp-content\/uploads\/2024\/01\/27AA-01-020-Aphyllanthe-Galette_DxO-1536x1152.jpg 1536w, https:\/\/www.aphyllanthe.fr\/association\/wp-content\/uploads\/2024\/01\/27AA-01-020-Aphyllanthe-Galette_DxO-2048x1536.jpg 2048w, https:\/\/www.aphyllanthe.fr\/association\/wp-content\/uploads\/2024\/01\/27AA-01-020-Aphyllanthe-Galette_DxO-1320x990.jpg 1320w\" sizes=\"auto, (max-width: 1024px) 100vw, 1024px\" \/><\/a><figcaption class=\"wp-element-caption\">&#8230; mais beaucoup de plaisir.<\/figcaption><\/figure>\n\n\n\n<figure class=\"wp-block-image size-large\"><a href=\"https:\/\/www.aphyllanthe.fr\/association\/wp-content\/uploads\/2024\/01\/20240107_165505-scaled.jpg\"><img loading=\"lazy\" decoding=\"async\" width=\"1024\" height=\"768\" data-id=\"20530\" src=\"https:\/\/www.aphyllanthe.fr\/association\/wp-content\/uploads\/2024\/01\/20240107_165505-1024x768.jpg\" alt=\"\" class=\"wp-image-20530\" srcset=\"https:\/\/www.aphyllanthe.fr\/association\/wp-content\/uploads\/2024\/01\/20240107_165505-1024x768.jpg 1024w, https:\/\/www.aphyllanthe.fr\/association\/wp-content\/uploads\/2024\/01\/20240107_165505-300x225.jpg 300w, https:\/\/www.aphyllanthe.fr\/association\/wp-content\/uploads\/2024\/01\/20240107_165505-768x576.jpg 768w, https:\/\/www.aphyllanthe.fr\/association\/wp-content\/uploads\/2024\/01\/20240107_165505-1536x1152.jpg 1536w, https:\/\/www.aphyllanthe.fr\/association\/wp-content\/uploads\/2024\/01\/20240107_165505-2048x1536.jpg 2048w, https:\/\/www.aphyllanthe.fr\/association\/wp-content\/uploads\/2024\/01\/20240107_165505-1320x990.jpg 1320w\" sizes=\"auto, (max-width: 1024px) 100vw, 1024px\" \/><\/a><figcaption class=\"wp-element-caption\">Les adh\u00e9rents ont fait honneur \u00e0 la galette&#8230;<\/figcaption><\/figure>\n\n\n\n<figure class=\"wp-block-image size-large\"><a href=\"https:\/\/www.aphyllanthe.fr\/association\/wp-content\/uploads\/2024\/01\/20240107_165501-scaled.jpg\"><img loading=\"lazy\" decoding=\"async\" width=\"1024\" height=\"768\" data-id=\"20527\" src=\"https:\/\/www.aphyllanthe.fr\/association\/wp-content\/uploads\/2024\/01\/20240107_165501-1024x768.jpg\" alt=\"\" class=\"wp-image-20527\" srcset=\"https:\/\/www.aphyllanthe.fr\/association\/wp-content\/uploads\/2024\/01\/20240107_165501-1024x768.jpg 1024w, https:\/\/www.aphyllanthe.fr\/association\/wp-content\/uploads\/2024\/01\/20240107_165501-300x225.jpg 300w, https:\/\/www.aphyllanthe.fr\/association\/wp-content\/uploads\/2024\/01\/20240107_165501-768x576.jpg 768w, https:\/\/www.aphyllanthe.fr\/association\/wp-content\/uploads\/2024\/01\/20240107_165501-1536x1152.jpg 1536w, https:\/\/www.aphyllanthe.fr\/association\/wp-content\/uploads\/2024\/01\/20240107_165501-2048x1536.jpg 2048w, https:\/\/www.aphyllanthe.fr\/association\/wp-content\/uploads\/2024\/01\/20240107_165501-1320x990.jpg 1320w\" sizes=\"auto, (max-width: 1024px) 100vw, 1024px\" \/><\/a><figcaption class=\"wp-element-caption\">&#8230; ainsi qu&rsquo;au concert.<\/figcaption><\/figure>\n\n\n\n<figure class=\"wp-block-image size-large\"><a href=\"https:\/\/www.aphyllanthe.fr\/association\/wp-content\/uploads\/2024\/01\/20240107_165509-scaled.jpg\"><img loading=\"lazy\" decoding=\"async\" width=\"1024\" height=\"768\" data-id=\"20531\" src=\"https:\/\/www.aphyllanthe.fr\/association\/wp-content\/uploads\/2024\/01\/20240107_165509-1024x768.jpg\" alt=\"\" class=\"wp-image-20531\" srcset=\"https:\/\/www.aphyllanthe.fr\/association\/wp-content\/uploads\/2024\/01\/20240107_165509-1024x768.jpg 1024w, https:\/\/www.aphyllanthe.fr\/association\/wp-content\/uploads\/2024\/01\/20240107_165509-300x225.jpg 300w, https:\/\/www.aphyllanthe.fr\/association\/wp-content\/uploads\/2024\/01\/20240107_165509-768x576.jpg 768w, https:\/\/www.aphyllanthe.fr\/association\/wp-content\/uploads\/2024\/01\/20240107_165509-1536x1152.jpg 1536w, https:\/\/www.aphyllanthe.fr\/association\/wp-content\/uploads\/2024\/01\/20240107_165509-2048x1536.jpg 2048w, https:\/\/www.aphyllanthe.fr\/association\/wp-content\/uploads\/2024\/01\/20240107_165509-1320x990.jpg 1320w\" sizes=\"auto, (max-width: 1024px) 100vw, 1024px\" \/><\/a><figcaption class=\"wp-element-caption\">Un bon moment partag\u00e9 !<\/figcaption><\/figure>\n<\/figure>\n","protected":false},"excerpt":{"rendered":"<p>Et bien, elle \u00e9tait plut\u00f4t bonne, d\u00e9licieuse m\u00eame aux dires des gourmands. Et plut\u00f4t anim\u00e9e ! En effet, pour l&rsquo;occasion, la chorale Ch\u0153ur de Village de Foissac est g\u00e9n\u00e9reusement venue faire l\u2019aubade pour la cinquantaine d&rsquo;adh\u00e9rents qui \u00e9taient venus se r\u00e9chauffer \u00e0 la bonne humeur de l&rsquo;Aphyllanthe en ce dimanche d\u2019\u00c9piphanie. Malgr\u00e9 une formation r\u00e9duite, &hellip; <a href=\"https:\/\/www.aphyllanthe.fr\/association\/elle-etait-comment-la-galette\/\" class=\"more-link\">Continuer la lecture de <span class=\"screen-reader-text\">Elle \u00e9tait comment la galette ?<\/span>  <span class=\"meta-nav\">&rarr;<\/span><\/a><\/p>\n","protected":false},"author":10,"featured_media":0,"comment_status":"closed","ping_status":"closed","sticky":false,"template":"","format":"standard","meta":{"footnotes":""},"categories":[3],"tags":[],"class_list":["post-20524","post","type-post","status-publish","format-standard","hentry","category-reportage"],"_links":{"self":[{"href":"https:\/\/www.aphyllanthe.fr\/association\/wp-json\/wp\/v2\/posts\/20524","targetHints":{"allow":["GET"]}}],"collection":[{"href":"https:\/\/www.aphyllanthe.fr\/association\/wp-json\/wp\/v2\/posts"}],"about":[{"href":"https:\/\/www.aphyllanthe.fr\/association\/wp-json\/wp\/v2\/types\/post"}],"author":[{"embeddable":true,"href":"https:\/\/www.aphyllanthe.fr\/association\/wp-json\/wp\/v2\/users\/10"}],"replies":[{"embeddable":true,"href":"https:\/\/www.aphyllanthe.fr\/association\/wp-json\/wp\/v2\/comments?post=20524"}],"version-history":[{"count":7,"href":"https:\/\/www.aphyllanthe.fr\/association\/wp-json\/wp\/v2\/posts\/20524\/revisions"}],"predecessor-version":[{"id":20539,"href":"https:\/\/www.aphyllanthe.fr\/association\/wp-json\/wp\/v2\/posts\/20524\/revisions\/20539"}],"wp:attachment":[{"href":"https:\/\/www.aphyllanthe.fr\/association\/wp-json\/wp\/v2\/media?parent=20524"}],"wp:term":[{"taxonomy":"category","embeddable":true,"href":"https:\/\/www.aphyllanthe.fr\/association\/wp-json\/wp\/v2\/categories?post=20524"},{"taxonomy":"post_tag","embeddable":true,"href":"https:\/\/www.aphyllanthe.fr\/association\/wp-json\/wp\/v2\/tags?post=20524"}],"curies":[{"name":"wp","href":"https:\/\/api.w.org\/{rel}","templated":true}]}}