{"id":20541,"date":"2024-01-10T20:55:37","date_gmt":"2024-01-10T19:55:37","guid":{"rendered":"https:\/\/www.aphyllanthe.fr\/association\/?p=20541"},"modified":"2024-01-29T21:20:37","modified_gmt":"2024-01-29T20:20:37","slug":"une-soiree-a-lopera","status":"publish","type":"post","link":"https:\/\/www.aphyllanthe.fr\/association\/une-soiree-a-lopera\/","title":{"rendered":"Une soir\u00e9e \u00e0 l&rsquo;Op\u00e9ra"},"content":{"rendered":"\n<p class=\"has-white-color has-text-color has-background has-link-color wp-elements-b4f523e79ac345fb209952b577f16f28\" style=\"background-color:#400406\"><strong>Samedi 27 janvier \u00e0 18h55<\/strong>, l&rsquo;Aphyllanthe vous propose d&rsquo;assister \u00e0 l&rsquo;op\u00e9ra <strong>Carmen, <\/strong>retransmis en direct du Metropolitan Opera de New York, dans une mise en sc\u00e8ne r\u00e9solument moderne.<\/p>\n\n\n\n<h5 class=\"wp-block-heading\">Synopsis<\/h5>\n\n\n\n<p>La sulfureuse Carmen s\u00e9duit le brigadier Don Jos\u00e9 qui accepte de d\u00e9serter par amour pour elle. Toutefois, l\u2019indomptable boh\u00e9mienne se lasse vite et porte son d\u00e9volu sur le tor\u00e9ro Escamillo. Jos\u00e9 tente tout pour la ramener \u00e0 lui, malgr\u00e9 les supplications de Mica\u00ebla, qui lui \u00e9tait destin\u00e9e.<\/p>\n\n\n\n<h5 class=\"wp-block-heading\">La mise en sc\u00e8ne de Carrie Cracknell<\/h5>\n\n\n\n<p>La r\u00e9alisatrice anglaise acclam\u00e9e fait ses d\u00e9buts au Met, revigorant l&rsquo;histoire classique avec une mise en sc\u00e8ne qui d\u00e9place l&rsquo;action vers le monde moderne et trouve au c\u0153ur des probl\u00e8mes dramatiques qui ne pourraient pas \u00eatre plus pertinents aujourd&rsquo;hui : la violence sexiste, les structures de travail abusives et le d\u00e9sir de briser les fronti\u00e8res sociales.<br \/>Direction musicale : Daniele Rustioni.<\/p>\n\n\n\n<h5 class=\"wp-block-heading\">Distribution<\/h5>\n\n\n\n<div class=\"wp-block-columns is-layout-flex wp-container-core-columns-is-layout-9d6595d7 wp-block-columns-is-layout-flex\">\n<div class=\"wp-block-column is-layout-flow wp-block-column-is-layout-flow\">\n<p>Carmen : Aigul Akhmetshina<br \/>Don Jos\u00e9 : Piotr Becza\u0142a<br \/>Escamillo : Kyle Ketelsen<br \/>Mica\u00ebla : Angel Blue<br \/>Dur\u00e9e : 3h30<\/p>\n<\/div>\n\n\n\n<div class=\"wp-block-column is-layout-flow wp-block-column-is-layout-flow\">\n<figure class=\"wp-block-image size-full\"><a href=\"https:\/\/www.aphyllanthe.fr\/association\/wp-content\/uploads\/2024\/01\/CARMEN.webp\"><img loading=\"lazy\" decoding=\"async\" width=\"498\" height=\"378\" src=\"https:\/\/www.aphyllanthe.fr\/association\/wp-content\/uploads\/2024\/01\/CARMEN.webp\" alt=\"\" class=\"wp-image-20547\" srcset=\"https:\/\/www.aphyllanthe.fr\/association\/wp-content\/uploads\/2024\/01\/CARMEN.webp 498w, https:\/\/www.aphyllanthe.fr\/association\/wp-content\/uploads\/2024\/01\/CARMEN-300x228.webp 300w\" sizes=\"auto, (max-width: 498px) 100vw, 498px\" \/><\/a><\/figure>\n<\/div>\n<\/div>\n\n\n\n<h5 class=\"wp-block-heading\">Tarifs : <\/h5>\n\n\n\n<ul class=\"wp-block-list\">\n<li>Adh\u00e9rents +18 ans : 11\u20ac \/ -18 ans : offert<\/li>\n\n\n\n<li>Non adh\u00e9rents : 25\u20ac \/ personne<\/li>\n<\/ul>\n\n\n\n<h5 class=\"wp-block-heading has-text-align-center has-text-color has-background has-link-color wp-elements-cebb75942aeb016bf6fa6359efaa5c50\" style=\"color:#b47359;background-color:#13092f\">Inscriptions et renseignements aupr\u00e8s du secr\u00e9tariat<br \/>aphyllanthe@orange.fr ou t\u00e9l : 04 66 22 10 20<\/h5>\n\n\n\n<p> <\/p>\n","protected":false},"excerpt":{"rendered":"<p>Samedi 27 janvier \u00e0 18h55, l&rsquo;Aphyllanthe vous propose d&rsquo;assister \u00e0 l&rsquo;op\u00e9ra Carmen, retransmis en direct du Metropolitan Opera de New York, dans une mise en sc\u00e8ne r\u00e9solument moderne. Synopsis La sulfureuse Carmen s\u00e9duit le brigadier Don Jos\u00e9 qui accepte de d\u00e9serter par amour pour elle. Toutefois, l\u2019indomptable boh\u00e9mienne se lasse vite et porte son d\u00e9volu &hellip; <a href=\"https:\/\/www.aphyllanthe.fr\/association\/une-soiree-a-lopera\/\" class=\"more-link\">Continuer la lecture de <span class=\"screen-reader-text\">Une soir\u00e9e \u00e0 l&rsquo;Op\u00e9ra<\/span>  <span class=\"meta-nav\">&rarr;<\/span><\/a><\/p>\n","protected":false},"author":10,"featured_media":20546,"comment_status":"closed","ping_status":"closed","sticky":false,"template":"","format":"standard","meta":{"footnotes":""},"categories":[4],"tags":[],"class_list":["post-20541","post","type-post","status-publish","format-standard","has-post-thumbnail","hentry","category-annonce"],"_links":{"self":[{"href":"https:\/\/www.aphyllanthe.fr\/association\/wp-json\/wp\/v2\/posts\/20541","targetHints":{"allow":["GET"]}}],"collection":[{"href":"https:\/\/www.aphyllanthe.fr\/association\/wp-json\/wp\/v2\/posts"}],"about":[{"href":"https:\/\/www.aphyllanthe.fr\/association\/wp-json\/wp\/v2\/types\/post"}],"author":[{"embeddable":true,"href":"https:\/\/www.aphyllanthe.fr\/association\/wp-json\/wp\/v2\/users\/10"}],"replies":[{"embeddable":true,"href":"https:\/\/www.aphyllanthe.fr\/association\/wp-json\/wp\/v2\/comments?post=20541"}],"version-history":[{"count":10,"href":"https:\/\/www.aphyllanthe.fr\/association\/wp-json\/wp\/v2\/posts\/20541\/revisions"}],"predecessor-version":[{"id":20553,"href":"https:\/\/www.aphyllanthe.fr\/association\/wp-json\/wp\/v2\/posts\/20541\/revisions\/20553"}],"wp:featuredmedia":[{"embeddable":true,"href":"https:\/\/www.aphyllanthe.fr\/association\/wp-json\/wp\/v2\/media\/20546"}],"wp:attachment":[{"href":"https:\/\/www.aphyllanthe.fr\/association\/wp-json\/wp\/v2\/media?parent=20541"}],"wp:term":[{"taxonomy":"category","embeddable":true,"href":"https:\/\/www.aphyllanthe.fr\/association\/wp-json\/wp\/v2\/categories?post=20541"},{"taxonomy":"post_tag","embeddable":true,"href":"https:\/\/www.aphyllanthe.fr\/association\/wp-json\/wp\/v2\/tags?post=20541"}],"curies":[{"name":"wp","href":"https:\/\/api.w.org\/{rel}","templated":true}]}}