{"id":2113,"date":"2015-06-08T17:52:26","date_gmt":"2015-06-08T16:52:26","guid":{"rendered":"http:\/\/www.aphyllanthe.fr\/association\/?p=2113"},"modified":"2016-07-09T14:13:43","modified_gmt":"2016-07-09T13:13:43","slug":"nouvel-arrivage-de-dvd-3","status":"publish","type":"post","link":"https:\/\/www.aphyllanthe.fr\/association\/nouvel-arrivage-de-dvd-3\/","title":{"rendered":"Nouvel arrivage de DVD"},"content":{"rendered":"<p><img loading=\"lazy\" decoding=\"async\" src=\"http:\/\/www.aphyllanthe.fr\/association\/wp-content\/uploads\/2015\/06\/dvd-150x150.png\" alt=\"Logo DVD\" width=\"75\" height=\"75\" class=\"alignleft size-thumbnail wp-image-2114\" srcset=\"https:\/\/www.aphyllanthe.fr\/association\/wp-content\/uploads\/2015\/06\/dvd-150x150.png 150w, https:\/\/www.aphyllanthe.fr\/association\/wp-content\/uploads\/2015\/06\/dvd-300x300.png 300w, https:\/\/www.aphyllanthe.fr\/association\/wp-content\/uploads\/2015\/06\/dvd.png 500w\" sizes=\"auto, (max-width: 75px) 100vw, 75px\" \/>Depuis lundi 8 juin, une nouvelle collection de DVD est disponible \u00e0 la biblioth\u00e8que d&rsquo;Aigaliers. N&rsquo;h\u00e9sitez pas \u00e0 <!--more--> <a href=\"http:\/\/www.aphyllanthe.fr\/association\/pdf\/dvd\/dvd-2015-06.pdf\">consulter la liste<\/a> pour choisir vos prochains films. <\/p>\n","protected":false},"excerpt":{"rendered":"<p>Depuis lundi 8 juin, une nouvelle collection de DVD est disponible \u00e0 la biblioth\u00e8que d&rsquo;Aigaliers. N&rsquo;h\u00e9sitez pas \u00e0<\/p>\n","protected":false},"author":1,"featured_media":0,"comment_status":"closed","ping_status":"closed","sticky":false,"template":"","format":"standard","meta":{"footnotes":""},"categories":[4,2],"tags":[],"class_list":["post-2113","post","type-post","status-publish","format-standard","hentry","category-annonce","category-chronique-bibliotheque"],"_links":{"self":[{"href":"https:\/\/www.aphyllanthe.fr\/association\/wp-json\/wp\/v2\/posts\/2113","targetHints":{"allow":["GET"]}}],"collection":[{"href":"https:\/\/www.aphyllanthe.fr\/association\/wp-json\/wp\/v2\/posts"}],"about":[{"href":"https:\/\/www.aphyllanthe.fr\/association\/wp-json\/wp\/v2\/types\/post"}],"author":[{"embeddable":true,"href":"https:\/\/www.aphyllanthe.fr\/association\/wp-json\/wp\/v2\/users\/1"}],"replies":[{"embeddable":true,"href":"https:\/\/www.aphyllanthe.fr\/association\/wp-json\/wp\/v2\/comments?post=2113"}],"version-history":[{"count":0,"href":"https:\/\/www.aphyllanthe.fr\/association\/wp-json\/wp\/v2\/posts\/2113\/revisions"}],"wp:attachment":[{"href":"https:\/\/www.aphyllanthe.fr\/association\/wp-json\/wp\/v2\/media?parent=2113"}],"wp:term":[{"taxonomy":"category","embeddable":true,"href":"https:\/\/www.aphyllanthe.fr\/association\/wp-json\/wp\/v2\/categories?post=2113"},{"taxonomy":"post_tag","embeddable":true,"href":"https:\/\/www.aphyllanthe.fr\/association\/wp-json\/wp\/v2\/tags?post=2113"}],"curies":[{"name":"wp","href":"https:\/\/api.w.org\/{rel}","templated":true}]}}