{"id":21156,"date":"2024-03-28T15:34:02","date_gmt":"2024-03-28T14:34:02","guid":{"rendered":"https:\/\/www.aphyllanthe.fr\/association\/?p=21156"},"modified":"2024-04-17T09:53:26","modified_gmt":"2024-04-17T08:53:26","slug":"visite-au-chateau-des-roure","status":"publish","type":"post","link":"https:\/\/www.aphyllanthe.fr\/association\/visite-au-chateau-des-roure\/","title":{"rendered":"Visite au Ch\u00e2teau des Roure"},"content":{"rendered":"\n<p class=\"has-dark-gray-color has-text-color has-background has-link-color wp-elements-51f95d27827efaebbc862ce258a40d20\" style=\"background-color:#bfa8a3\">Pour ce premier dimanche des vacances  de P\u00e2ques, l&rsquo;Aphyllanthe propose une journ\u00e9e au <strong>Ch\u00e2teau des Roure, dimanche 14 avril \u00e0 10h30.<\/strong> C&rsquo;est \u00e0 une plong\u00e9e dans l&rsquo;univers m\u00e9di\u00e9val que ce ch\u00e2teau ard\u00e9chois invite, entre guerres de religion et \u00e9levage des vers \u00e0 soie.<br \/>La plupart des animations ayant lieu l&rsquo;apr\u00e8s-midi, la matin\u00e9e sera l&rsquo;occasion privil\u00e9gi\u00e9e de visiter tranquillement le ch\u00e2teau et le parc avant l&rsquo;ouverture au public.<\/p>\n\n\n\n<h5 class=\"wp-block-heading\">Visites :<\/h5>\n\n\n\n<ul class=\"wp-block-list\">\n<li>Le ch\u00e2teau, sa magnanerie&#8230; et ses oubliettes<\/li>\n\n\n\n<li>\u00c9comus\u00e9e de la soie<\/li>\n\n\n\n<li>D\u00e9gustation d\u2019hypocras offerte en fin de visite<\/li>\n<\/ul>\n\n\n\n<h5 class=\"wp-block-heading\">Animations :<\/h5>\n\n\n\n<ul class=\"wp-block-list\">\n<li>Atelier du forgeron : 14h \u00e0 15h<\/li>\n\n\n\n<li>D\u00e9monstrations de tir au tr\u00e9buchet : 13h \u00e0 14h et de 15h \u00e0 16h<\/li>\n\n\n\n<li>Spectacle du grand tr\u00e9buchet : 16h<\/li>\n<\/ul>\n\n\n\n<h6 class=\"wp-block-heading has-text-align-center has-background\" style=\"background-color:#bfa8a3\">Sp\u00e9cial vacances de P\u00e2ques :<br \/>tirs d\u2019\u0153ufs en chocolat au tr\u00e9buchet \u00e0 13h45 et 16h45<\/h6>\n\n\n\n<p>Un espace restauration et deux espaces pique-nique sont \u00e0 la disposition du public dans l\u2019enceinte du parc.<\/p>\n\n\n\n<p>Dur\u00e9e de la visite 3h +<br \/>Lien vers le <a href=\"https:\/\/www.chateaudesroure.com\/\" target=\"_blank\" rel=\"noreferrer noopener\">site du Ch\u00e2teau des Roure ici<\/a>.<\/p>\n\n\n\n<h5 class=\"wp-block-heading\">Tarifs :<\/h5>\n\n\n\n<figure class=\"wp-block-table aligncenter\"><table><tbody><tr><td class=\"has-text-align-left\" data-align=\"left\"><\/td><td class=\"has-text-align-center\" data-align=\"center\"><strong>Adultes<\/strong><\/td><td class=\"has-text-align-center\" data-align=\"center\"><strong>&#8211; 18 ans<\/strong><\/td><\/tr><tr><td class=\"has-text-align-left\" data-align=\"left\"><strong>Adh\u00e9rents<\/strong><\/td><td class=\"has-text-align-center\" data-align=\"center\">5 \u20ac<\/td><td class=\"has-text-align-center\" data-align=\"center\">offert<\/td><\/tr><tr><td class=\"has-text-align-left\" data-align=\"left\"><strong>Non adh\u00e9rents<\/strong><\/td><td class=\"has-text-align-center\" data-align=\"center\">10,50 \u20ac<\/td><td class=\"has-text-align-center\" data-align=\"center\">13-17 ans : 8,90 \u20ac<br \/> -13 ans : 5,90 \u20ac<\/td><\/tr><\/tbody><\/table><\/figure>\n\n\n\n<h5 class=\"wp-block-heading has-text-align-center has-background\" style=\"background-color:#bfa8a3\">Renseignements et inscriptions :<br \/>aphyllanthe@orange.fr \/ t\u00e9l : 04 66 22 10 20<\/h5>\n","protected":false},"excerpt":{"rendered":"<p>Pour ce premier dimanche des vacances de P\u00e2ques, l&rsquo;Aphyllanthe propose une journ\u00e9e au Ch\u00e2teau des Roure, dimanche 14 avril \u00e0 10h30. C&rsquo;est \u00e0 une plong\u00e9e dans l&rsquo;univers m\u00e9di\u00e9val que ce ch\u00e2teau ard\u00e9chois invite, entre guerres de religion et \u00e9levage des vers \u00e0 soie.La plupart des animations ayant lieu l&rsquo;apr\u00e8s-midi, la matin\u00e9e sera l&rsquo;occasion privil\u00e9gi\u00e9e de &hellip; <a href=\"https:\/\/www.aphyllanthe.fr\/association\/visite-au-chateau-des-roure\/\" class=\"more-link\">Continuer la lecture de <span class=\"screen-reader-text\">Visite au Ch\u00e2teau des Roure<\/span>  <span class=\"meta-nav\">&rarr;<\/span><\/a><\/p>\n","protected":false},"author":10,"featured_media":21167,"comment_status":"closed","ping_status":"closed","sticky":false,"template":"","format":"standard","meta":{"footnotes":""},"categories":[4],"tags":[],"class_list":["post-21156","post","type-post","status-publish","format-standard","has-post-thumbnail","hentry","category-annonce"],"_links":{"self":[{"href":"https:\/\/www.aphyllanthe.fr\/association\/wp-json\/wp\/v2\/posts\/21156","targetHints":{"allow":["GET"]}}],"collection":[{"href":"https:\/\/www.aphyllanthe.fr\/association\/wp-json\/wp\/v2\/posts"}],"about":[{"href":"https:\/\/www.aphyllanthe.fr\/association\/wp-json\/wp\/v2\/types\/post"}],"author":[{"embeddable":true,"href":"https:\/\/www.aphyllanthe.fr\/association\/wp-json\/wp\/v2\/users\/10"}],"replies":[{"embeddable":true,"href":"https:\/\/www.aphyllanthe.fr\/association\/wp-json\/wp\/v2\/comments?post=21156"}],"version-history":[{"count":16,"href":"https:\/\/www.aphyllanthe.fr\/association\/wp-json\/wp\/v2\/posts\/21156\/revisions"}],"predecessor-version":[{"id":21176,"href":"https:\/\/www.aphyllanthe.fr\/association\/wp-json\/wp\/v2\/posts\/21156\/revisions\/21176"}],"wp:featuredmedia":[{"embeddable":true,"href":"https:\/\/www.aphyllanthe.fr\/association\/wp-json\/wp\/v2\/media\/21167"}],"wp:attachment":[{"href":"https:\/\/www.aphyllanthe.fr\/association\/wp-json\/wp\/v2\/media?parent=21156"}],"wp:term":[{"taxonomy":"category","embeddable":true,"href":"https:\/\/www.aphyllanthe.fr\/association\/wp-json\/wp\/v2\/categories?post=21156"},{"taxonomy":"post_tag","embeddable":true,"href":"https:\/\/www.aphyllanthe.fr\/association\/wp-json\/wp\/v2\/tags?post=21156"}],"curies":[{"name":"wp","href":"https:\/\/api.w.org\/{rel}","templated":true}]}}