{"id":21424,"date":"2024-04-24T15:55:59","date_gmt":"2024-04-24T14:55:59","guid":{"rendered":"https:\/\/www.aphyllanthe.fr\/association\/?p=21424"},"modified":"2024-05-22T15:24:10","modified_gmt":"2024-05-22T14:24:10","slug":"reportage-sur-les-vacances-de-printemps","status":"publish","type":"post","link":"https:\/\/www.aphyllanthe.fr\/association\/reportage-sur-les-vacances-de-printemps\/","title":{"rendered":"Reportage sur les vacances de printemps"},"content":{"rendered":"\n<p class=\"has-dark-gray-color has-text-color has-link-color wp-elements-00a878bea190d7d0f7b2c045bc6dc3ca\">Encore une fois, les vacances de printemps ont \u00e9t\u00e9 bien remplies et ont suscit\u00e9 l&rsquo;enthousiasme des participants. Ces derniers sont de plus en plus nombreux \u00e0 nous transmettre leurs commentaires, et \u00e0 faire des suggestions \u00e0 propos d&rsquo;activit\u00e9s qu&rsquo;ils aimeraient faire ou de lieux qu&rsquo;ils aimeraient visiter.  C&rsquo;est bien ainsi que l&rsquo;association con\u00e7oit sa mission : \u00eatre au service des habitants et les soutenir dans leurs projets.<\/p>\n\n\n\n<h5 class=\"wp-block-heading has-white-color has-text-color has-background has-link-color wp-elements-2bc560534f944b01699cb4daf40c559b\" style=\"background:linear-gradient(286deg,rgb(255,105,0) 5%,rgb(207,46,46) 100%)\">Visite au ch\u00e2teau du Roure<\/h5>\n\n\n\n<p>Dimanche 14 avril, 21 personnes ( 10 adultes, 11 enfants et ados) \u00e9taient pr\u00e9sentes pour la visite du Ch\u00e2teau des Roure \u00e0 Labastide-de -Virac en Ard\u00e8che. C&rsquo;est une forteresse datant de la fin du Moyen \u00c2ge, l&rsquo;ensemble a \u00e9t\u00e9 tr\u00e8s bien entretenu.<br \/>Diff\u00e9rentes animations ont lieu tout au long de la journ\u00e9e : visite du ch\u00e2teau, l&rsquo;\u00e9levage de vers \u00e0 soie qui perdure (c&rsquo;\u00e9tait l&rsquo;une des plus grandes magnaneries d&rsquo;Ard\u00e8che), l&rsquo;\u00e9comus\u00e9e de la soie, le fant\u00f4me des oubliettes, la forge\u2026<br \/>Arriv\u00e9s \u00e0 10h30 nous sommes repartis \u00e0 17h. Nous avons pique-niqu\u00e9 tous ensemble au pied du Ch\u00e2teau et avons pu d\u00e9guster un g\u00e2teau apport\u00e9 par une adh\u00e9rente. Tout le monde \u00e9tait ravi de cette belle visite.<br \/>Claude<\/p>\n\n\n\n<blockquote class=\"wp-block-quote is-layout-flow wp-block-quote-is-layout-flow\">\n<p>J&rsquo;ai aim\u00e9 la journ\u00e9e au ch\u00e2teau des Roure. J&rsquo;ai aim\u00e9 le grand tr\u00e9buchet et le petit.J&rsquo;ai aim\u00e9 la forge et le fant\u00f4me des oubliettes ainsi que la visite du Ch\u00e2teau avec l&rsquo;\u00e9levage des vers \u00e0 soie.<br \/>Rapha\u00ebl (7 ans)<\/p>\n<\/blockquote>\n\n\n\n<blockquote class=\"wp-block-quote is-layout-flow wp-block-quote-is-layout-flow\">\n<p>Le ch\u00e2teau m&rsquo;a beaucoup plu et j&rsquo;ai ador\u00e9 les oubliettes. J&rsquo;ai bien aim\u00e9 le grand et le petit tr\u00e9buchet.<br \/>Marcel (7 ans)<\/p>\n<\/blockquote>\n\n\n\n<blockquote class=\"wp-block-quote is-layout-flow wp-block-quote-is-layout-flow\">\n<p>J&rsquo;ai aim\u00e9 aller au ch\u00e2teau des Roure car il y avait des activit\u00e9s toutes les heures. Le grand tr\u00e9buchet \u00e9tait \u00e9poustouflant et on s&rsquo;est r\u00e9gal\u00e9s avec le lancer d\u2019\u0153ufs en chocolat du petit tr\u00e9buchet. L&rsquo;atelier du forgeron \u00e9tait tr\u00e8s int\u00e9ressant il y avait deux \u00e9normes soufflets avec un m\u00e9canisme impressionnant.<br \/>Margot (9 ans)<\/p>\n<\/blockquote>\n\n\n\n<figure class=\"wp-block-gallery has-nested-images columns-default is-cropped wp-block-gallery-2 is-layout-flex wp-block-gallery-is-layout-flex\">\n<figure class=\"wp-block-image size-large\"><a href=\"https:\/\/www.aphyllanthe.fr\/association\/wp-content\/uploads\/2024\/04\/20240414_165827-scaled.webp\"><img loading=\"lazy\" decoding=\"async\" width=\"462\" height=\"1024\" data-id=\"21431\" src=\"https:\/\/www.aphyllanthe.fr\/association\/wp-content\/uploads\/2024\/04\/20240414_165827-462x1024.webp\" alt=\"\" class=\"wp-image-21431\" srcset=\"https:\/\/www.aphyllanthe.fr\/association\/wp-content\/uploads\/2024\/04\/20240414_165827-462x1024.webp 462w, https:\/\/www.aphyllanthe.fr\/association\/wp-content\/uploads\/2024\/04\/20240414_165827-135x300.webp 135w, https:\/\/www.aphyllanthe.fr\/association\/wp-content\/uploads\/2024\/04\/20240414_165827-768x1704.webp 768w, https:\/\/www.aphyllanthe.fr\/association\/wp-content\/uploads\/2024\/04\/20240414_165827-692x1536.webp 692w, https:\/\/www.aphyllanthe.fr\/association\/wp-content\/uploads\/2024\/04\/20240414_165827-923x2048.webp 923w, https:\/\/www.aphyllanthe.fr\/association\/wp-content\/uploads\/2024\/04\/20240414_165827-1320x2929.webp 1320w, https:\/\/www.aphyllanthe.fr\/association\/wp-content\/uploads\/2024\/04\/20240414_165827-scaled.webp 1154w\" sizes=\"auto, (max-width: 462px) 100vw, 462px\" \/><\/a><figcaption class=\"wp-element-caption\">Le ch\u00e2teau sur son contrefort<\/figcaption><\/figure>\n\n\n\n<figure class=\"wp-block-image size-large\"><a href=\"https:\/\/www.aphyllanthe.fr\/association\/wp-content\/uploads\/2024\/04\/20240414_140135-scaled.webp\"><img loading=\"lazy\" decoding=\"async\" width=\"462\" height=\"1024\" data-id=\"21429\" src=\"https:\/\/www.aphyllanthe.fr\/association\/wp-content\/uploads\/2024\/04\/20240414_140135-462x1024.webp\" alt=\"\" class=\"wp-image-21429\" srcset=\"https:\/\/www.aphyllanthe.fr\/association\/wp-content\/uploads\/2024\/04\/20240414_140135-462x1024.webp 462w, https:\/\/www.aphyllanthe.fr\/association\/wp-content\/uploads\/2024\/04\/20240414_140135-135x300.webp 135w, https:\/\/www.aphyllanthe.fr\/association\/wp-content\/uploads\/2024\/04\/20240414_140135-768x1704.webp 768w, https:\/\/www.aphyllanthe.fr\/association\/wp-content\/uploads\/2024\/04\/20240414_140135-692x1536.webp 692w, https:\/\/www.aphyllanthe.fr\/association\/wp-content\/uploads\/2024\/04\/20240414_140135-923x2048.webp 923w, https:\/\/www.aphyllanthe.fr\/association\/wp-content\/uploads\/2024\/04\/20240414_140135-1320x2929.webp 1320w, https:\/\/www.aphyllanthe.fr\/association\/wp-content\/uploads\/2024\/04\/20240414_140135-scaled.webp 1154w\" sizes=\"auto, (max-width: 462px) 100vw, 462px\" \/><\/a><figcaption class=\"wp-element-caption\">La forgeronne<\/figcaption><\/figure>\n\n\n\n<figure class=\"wp-block-image size-large\"><a href=\"https:\/\/www.aphyllanthe.fr\/association\/wp-content\/uploads\/2024\/04\/20240414_161437-scaled.webp\"><img loading=\"lazy\" decoding=\"async\" width=\"462\" height=\"1024\" data-id=\"21430\" src=\"https:\/\/www.aphyllanthe.fr\/association\/wp-content\/uploads\/2024\/04\/20240414_161437-462x1024.webp\" alt=\"\" class=\"wp-image-21430\" srcset=\"https:\/\/www.aphyllanthe.fr\/association\/wp-content\/uploads\/2024\/04\/20240414_161437-462x1024.webp 462w, https:\/\/www.aphyllanthe.fr\/association\/wp-content\/uploads\/2024\/04\/20240414_161437-135x300.webp 135w, https:\/\/www.aphyllanthe.fr\/association\/wp-content\/uploads\/2024\/04\/20240414_161437-768x1704.webp 768w, https:\/\/www.aphyllanthe.fr\/association\/wp-content\/uploads\/2024\/04\/20240414_161437-692x1536.webp 692w, https:\/\/www.aphyllanthe.fr\/association\/wp-content\/uploads\/2024\/04\/20240414_161437-923x2048.webp 923w, https:\/\/www.aphyllanthe.fr\/association\/wp-content\/uploads\/2024\/04\/20240414_161437-1320x2929.webp 1320w, https:\/\/www.aphyllanthe.fr\/association\/wp-content\/uploads\/2024\/04\/20240414_161437-scaled.webp 1154w\" sizes=\"auto, (max-width: 462px) 100vw, 462px\" \/><\/a><figcaption class=\"wp-element-caption\">D\u00e9monstration du tr\u00e9buchet<\/figcaption><\/figure>\n<\/figure>\n\n\n\n<h5 class=\"wp-block-heading has-background\" style=\"background-color:#9fd99f\">Atelier mosa\u00efque<\/h5>\n\n\n\n<p>Un atelier mosa\u00efque organis\u00e9 par Claude, qui avait tout pr\u00e9vu pour satisfaire petits et grands. Apr\u00e8s le go\u00fbter, tous les participants des 6 familles pr\u00e9sentes (soit 7 adultes et 9 enfants) sont repartis avec leur cr\u00e9ation originale, et un grand sourire.<\/p>\n\n\n\n<figure class=\"wp-block-gallery has-nested-images columns-default is-cropped wp-block-gallery-3 is-layout-flex wp-block-gallery-is-layout-flex\">\n<figure class=\"wp-block-image size-large\"><a href=\"https:\/\/www.aphyllanthe.fr\/association\/wp-content\/uploads\/2024\/04\/IMG-20240415-WA0011.webp\"><img loading=\"lazy\" decoding=\"async\" width=\"1024\" height=\"553\" data-id=\"21496\" src=\"https:\/\/www.aphyllanthe.fr\/association\/wp-content\/uploads\/2024\/04\/IMG-20240415-WA0011-1024x553.webp\" alt=\"\" class=\"wp-image-21496\" srcset=\"https:\/\/www.aphyllanthe.fr\/association\/wp-content\/uploads\/2024\/04\/IMG-20240415-WA0011-1024x553.webp 1024w, https:\/\/www.aphyllanthe.fr\/association\/wp-content\/uploads\/2024\/04\/IMG-20240415-WA0011-300x162.webp 300w, https:\/\/www.aphyllanthe.fr\/association\/wp-content\/uploads\/2024\/04\/IMG-20240415-WA0011-768x415.webp 768w, https:\/\/www.aphyllanthe.fr\/association\/wp-content\/uploads\/2024\/04\/IMG-20240415-WA0011-1320x713.webp 1320w, https:\/\/www.aphyllanthe.fr\/association\/wp-content\/uploads\/2024\/04\/IMG-20240415-WA0011.webp 1369w\" sizes=\"auto, (max-width: 1024px) 100vw, 1024px\" \/><\/a><figcaption class=\"wp-element-caption\"><strong>La mosa\u00efque, \u00e7a ne s&rsquo;invente pas&#8230;<\/strong><\/figcaption><\/figure>\n\n\n\n<figure class=\"wp-block-image size-large\"><a href=\"https:\/\/www.aphyllanthe.fr\/association\/wp-content\/uploads\/2024\/04\/IMG-20240415-WA0012.webp\"><img loading=\"lazy\" decoding=\"async\" width=\"1024\" height=\"500\" data-id=\"21497\" src=\"https:\/\/www.aphyllanthe.fr\/association\/wp-content\/uploads\/2024\/04\/IMG-20240415-WA0012-1024x500.webp\" alt=\"\" class=\"wp-image-21497\" srcset=\"https:\/\/www.aphyllanthe.fr\/association\/wp-content\/uploads\/2024\/04\/IMG-20240415-WA0012-1024x500.webp 1024w, https:\/\/www.aphyllanthe.fr\/association\/wp-content\/uploads\/2024\/04\/IMG-20240415-WA0012-300x147.webp 300w, https:\/\/www.aphyllanthe.fr\/association\/wp-content\/uploads\/2024\/04\/IMG-20240415-WA0012-768x375.webp 768w, https:\/\/www.aphyllanthe.fr\/association\/wp-content\/uploads\/2024\/04\/IMG-20240415-WA0012-1320x645.webp 1320w, https:\/\/www.aphyllanthe.fr\/association\/wp-content\/uploads\/2024\/04\/IMG-20240415-WA0012.webp 1512w\" sizes=\"auto, (max-width: 1024px) 100vw, 1024px\" \/><\/a><figcaption class=\"wp-element-caption\"><strong>&#8230;c&rsquo;est une question de technique&#8230;<\/strong><\/figcaption><\/figure>\n\n\n\n<figure class=\"wp-block-image size-large\"><a href=\"https:\/\/www.aphyllanthe.fr\/association\/wp-content\/uploads\/2024\/04\/20240415_162215-scaled.webp\"><img loading=\"lazy\" decoding=\"async\" width=\"1024\" height=\"615\" data-id=\"21500\" src=\"https:\/\/www.aphyllanthe.fr\/association\/wp-content\/uploads\/2024\/04\/20240415_162215-1024x615.webp\" alt=\"\" class=\"wp-image-21500\" srcset=\"https:\/\/www.aphyllanthe.fr\/association\/wp-content\/uploads\/2024\/04\/20240415_162215-1024x615.webp 1024w, https:\/\/www.aphyllanthe.fr\/association\/wp-content\/uploads\/2024\/04\/20240415_162215-300x180.webp 300w, https:\/\/www.aphyllanthe.fr\/association\/wp-content\/uploads\/2024\/04\/20240415_162215-768x461.webp 768w, https:\/\/www.aphyllanthe.fr\/association\/wp-content\/uploads\/2024\/04\/20240415_162215-1536x923.webp 1536w, https:\/\/www.aphyllanthe.fr\/association\/wp-content\/uploads\/2024\/04\/20240415_162215-2048x1230.webp 2048w, https:\/\/www.aphyllanthe.fr\/association\/wp-content\/uploads\/2024\/04\/20240415_162215-1320x793.webp 1320w\" sizes=\"auto, (max-width: 1024px) 100vw, 1024px\" \/><\/a><figcaption class=\"wp-element-caption\"><strong>Et voil\u00e0 le travail !<\/strong><\/figcaption><\/figure>\n\n\n\n<figure class=\"wp-block-image size-large\"><a href=\"https:\/\/www.aphyllanthe.fr\/association\/wp-content\/uploads\/2024\/04\/IMG-20240415-WA0034-COPIE.webp\"><img loading=\"lazy\" decoding=\"async\" width=\"1024\" height=\"558\" data-id=\"21499\" src=\"https:\/\/www.aphyllanthe.fr\/association\/wp-content\/uploads\/2024\/04\/IMG-20240415-WA0034-COPIE-1024x558.webp\" alt=\"\" class=\"wp-image-21499\" srcset=\"https:\/\/www.aphyllanthe.fr\/association\/wp-content\/uploads\/2024\/04\/IMG-20240415-WA0034-COPIE-1024x558.webp 1024w, https:\/\/www.aphyllanthe.fr\/association\/wp-content\/uploads\/2024\/04\/IMG-20240415-WA0034-COPIE-300x164.webp 300w, https:\/\/www.aphyllanthe.fr\/association\/wp-content\/uploads\/2024\/04\/IMG-20240415-WA0034-COPIE-768x419.webp 768w, https:\/\/www.aphyllanthe.fr\/association\/wp-content\/uploads\/2024\/04\/IMG-20240415-WA0034-COPIE-1320x720.webp 1320w, https:\/\/www.aphyllanthe.fr\/association\/wp-content\/uploads\/2024\/04\/IMG-20240415-WA0034-COPIE.webp 1355w\" sizes=\"auto, (max-width: 1024px) 100vw, 1024px\" \/><\/a><figcaption class=\"wp-element-caption\"><strong>Apr\u00e8s l&rsquo;effort, un bon go\u00fbter !<\/strong><\/figcaption><\/figure>\n\n\n\n<figure class=\"wp-block-image size-large\"><a href=\"https:\/\/www.aphyllanthe.fr\/association\/wp-content\/uploads\/2024\/04\/20240415_162326-scaled.webp\"><img loading=\"lazy\" decoding=\"async\" width=\"1024\" height=\"635\" data-id=\"21498\" src=\"https:\/\/www.aphyllanthe.fr\/association\/wp-content\/uploads\/2024\/04\/20240415_162326-1024x635.webp\" alt=\"\" class=\"wp-image-21498\" srcset=\"https:\/\/www.aphyllanthe.fr\/association\/wp-content\/uploads\/2024\/04\/20240415_162326-1024x635.webp 1024w, https:\/\/www.aphyllanthe.fr\/association\/wp-content\/uploads\/2024\/04\/20240415_162326-300x186.webp 300w, https:\/\/www.aphyllanthe.fr\/association\/wp-content\/uploads\/2024\/04\/20240415_162326-768x476.webp 768w, https:\/\/www.aphyllanthe.fr\/association\/wp-content\/uploads\/2024\/04\/20240415_162326-1536x952.webp 1536w, https:\/\/www.aphyllanthe.fr\/association\/wp-content\/uploads\/2024\/04\/20240415_162326-2048x1270.webp 2048w, https:\/\/www.aphyllanthe.fr\/association\/wp-content\/uploads\/2024\/04\/20240415_162326-1320x819.webp 1320w\" sizes=\"auto, (max-width: 1024px) 100vw, 1024px\" \/><\/a><figcaption class=\"wp-element-caption\"><strong>Les artistes et leurs \u0153uvres<\/strong><\/figcaption><\/figure>\n<\/figure>\n\n\n\n<h5 class=\"wp-block-heading has-white-color has-text-color has-background has-link-color wp-elements-25377a868c9c6fe0d9de916d4feebc4c\" style=\"background:linear-gradient(232deg,rgb(255,245,203) 0%,rgb(182,227,212) 25%,rgb(51,167,181) 60%)\">Atelier kokedama<\/h5>\n\n\n\n<p>Pour cette \u00e9dition \u00ab\u00a0famille\u00a0\u00bb, cinq duos adulte\/enfant se sont install\u00e9s sur la terrasse de la biblioth\u00e8que, voici le compte-rendu d&rsquo;Evann, 14 ans :<\/p>\n\n\n\n<blockquote class=\"wp-block-quote is-layout-flow wp-block-quote-is-layout-flow\">\n<p>Ce matin nous sommes all\u00e9s faire l\u2019activit\u00e9 : \u00ab Kokedama \u00bb. C\u2019est une fa\u00e7on japonaise de d\u00e9corer une plante. Nous avons d\u00fb faire des duos enfants et adultes pour r\u00e9aliser ce travail.<br \/>On a d\u2019abord m\u00e9lang\u00e9 du terreau, du sable, de l\u2019argile et de l\u2019eau afin d\u2019obtenir une terre humide. Puis on a enlev\u00e9 les plantes de leurs pots et on y a ajout\u00e9 la terre pour faire une boule qui englobe les racines. Ensuite, on a pris de la mousse et on a entour\u00e9 la boule de terre pour donner de la couleur \u00e0 notre plante. On a continu\u00e9 par rajouter des aiguilles pour tenir la mousse et donc pouvoir l\u2019entourer d\u2019une ficelle. Enfin, on a termin\u00e9 par enlever les aiguilles.<br \/>C\u2019\u00e9tait une activit\u00e9 sympa et \u00e9ducative. \u00c7a m\u2019a permis de conna\u00eetre un peu les d\u00e9corations japonaises et dans une belle ambiance !<br \/>C\u2019\u00e9tait une belle matin\u00e9e !<\/p>\n<\/blockquote>\n\n\n\n<figure class=\"wp-block-gallery has-nested-images columns-default is-cropped wp-block-gallery-4 is-layout-flex wp-block-gallery-is-layout-flex\">\n<figure class=\"wp-block-image size-large\"><a href=\"https:\/\/www.aphyllanthe.fr\/association\/wp-content\/uploads\/2024\/04\/20240416_102223-scaled.webp\"><img loading=\"lazy\" decoding=\"async\" width=\"768\" height=\"1024\" data-id=\"21437\" src=\"https:\/\/www.aphyllanthe.fr\/association\/wp-content\/uploads\/2024\/04\/20240416_102223-768x1024.webp\" alt=\"\" class=\"wp-image-21437\" srcset=\"https:\/\/www.aphyllanthe.fr\/association\/wp-content\/uploads\/2024\/04\/20240416_102223-768x1024.webp 768w, https:\/\/www.aphyllanthe.fr\/association\/wp-content\/uploads\/2024\/04\/20240416_102223-225x300.webp 225w, https:\/\/www.aphyllanthe.fr\/association\/wp-content\/uploads\/2024\/04\/20240416_102223-1152x1536.webp 1152w, https:\/\/www.aphyllanthe.fr\/association\/wp-content\/uploads\/2024\/04\/20240416_102223-1536x2048.webp 1536w, https:\/\/www.aphyllanthe.fr\/association\/wp-content\/uploads\/2024\/04\/20240416_102223-1320x1760.webp 1320w, https:\/\/www.aphyllanthe.fr\/association\/wp-content\/uploads\/2024\/04\/20240416_102223-scaled.webp 1920w\" sizes=\"auto, (max-width: 768px) 100vw, 768px\" \/><\/a><figcaption class=\"wp-element-caption\">Pr\u00e9paration du m\u00e9lange de terre.<\/figcaption><\/figure>\n\n\n\n<figure class=\"wp-block-image size-large\"><a href=\"https:\/\/www.aphyllanthe.fr\/association\/wp-content\/uploads\/2024\/04\/20240416_105453-scaled.webp\"><img loading=\"lazy\" decoding=\"async\" width=\"768\" height=\"1024\" data-id=\"21435\" src=\"https:\/\/www.aphyllanthe.fr\/association\/wp-content\/uploads\/2024\/04\/20240416_105453-768x1024.webp\" alt=\"\" class=\"wp-image-21435\" srcset=\"https:\/\/www.aphyllanthe.fr\/association\/wp-content\/uploads\/2024\/04\/20240416_105453-768x1024.webp 768w, https:\/\/www.aphyllanthe.fr\/association\/wp-content\/uploads\/2024\/04\/20240416_105453-225x300.webp 225w, https:\/\/www.aphyllanthe.fr\/association\/wp-content\/uploads\/2024\/04\/20240416_105453-1152x1536.webp 1152w, https:\/\/www.aphyllanthe.fr\/association\/wp-content\/uploads\/2024\/04\/20240416_105453-1536x2048.webp 1536w, https:\/\/www.aphyllanthe.fr\/association\/wp-content\/uploads\/2024\/04\/20240416_105453-1320x1760.webp 1320w, https:\/\/www.aphyllanthe.fr\/association\/wp-content\/uploads\/2024\/04\/20240416_105453-scaled.webp 1920w\" sizes=\"auto, (max-width: 768px) 100vw, 768px\" \/><\/a><figcaption class=\"wp-element-caption\">Les boules commencent \u00e0 prendre forme.<\/figcaption><\/figure>\n\n\n\n<figure class=\"wp-block-image size-large\"><a href=\"https:\/\/www.aphyllanthe.fr\/association\/wp-content\/uploads\/2024\/04\/20240416_105522-scaled.webp\"><img loading=\"lazy\" decoding=\"async\" width=\"768\" height=\"1024\" data-id=\"21436\" src=\"https:\/\/www.aphyllanthe.fr\/association\/wp-content\/uploads\/2024\/04\/20240416_105522-768x1024.webp\" alt=\"\" class=\"wp-image-21436\" srcset=\"https:\/\/www.aphyllanthe.fr\/association\/wp-content\/uploads\/2024\/04\/20240416_105522-768x1024.webp 768w, https:\/\/www.aphyllanthe.fr\/association\/wp-content\/uploads\/2024\/04\/20240416_105522-225x300.webp 225w, https:\/\/www.aphyllanthe.fr\/association\/wp-content\/uploads\/2024\/04\/20240416_105522-1152x1536.webp 1152w, https:\/\/www.aphyllanthe.fr\/association\/wp-content\/uploads\/2024\/04\/20240416_105522-1536x2048.webp 1536w, https:\/\/www.aphyllanthe.fr\/association\/wp-content\/uploads\/2024\/04\/20240416_105522-1320x1760.webp 1320w, https:\/\/www.aphyllanthe.fr\/association\/wp-content\/uploads\/2024\/04\/20240416_105522-scaled.webp 1920w\" sizes=\"auto, (max-width: 768px) 100vw, 768px\" \/><\/a><figcaption class=\"wp-element-caption\">De la mousse pour habiller la boule.<\/figcaption><\/figure>\n<\/figure>\n\n\n<div class=\"wp-block-image\">\n<figure class=\"aligncenter size-large\"><a href=\"https:\/\/www.aphyllanthe.fr\/association\/wp-content\/uploads\/2024\/04\/20240416_112704-COPIE-scaled.webp\"><img loading=\"lazy\" decoding=\"async\" width=\"1024\" height=\"725\" src=\"https:\/\/www.aphyllanthe.fr\/association\/wp-content\/uploads\/2024\/04\/20240416_112704-COPIE-1024x725.webp\" alt=\"\" class=\"wp-image-21440\" srcset=\"https:\/\/www.aphyllanthe.fr\/association\/wp-content\/uploads\/2024\/04\/20240416_112704-COPIE-1024x725.webp 1024w, https:\/\/www.aphyllanthe.fr\/association\/wp-content\/uploads\/2024\/04\/20240416_112704-COPIE-300x212.webp 300w, https:\/\/www.aphyllanthe.fr\/association\/wp-content\/uploads\/2024\/04\/20240416_112704-COPIE-768x544.webp 768w, https:\/\/www.aphyllanthe.fr\/association\/wp-content\/uploads\/2024\/04\/20240416_112704-COPIE-1536x1087.webp 1536w, https:\/\/www.aphyllanthe.fr\/association\/wp-content\/uploads\/2024\/04\/20240416_112704-COPIE-2048x1450.webp 2048w, https:\/\/www.aphyllanthe.fr\/association\/wp-content\/uploads\/2024\/04\/20240416_112704-COPIE-1320x934.webp 1320w\" sizes=\"auto, (max-width: 1024px) 100vw, 1024px\" \/><\/a><figcaption class=\"wp-element-caption\">Un joli r\u00e9sultat final, po\u00e9tique et color\u00e9.<\/figcaption><\/figure>\n<\/div>\n\n\n<h5 class=\"wp-block-heading has-white-color has-text-color has-background has-link-color wp-elements-04f007ac8bd9bba47e3ae7c2fa3cc720\" style=\"background:linear-gradient(229deg,rgb(254,205,165) 0%,rgb(254,45,45) 50%,rgb(107,0,62) 100%)\">Journ\u00e9e cin\u00e9ma<\/h5>\n\n\n\n<div class=\"wp-block-columns is-layout-flex wp-container-core-columns-is-layout-9d6595d7 wp-block-columns-is-layout-flex\">\n<div class=\"wp-block-column is-layout-flow wp-block-column-is-layout-flow\">\n<p class=\"has-text-align-center\">7 familles sont all\u00e9s au cin\u00e9ma pendant les vacances, ce qui repr\u00e9sente 26 personnes, dont 12 adultes et 14 enfants.<\/p>\n\n\n\n<p class=\"has-text-align-center\">C&rsquo;est le film<br \/><strong>Kung fu Panda 4<\/strong><br \/>qui a \u00e9t\u00e9 choisi par le plus grand nombre.<\/p>\n<\/div>\n\n\n\n<div class=\"wp-block-column is-layout-flow wp-block-column-is-layout-flow\">\n<figure class=\"wp-block-image size-full is-resized\"><a href=\"https:\/\/www.aphyllanthe.fr\/association\/wp-content\/uploads\/2024\/04\/KUNG-FU.webp\"><img loading=\"lazy\" decoding=\"async\" width=\"274\" height=\"411\" src=\"https:\/\/www.aphyllanthe.fr\/association\/wp-content\/uploads\/2024\/04\/KUNG-FU.webp\" alt=\"\" class=\"wp-image-21464\" style=\"width:201px;height:auto\" srcset=\"https:\/\/www.aphyllanthe.fr\/association\/wp-content\/uploads\/2024\/04\/KUNG-FU.webp 274w, https:\/\/www.aphyllanthe.fr\/association\/wp-content\/uploads\/2024\/04\/KUNG-FU-200x300.webp 200w\" sizes=\"auto, (max-width: 274px) 100vw, 274px\" \/><\/a><\/figure>\n<\/div>\n<\/div>\n\n\n\n<h5 class=\"wp-block-heading has-background\" style=\"background:linear-gradient(226deg,rgb(255,206,236) 0%,rgb(152,150,240) 100%)\">Journ\u00e9e accrobranche<\/h5>\n\n\n\n<blockquote class=\"wp-block-quote is-layout-flow wp-block-quote-is-layout-flow\">\n<p>Une superbe journ\u00e9e \u00e0 l&rsquo;accrobranche pour le plus grand plaisir des petits et des grands.<br \/>Les enfants se sont constitu\u00e9s en bandes qui ne se sont pas l\u00e2ch\u00e9es de la journ\u00e9e. Et \u00e7a a aussi \u00e9t\u00e9 un moment convivial et agr\u00e9able entre adultes, sans oublier le personnel du parc, qui est  tr\u00e8s accueillant.<br \/>Malheureusement, un vent froid \u00e9tait aussi de la partie, mais nous \u00e9tions bien couverts et le th\u00e9 chaud de la buvette a \u00e9t\u00e9 bienvenu.<br \/>Voil\u00e0 voil\u00e0 c&rsquo;\u00e9tait vraiment tr\u00e8s sympa, tout le monde va bien dormir ce soir \ud83d\ude09<br \/>J&rsquo;esp\u00e8re a refaire tr\u00e8s vite !<br \/>Pauline<\/p>\n<\/blockquote>\n\n\n\n<figure class=\"wp-block-gallery has-nested-images columns-default is-cropped wp-block-gallery-5 is-layout-flex wp-block-gallery-is-layout-flex\">\n<figure class=\"wp-block-image size-large\"><a href=\"https:\/\/www.aphyllanthe.fr\/association\/wp-content\/uploads\/2024\/04\/IMG20240417101430.webp\"><img loading=\"lazy\" decoding=\"async\" width=\"768\" height=\"1024\" data-id=\"21468\" src=\"https:\/\/www.aphyllanthe.fr\/association\/wp-content\/uploads\/2024\/04\/IMG20240417101430-768x1024.webp\" alt=\"\" class=\"wp-image-21468\" srcset=\"https:\/\/www.aphyllanthe.fr\/association\/wp-content\/uploads\/2024\/04\/IMG20240417101430-768x1024.webp 768w, https:\/\/www.aphyllanthe.fr\/association\/wp-content\/uploads\/2024\/04\/IMG20240417101430-225x300.webp 225w, https:\/\/www.aphyllanthe.fr\/association\/wp-content\/uploads\/2024\/04\/IMG20240417101430-1152x1536.webp 1152w, https:\/\/www.aphyllanthe.fr\/association\/wp-content\/uploads\/2024\/04\/IMG20240417101430-1320x1760.webp 1320w, https:\/\/www.aphyllanthe.fr\/association\/wp-content\/uploads\/2024\/04\/IMG20240417101430.webp 1536w\" sizes=\"auto, (max-width: 768px) 100vw, 768px\" \/><\/a><figcaption class=\"wp-element-caption\"><strong>Il faut s&rsquo;\u00e9quiper s\u00e9rieusement&#8230;<\/strong><\/figcaption><\/figure>\n\n\n\n<figure class=\"wp-block-image size-large\"><a href=\"https:\/\/www.aphyllanthe.fr\/association\/wp-content\/uploads\/2024\/04\/IMG20240417105102-COPIE.webp\"><img loading=\"lazy\" decoding=\"async\" width=\"1024\" height=\"1021\" data-id=\"21472\" src=\"https:\/\/www.aphyllanthe.fr\/association\/wp-content\/uploads\/2024\/04\/IMG20240417105102-COPIE-1024x1021.webp\" alt=\"\" class=\"wp-image-21472\" srcset=\"https:\/\/www.aphyllanthe.fr\/association\/wp-content\/uploads\/2024\/04\/IMG20240417105102-COPIE-1024x1021.webp 1024w, https:\/\/www.aphyllanthe.fr\/association\/wp-content\/uploads\/2024\/04\/IMG20240417105102-COPIE-300x300.webp 300w, https:\/\/www.aphyllanthe.fr\/association\/wp-content\/uploads\/2024\/04\/IMG20240417105102-COPIE-150x150.webp 150w, https:\/\/www.aphyllanthe.fr\/association\/wp-content\/uploads\/2024\/04\/IMG20240417105102-COPIE-768x766.webp 768w, https:\/\/www.aphyllanthe.fr\/association\/wp-content\/uploads\/2024\/04\/IMG20240417105102-COPIE-1536x1531.webp 1536w, https:\/\/www.aphyllanthe.fr\/association\/wp-content\/uploads\/2024\/04\/IMG20240417105102-COPIE-1320x1316.webp 1320w, https:\/\/www.aphyllanthe.fr\/association\/wp-content\/uploads\/2024\/04\/IMG20240417105102-COPIE.webp 1541w\" sizes=\"auto, (max-width: 1024px) 100vw, 1024px\" \/><\/a><figcaption class=\"wp-element-caption\"><strong>&#8230;aussi bien pour les petits parcours&#8230;.<\/strong><\/figcaption><\/figure>\n\n\n\n<figure class=\"wp-block-image size-large\"><a href=\"https:\/\/www.aphyllanthe.fr\/association\/wp-content\/uploads\/2024\/04\/IMG20240417105549.webp\"><img loading=\"lazy\" decoding=\"async\" width=\"768\" height=\"1024\" data-id=\"21471\" src=\"https:\/\/www.aphyllanthe.fr\/association\/wp-content\/uploads\/2024\/04\/IMG20240417105549-768x1024.webp\" alt=\"\" class=\"wp-image-21471\" srcset=\"https:\/\/www.aphyllanthe.fr\/association\/wp-content\/uploads\/2024\/04\/IMG20240417105549-768x1024.webp 768w, https:\/\/www.aphyllanthe.fr\/association\/wp-content\/uploads\/2024\/04\/IMG20240417105549-225x300.webp 225w, https:\/\/www.aphyllanthe.fr\/association\/wp-content\/uploads\/2024\/04\/IMG20240417105549-1152x1536.webp 1152w, https:\/\/www.aphyllanthe.fr\/association\/wp-content\/uploads\/2024\/04\/IMG20240417105549-1320x1760.webp 1320w, https:\/\/www.aphyllanthe.fr\/association\/wp-content\/uploads\/2024\/04\/IMG20240417105549.webp 1536w\" sizes=\"auto, (max-width: 768px) 100vw, 768px\" \/><\/a><figcaption class=\"wp-element-caption\"><strong>&#8230; que pour les plus \u00e9lev\u00e9s.<\/strong><\/figcaption><\/figure>\n\n\n\n<figure class=\"wp-block-image size-large\"><a href=\"https:\/\/www.aphyllanthe.fr\/association\/wp-content\/uploads\/2024\/04\/IMG20240417102046-COPIE.webp\"><img loading=\"lazy\" decoding=\"async\" width=\"1024\" height=\"558\" data-id=\"21469\" src=\"https:\/\/www.aphyllanthe.fr\/association\/wp-content\/uploads\/2024\/04\/IMG20240417102046-COPIE-1024x558.webp\" alt=\"\" class=\"wp-image-21469\" srcset=\"https:\/\/www.aphyllanthe.fr\/association\/wp-content\/uploads\/2024\/04\/IMG20240417102046-COPIE-1024x558.webp 1024w, https:\/\/www.aphyllanthe.fr\/association\/wp-content\/uploads\/2024\/04\/IMG20240417102046-COPIE-300x163.webp 300w, https:\/\/www.aphyllanthe.fr\/association\/wp-content\/uploads\/2024\/04\/IMG20240417102046-COPIE-768x419.webp 768w, https:\/\/www.aphyllanthe.fr\/association\/wp-content\/uploads\/2024\/04\/IMG20240417102046-COPIE-1536x837.webp 1536w, https:\/\/www.aphyllanthe.fr\/association\/wp-content\/uploads\/2024\/04\/IMG20240417102046-COPIE-1320x719.webp 1320w, https:\/\/www.aphyllanthe.fr\/association\/wp-content\/uploads\/2024\/04\/IMG20240417102046-COPIE.webp 2048w\" sizes=\"auto, (max-width: 1024px) 100vw, 1024px\" \/><\/a><figcaption class=\"wp-element-caption\"><strong>\u00c9coute attentive des consignes de s\u00e9curit\u00e9.<\/strong><\/figcaption><\/figure>\n<\/figure>\n\n\n\n<h5 class=\"wp-block-heading has-electric-grass-gradient-background has-background\">Atelier d\u00e9couverte Qi gong et auto-massage<\/h5>\n\n\n\n<p>Laure Ozanon, dipl\u00f4m\u00e9e de m\u00e9decine chinoise, propose des stages combin\u00e9s de calligraphie associ\u00e9e \u00e0 une autre discipline au sein de son association, <em>\u00d4 domaine du Tao<\/em> (voir les prochains dans nos <a href=\"https:\/\/www.aphyllanthe.fr\/association\/les-bons-plans-de-laphyllanthe-a-partir-de-sept-2023\/\" target=\"_blank\" rel=\"noreferrer noopener\"><strong><em>Bons plans<\/em> <\/strong>ici<\/a>).<br \/>Elle est venue faire d\u00e9couvrir sa pratique du Qi Gong \u00e0 l&rsquo;Aphyllanthe, dont elle est adh\u00e9rente depuis son retour de Chine au moment du Covid. Le temps \u00e9tait venteux, mais ensoleill\u00e9, ce qui a permis de pratiquer un moment \u00e0 l&rsquo;ext\u00e9rieur. Le groupe s&rsquo;est ensuite repli\u00e9 dans le foyer pour les massages et auto-massages.<\/p>\n\n\n\n<blockquote class=\"wp-block-quote is-layout-flow wp-block-quote-is-layout-flow\">\n<p>Nous avons assist\u00e9, \u00e0 un atelier de Qi gong d\u2019une heure trente avec Laure Ozanon. Nous \u00e9tions 11, pour la plupart des n\u00e9ophytes et c\u2019est avec grand plaisir que nous avons fait nos tout premiers pas dans cette discipline. La derni\u00e8re demi heure \u00e9tait consacr\u00e9e \u00e0 l\u2019auto-massage de certains points d\u2019acupuncture, favorisant la digestion, le sommeil , la circulation des \u00e9nergies, le stress\u2026 <br \/>Atelier tr\u00e8s int\u00e9ressant du point de vue de tous, \u00e0 refaire !<br \/>Claudine<\/p>\n\n\n<div class=\"wp-block-image\">\n<figure class=\"aligncenter size-large\"><a href=\"https:\/\/www.aphyllanthe.fr\/association\/wp-content\/uploads\/2024\/04\/IMG_3323-scaled.webp\"><img loading=\"lazy\" decoding=\"async\" width=\"1024\" height=\"768\" src=\"https:\/\/www.aphyllanthe.fr\/association\/wp-content\/uploads\/2024\/04\/IMG_3323-1024x768.webp\" alt=\"\" class=\"wp-image-21486\" srcset=\"https:\/\/www.aphyllanthe.fr\/association\/wp-content\/uploads\/2024\/04\/IMG_3323-1024x768.webp 1024w, https:\/\/www.aphyllanthe.fr\/association\/wp-content\/uploads\/2024\/04\/IMG_3323-300x225.webp 300w, https:\/\/www.aphyllanthe.fr\/association\/wp-content\/uploads\/2024\/04\/IMG_3323-768x576.webp 768w, https:\/\/www.aphyllanthe.fr\/association\/wp-content\/uploads\/2024\/04\/IMG_3323-1536x1152.webp 1536w, https:\/\/www.aphyllanthe.fr\/association\/wp-content\/uploads\/2024\/04\/IMG_3323-2048x1536.webp 2048w, https:\/\/www.aphyllanthe.fr\/association\/wp-content\/uploads\/2024\/04\/IMG_3323-1320x990.webp 1320w\" sizes=\"auto, (max-width: 1024px) 100vw, 1024px\" \/><\/a><\/figure>\n<\/div><\/blockquote>\n\n\n\n<h5 class=\"wp-block-heading has-background\" style=\"background:linear-gradient(135deg,rgb(197,220,234) 0%,rgb(214,201,231) 100%)\">Atelier Scratch<\/h5>\n\n\n\n<p>Il y a eu 3 familles pour cet atelier Scratch. Les exercices \u00e9taient \u00e9labor\u00e9s en fonction du niveau et de l&rsquo;\u00e2ge des enfants. Ce fut comme toujours, une s\u00e9ance tr\u00e8s r\u00e9ussie et pl\u00e9biscit\u00e9e aussi bien par les enfants que par les adultes.<br \/>Et pour terminer l\u2019apr\u00e8s-midi, le g\u00e2teau au chocolat d&rsquo;Isabel a fait un vrai tabac !<\/p>\n\n\n\n<figure class=\"wp-block-gallery has-nested-images columns-default is-cropped wp-block-gallery-6 is-layout-flex wp-block-gallery-is-layout-flex\">\n<figure class=\"wp-block-image size-large\"><a href=\"https:\/\/www.aphyllanthe.fr\/association\/wp-content\/uploads\/2024\/04\/2024-02-scaled.webp\"><img loading=\"lazy\" decoding=\"async\" width=\"1024\" height=\"768\" data-id=\"21518\" src=\"https:\/\/www.aphyllanthe.fr\/association\/wp-content\/uploads\/2024\/04\/2024-02-1024x768.webp\" alt=\"\" class=\"wp-image-21518\" srcset=\"https:\/\/www.aphyllanthe.fr\/association\/wp-content\/uploads\/2024\/04\/2024-02-1024x768.webp 1024w, https:\/\/www.aphyllanthe.fr\/association\/wp-content\/uploads\/2024\/04\/2024-02-300x225.webp 300w, https:\/\/www.aphyllanthe.fr\/association\/wp-content\/uploads\/2024\/04\/2024-02-768x576.webp 768w, https:\/\/www.aphyllanthe.fr\/association\/wp-content\/uploads\/2024\/04\/2024-02-1536x1152.webp 1536w, https:\/\/www.aphyllanthe.fr\/association\/wp-content\/uploads\/2024\/04\/2024-02-2048x1536.webp 2048w, https:\/\/www.aphyllanthe.fr\/association\/wp-content\/uploads\/2024\/04\/2024-02-1320x990.webp 1320w\" sizes=\"auto, (max-width: 1024px) 100vw, 1024px\" \/><\/a><figcaption class=\"wp-element-caption\"><strong>Initiation \u00e0 la programmation&#8230;<\/strong><\/figcaption><\/figure>\n\n\n\n<figure class=\"wp-block-image size-large\"><a href=\"https:\/\/www.aphyllanthe.fr\/association\/wp-content\/uploads\/2024\/04\/20240418_145828-scaled.webp\"><img loading=\"lazy\" decoding=\"async\" width=\"1024\" height=\"768\" data-id=\"21519\" src=\"https:\/\/www.aphyllanthe.fr\/association\/wp-content\/uploads\/2024\/04\/20240418_145828-1024x768.webp\" alt=\"\" class=\"wp-image-21519\" srcset=\"https:\/\/www.aphyllanthe.fr\/association\/wp-content\/uploads\/2024\/04\/20240418_145828-1024x768.webp 1024w, https:\/\/www.aphyllanthe.fr\/association\/wp-content\/uploads\/2024\/04\/20240418_145828-300x225.webp 300w, https:\/\/www.aphyllanthe.fr\/association\/wp-content\/uploads\/2024\/04\/20240418_145828-768x576.webp 768w, https:\/\/www.aphyllanthe.fr\/association\/wp-content\/uploads\/2024\/04\/20240418_145828-1536x1152.webp 1536w, https:\/\/www.aphyllanthe.fr\/association\/wp-content\/uploads\/2024\/04\/20240418_145828-2048x1536.webp 2048w, https:\/\/www.aphyllanthe.fr\/association\/wp-content\/uploads\/2024\/04\/20240418_145828-1320x990.webp 1320w\" sizes=\"auto, (max-width: 1024px) 100vw, 1024px\" \/><\/a><figcaption class=\"wp-element-caption\">&#8230; par la manipulation de blocs.<\/figcaption><\/figure>\n<\/figure>\n\n\n\n<h5 class=\"wp-block-heading has-white-color has-text-color has-background has-link-color wp-elements-e32d270e59a2d8985f276fb1a77b7e09\" style=\"background-color:#204fb5\">Lasergame<\/h5>\n\n\n\n<blockquote class=\"wp-block-quote is-layout-flow wp-block-quote-is-layout-flow\">\n<p>Une soir\u00e9e sous le signe de la bonne humeur!<br \/>Petits et grands ont pu s&rsquo;affronter au laser game d&rsquo;Uz\u00e8s. Une accueil chaleureux et une ambiance d\u00e9tendue. La bataille a \u00e9t\u00e9 rude mais tout le monde y a gagn\u00e9 un grand sourire et une bonne dose de fou rire !<br \/>Estelle<\/p>\n<\/blockquote>\n\n\n<div class=\"wp-block-image\">\n<figure class=\"aligncenter size-large\"><a href=\"https:\/\/www.aphyllanthe.fr\/association\/wp-content\/uploads\/2024\/04\/LASERGAME-2024-04-19-scaled.webp\"><img loading=\"lazy\" decoding=\"async\" width=\"1024\" height=\"768\" src=\"https:\/\/www.aphyllanthe.fr\/association\/wp-content\/uploads\/2024\/04\/LASERGAME-2024-04-19-1024x768.webp\" alt=\"\" class=\"wp-image-21515\" srcset=\"https:\/\/www.aphyllanthe.fr\/association\/wp-content\/uploads\/2024\/04\/LASERGAME-2024-04-19-1024x768.webp 1024w, https:\/\/www.aphyllanthe.fr\/association\/wp-content\/uploads\/2024\/04\/LASERGAME-2024-04-19-300x225.webp 300w, https:\/\/www.aphyllanthe.fr\/association\/wp-content\/uploads\/2024\/04\/LASERGAME-2024-04-19-768x576.webp 768w, https:\/\/www.aphyllanthe.fr\/association\/wp-content\/uploads\/2024\/04\/LASERGAME-2024-04-19-1536x1152.webp 1536w, https:\/\/www.aphyllanthe.fr\/association\/wp-content\/uploads\/2024\/04\/LASERGAME-2024-04-19-2048x1536.webp 2048w, https:\/\/www.aphyllanthe.fr\/association\/wp-content\/uploads\/2024\/04\/LASERGAME-2024-04-19-1320x990.webp 1320w\" sizes=\"auto, (max-width: 1024px) 100vw, 1024px\" \/><\/a><\/figure>\n<\/div>","protected":false},"excerpt":{"rendered":"<p>Encore une fois, les vacances de printemps ont \u00e9t\u00e9 bien remplies et ont suscit\u00e9 l&rsquo;enthousiasme des participants. Ces derniers sont de plus en plus nombreux \u00e0 nous transmettre leurs commentaires, et \u00e0 faire des suggestions \u00e0 propos d&rsquo;activit\u00e9s qu&rsquo;ils aimeraient faire ou de lieux qu&rsquo;ils aimeraient visiter. C&rsquo;est bien ainsi que l&rsquo;association con\u00e7oit sa mission &hellip; <a href=\"https:\/\/www.aphyllanthe.fr\/association\/reportage-sur-les-vacances-de-printemps\/\" class=\"more-link\">Continuer la lecture de <span class=\"screen-reader-text\">Reportage sur les vacances de printemps<\/span>  <span class=\"meta-nav\">&rarr;<\/span><\/a><\/p>\n","protected":false},"author":10,"featured_media":21433,"comment_status":"closed","ping_status":"closed","sticky":false,"template":"","format":"standard","meta":{"footnotes":""},"categories":[117,118,3,113,100],"tags":[],"class_list":["post-21424","post","type-post","status-publish","format-standard","has-post-thumbnail","hentry","category-familles-et-enfants","category-partage-de-savoirs","category-reportage","category-sorties-patrimoine","category-travaux-manuels"],"_links":{"self":[{"href":"https:\/\/www.aphyllanthe.fr\/association\/wp-json\/wp\/v2\/posts\/21424","targetHints":{"allow":["GET"]}}],"collection":[{"href":"https:\/\/www.aphyllanthe.fr\/association\/wp-json\/wp\/v2\/posts"}],"about":[{"href":"https:\/\/www.aphyllanthe.fr\/association\/wp-json\/wp\/v2\/types\/post"}],"author":[{"embeddable":true,"href":"https:\/\/www.aphyllanthe.fr\/association\/wp-json\/wp\/v2\/users\/10"}],"replies":[{"embeddable":true,"href":"https:\/\/www.aphyllanthe.fr\/association\/wp-json\/wp\/v2\/comments?post=21424"}],"version-history":[{"count":37,"href":"https:\/\/www.aphyllanthe.fr\/association\/wp-json\/wp\/v2\/posts\/21424\/revisions"}],"predecessor-version":[{"id":21522,"href":"https:\/\/www.aphyllanthe.fr\/association\/wp-json\/wp\/v2\/posts\/21424\/revisions\/21522"}],"wp:featuredmedia":[{"embeddable":true,"href":"https:\/\/www.aphyllanthe.fr\/association\/wp-json\/wp\/v2\/media\/21433"}],"wp:attachment":[{"href":"https:\/\/www.aphyllanthe.fr\/association\/wp-json\/wp\/v2\/media?parent=21424"}],"wp:term":[{"taxonomy":"category","embeddable":true,"href":"https:\/\/www.aphyllanthe.fr\/association\/wp-json\/wp\/v2\/categories?post=21424"},{"taxonomy":"post_tag","embeddable":true,"href":"https:\/\/www.aphyllanthe.fr\/association\/wp-json\/wp\/v2\/tags?post=21424"}],"curies":[{"name":"wp","href":"https:\/\/api.w.org\/{rel}","templated":true}]}}