{"id":21625,"date":"2024-05-13T11:03:23","date_gmt":"2024-05-13T10:03:23","guid":{"rendered":"https:\/\/www.aphyllanthe.fr\/association\/?p=21625"},"modified":"2024-05-22T15:23:47","modified_gmt":"2024-05-22T14:23:47","slug":"cine-des-possibles-du-16-mai","status":"publish","type":"post","link":"https:\/\/www.aphyllanthe.fr\/association\/cine-des-possibles-du-16-mai\/","title":{"rendered":"Cin\u00e9 des Possibles du 16 mai"},"content":{"rendered":"\n<p class=\"has-white-color has-text-color has-background has-link-color wp-elements-3c8fe35e464a373e18fcb243fccd91b4\" style=\"background-color:#853432\">La prochaine s\u00e9ance du Cin\u00e9 des Possibles aura lieu <strong>jeudi 16 mai \u00e0 20h30<\/strong> au Capitole d\u2019Uz\u00e8s. Le film projet\u00e9, <strong>Fast Fashion &#8211; Les dessous de la mode \u00e0 bas prix<\/strong>, est un documentaire de Edouard Perrin et Gilles Bovon, produit par ARTE France et Premi\u00e8res Lignes.<br \/><br \/>La projection sera suivie d&rsquo;une discussion anim\u00e9e par <strong>l&rsquo;association l&rsquo;ARRU<\/strong> (lien vers <a href=\"https:\/\/wiki.arru.xyz\/page\/Accueil\" target=\"_blank\" rel=\"noreferrer noopener\">leur site ici<\/a>).<\/p>\n\n\n\n<p>En quelques d\u00e9cennies, la \u00ab fast fashion \u00bb, ou mode jetable, a r\u00e9volutionn\u00e9 l\u2019industrie textile \u00e0 bas prix. Apr\u00e8s <em>Starbucks sans filtre<\/em>, l\u2019\u00e9quipe d\u2019Arte a enqu\u00eat\u00e9 sur l\u2019impact social et le co\u00fbt environnemental d\u2019un secteur qui ne conna\u00eet pas la crise.<\/p>\n\n\n\n<h5 class=\"wp-block-heading has-text-align-center\"><strong>Zara, H&amp;M, Uniqlo et bien d&rsquo;autres encore, sont \u00e0 la mode<\/strong><br \/><strong>ce que le fast-food est \u00e0 la cuisine.<\/strong><\/h5>\n\n\n\n<p>Dans leur course perp\u00e9tuelle \u00e0 la nouveaut\u00e9 et aux profits, les multinationales de la mode ont consacr\u00e9 l\u2019\u00e9mergence d\u2019une industrie de l\u2019oubli. Une mode amn\u00e9sique, tournant au rythme effr\u00e9n\u00e9 des tendances de la rue avec des dizaines de nouvelles collections diff\u00e9rentes chaque ann\u00e9e, de m\u00e9diocre qualit\u00e9, \u00e0 l\u2019obsolescence programm\u00e9e, \u00e9puisant les ressources humaines de leurs innombrables sous-traitants en Asie mais aussi en Europe occidentale, \u00e9puisant \u00e9galement les ressources naturelles, polluant les airs, les sols, les eaux, et les corps pour produire au final des millions de tonnes de d\u00e9chets toxiques. Elles ont cr\u00e9\u00e9 l&rsquo;\u00e9conomie de la fringue jetable de l&rsquo;hyper-consommation. Un mod\u00e8le tr\u00e8s profitable qui nous s\u00e9duit tous. Une enqu\u00eate sans concession sur les g\u00e9ants mondiaux de la confection.<\/p>\n\n\n\n<div class=\"wp-block-columns is-layout-flex wp-container-core-columns-is-layout-9d6595d7 wp-block-columns-is-layout-flex\">\n<div class=\"wp-block-column is-layout-flow wp-block-column-is-layout-flow\">\n<figure class=\"wp-block-image size-full\"><a href=\"https:\/\/www.aphyllanthe.fr\/association\/wp-content\/uploads\/2024\/05\/FAST-FASHION.webp\"><img loading=\"lazy\" decoding=\"async\" width=\"224\" height=\"296\" src=\"https:\/\/www.aphyllanthe.fr\/association\/wp-content\/uploads\/2024\/05\/FAST-FASHION.webp\" alt=\"\" class=\"wp-image-21627\"\/><\/a><\/figure>\n<\/div>\n\n\n\n<div class=\"wp-block-column is-layout-flow wp-block-column-is-layout-flow\">\n<p>Renouveler en permanence sa garde-robe sans se ruiner : rien de plus simple aujourd&rsquo;hui. Tandis que les marques qui font le pari de vendre exclusivement en ligne se multiplient, l&rsquo;achat de v\u00eatements tient d\u00e9sormais pour beaucoup du loisir \u00e0 part enti\u00e8re. Une tendance entretenue par les nouveaux acteurs de la fast fashion sur les r\u00e9seaux sociaux qui, via un marketing subtil, r\u00e9mun\u00e8rent les influenceurs qui placent leurs produits. <\/p>\n<\/div>\n<\/div>\n\n\n\n<p>Les journalistes d&rsquo;investigation Gilles Bovon et \u00c9douard Perrin ont enqu\u00eat\u00e9 sur l&rsquo;impact social, environnemental et sanitaire de ce commerce en plein boom. En Europe, aux \u00c9tats-Unis et en Inde, ils ont rencontr\u00e9 des acteurs du secteur et se sont infiltr\u00e9s au c\u0153ur de l&rsquo;industrie textile. <br \/><br \/>Riche de t\u00e9moignages, leur documentaire dresse le bilan trop peu \u00e9coresponsable d&rsquo;une industrie qui brasse des milliards.<\/p>\n\n\n\n<h5 class=\"wp-block-heading\">Tarifs<\/h5>\n\n\n\n<figure class=\"wp-block-table aligncenter\"><table><tbody><tr><td><\/td><td class=\"has-text-align-center\" data-align=\"center\"><strong>Adultes<\/strong><\/td><td class=\"has-text-align-center\" data-align=\"center\"><strong>-18 ans<\/strong><\/td><\/tr><tr><td><strong>Adh\u00e9rents<\/strong><\/td><td class=\"has-text-align-center\" data-align=\"center\">3 \u20ac<\/td><td class=\"has-text-align-center\" data-align=\"center\">offert<\/td><\/tr><tr><td><strong>Non adh\u00e9rents<\/strong><\/td><td class=\"has-text-align-center\" data-align=\"center\">6 \u20ac<\/td><td class=\"has-text-align-center\" data-align=\"center\">6 \u20ac<\/td><\/tr><\/tbody><\/table><\/figure>\n\n\n\n<h5 class=\"wp-block-heading has-text-align-center has-white-color has-text-color has-background has-link-color wp-elements-dc642764c08a4418a7471bbd99efe313\" style=\"background-color:#853432\">Inscriptions et renseignements aupr\u00e8s du secr\u00e9tariat<br \/>(contremarques \u00e0 r\u00e9cup\u00e9rer la veille de la s\u00e9ance \u00e0 18h au plus tard)<br \/>aphyllanthe@orange.fr ou t\u00e9l : 04 66 22 10 20<\/h5>\n","protected":false},"excerpt":{"rendered":"<p>La prochaine s\u00e9ance du Cin\u00e9 des Possibles aura lieu jeudi 16 mai \u00e0 20h30 au Capitole d\u2019Uz\u00e8s. Le film projet\u00e9, Fast Fashion &#8211; Les dessous de la mode \u00e0 bas prix, est un documentaire de Edouard Perrin et Gilles Bovon, produit par ARTE France et Premi\u00e8res Lignes. La projection sera suivie d&rsquo;une discussion anim\u00e9e par &hellip; <a href=\"https:\/\/www.aphyllanthe.fr\/association\/cine-des-possibles-du-16-mai\/\" class=\"more-link\">Continuer la lecture de <span class=\"screen-reader-text\">Cin\u00e9 des Possibles du 16 mai<\/span>  <span class=\"meta-nav\">&rarr;<\/span><\/a><\/p>\n","protected":false},"author":10,"featured_media":21628,"comment_status":"closed","ping_status":"closed","sticky":false,"template":"","format":"standard","meta":{"footnotes":""},"categories":[4],"tags":[],"class_list":["post-21625","post","type-post","status-publish","format-standard","has-post-thumbnail","hentry","category-annonce"],"_links":{"self":[{"href":"https:\/\/www.aphyllanthe.fr\/association\/wp-json\/wp\/v2\/posts\/21625","targetHints":{"allow":["GET"]}}],"collection":[{"href":"https:\/\/www.aphyllanthe.fr\/association\/wp-json\/wp\/v2\/posts"}],"about":[{"href":"https:\/\/www.aphyllanthe.fr\/association\/wp-json\/wp\/v2\/types\/post"}],"author":[{"embeddable":true,"href":"https:\/\/www.aphyllanthe.fr\/association\/wp-json\/wp\/v2\/users\/10"}],"replies":[{"embeddable":true,"href":"https:\/\/www.aphyllanthe.fr\/association\/wp-json\/wp\/v2\/comments?post=21625"}],"version-history":[{"count":11,"href":"https:\/\/www.aphyllanthe.fr\/association\/wp-json\/wp\/v2\/posts\/21625\/revisions"}],"predecessor-version":[{"id":21657,"href":"https:\/\/www.aphyllanthe.fr\/association\/wp-json\/wp\/v2\/posts\/21625\/revisions\/21657"}],"wp:featuredmedia":[{"embeddable":true,"href":"https:\/\/www.aphyllanthe.fr\/association\/wp-json\/wp\/v2\/media\/21628"}],"wp:attachment":[{"href":"https:\/\/www.aphyllanthe.fr\/association\/wp-json\/wp\/v2\/media?parent=21625"}],"wp:term":[{"taxonomy":"category","embeddable":true,"href":"https:\/\/www.aphyllanthe.fr\/association\/wp-json\/wp\/v2\/categories?post=21625"},{"taxonomy":"post_tag","embeddable":true,"href":"https:\/\/www.aphyllanthe.fr\/association\/wp-json\/wp\/v2\/tags?post=21625"}],"curies":[{"name":"wp","href":"https:\/\/api.w.org\/{rel}","templated":true}]}}