{"id":21755,"date":"2024-05-30T09:05:33","date_gmt":"2024-05-30T08:05:33","guid":{"rendered":"https:\/\/www.aphyllanthe.fr\/association\/?p=21755"},"modified":"2024-06-10T10:05:24","modified_gmt":"2024-06-10T09:05:24","slug":"preparation-de-la-fete-de-fin-de-saison","status":"publish","type":"post","link":"https:\/\/www.aphyllanthe.fr\/association\/preparation-de-la-fete-de-fin-de-saison\/","title":{"rendered":"Pr\u00e9paration de la f\u00eate de fin de saison"},"content":{"rendered":"\n<h5 class=\"wp-block-heading has-text-align-center has-white-color has-luminous-dusk-gradient-background has-text-color has-background has-link-color wp-elements-cfbec3ce201befed0ea4b9a5064c79f8\"><strong>La f\u00eate de fin de saison de l&rsquo;Aphyllanthe aura lieu<\/strong><br \/><strong>dimanche 23 juin \u00e0 partir de 14h.<\/strong><\/h5>\n\n\n\n<p>Diverses animations sont pr\u00e9vues :<\/p>\n\n\n\n<ul class=\"wp-block-list\">\n<li>Spectacles de danse et de th\u00e9\u00e2tre enfants<\/li>\n\n\n\n<li>D\u00e9fil\u00e9 de couture<\/li>\n\n\n\n<li>Jeux pour les enfants<\/li>\n\n\n\n<li>Tombola<\/li>\n\n\n\n<li>R\u00e9alisation de l\u2019\u0153uvre commune<\/li>\n<\/ul>\n\n\n\n<p>Ce sera aussi l&rsquo;occasion de discuter avec les animateurs et de se pr\u00e9-inscrire pour la saison prochaine.<\/p>\n\n\n\n<h5 class=\"wp-block-heading has-text-align-center has-white-color has-text-color has-background has-link-color wp-elements-04b4b30b639ef3ec64d61f786c1fb627\" style=\"background:linear-gradient(198deg,rgb(255,203,112) 0%,rgb(199,81,192) 50%,rgb(65,88,208) 100%)\">Une r\u00e9union de pr\u00e9paration est pr\u00e9vue<br \/>mardi 4 juin \u00e0 14h30<br \/>\u00e0 la biblioth\u00e8que d&rsquo;Aigaliers<\/h5>\n\n\n\n<h5 class=\"wp-block-heading has-text-align-center has-text-color has-link-color wp-elements-589100080acbb04c5d4f938198fa2deb\" style=\"color:#3c0f61\">Toute bonne volont\u00e9 est la bienvenue<\/h5>\n","protected":false},"excerpt":{"rendered":"<p>La f\u00eate de fin de saison de l&rsquo;Aphyllanthe aura lieudimanche 23 juin \u00e0 partir de 14h. Diverses animations sont pr\u00e9vues : Ce sera aussi l&rsquo;occasion de discuter avec les animateurs et de se pr\u00e9-inscrire pour la saison prochaine. Une r\u00e9union de pr\u00e9paration est pr\u00e9vuemardi 4 juin \u00e0 14h30\u00e0 la biblioth\u00e8que d&rsquo;Aigaliers Toute bonne volont\u00e9 est &hellip; <a href=\"https:\/\/www.aphyllanthe.fr\/association\/preparation-de-la-fete-de-fin-de-saison\/\" class=\"more-link\">Continuer la lecture de <span class=\"screen-reader-text\">Pr\u00e9paration de la f\u00eate de fin de saison<\/span>  <span class=\"meta-nav\">&rarr;<\/span><\/a><\/p>\n","protected":false},"author":10,"featured_media":19056,"comment_status":"closed","ping_status":"closed","sticky":false,"template":"","format":"standard","meta":{"footnotes":""},"categories":[4],"tags":[],"class_list":["post-21755","post","type-post","status-publish","format-standard","has-post-thumbnail","hentry","category-annonce"],"_links":{"self":[{"href":"https:\/\/www.aphyllanthe.fr\/association\/wp-json\/wp\/v2\/posts\/21755","targetHints":{"allow":["GET"]}}],"collection":[{"href":"https:\/\/www.aphyllanthe.fr\/association\/wp-json\/wp\/v2\/posts"}],"about":[{"href":"https:\/\/www.aphyllanthe.fr\/association\/wp-json\/wp\/v2\/types\/post"}],"author":[{"embeddable":true,"href":"https:\/\/www.aphyllanthe.fr\/association\/wp-json\/wp\/v2\/users\/10"}],"replies":[{"embeddable":true,"href":"https:\/\/www.aphyllanthe.fr\/association\/wp-json\/wp\/v2\/comments?post=21755"}],"version-history":[{"count":14,"href":"https:\/\/www.aphyllanthe.fr\/association\/wp-json\/wp\/v2\/posts\/21755\/revisions"}],"predecessor-version":[{"id":21774,"href":"https:\/\/www.aphyllanthe.fr\/association\/wp-json\/wp\/v2\/posts\/21755\/revisions\/21774"}],"wp:featuredmedia":[{"embeddable":true,"href":"https:\/\/www.aphyllanthe.fr\/association\/wp-json\/wp\/v2\/media\/19056"}],"wp:attachment":[{"href":"https:\/\/www.aphyllanthe.fr\/association\/wp-json\/wp\/v2\/media?parent=21755"}],"wp:term":[{"taxonomy":"category","embeddable":true,"href":"https:\/\/www.aphyllanthe.fr\/association\/wp-json\/wp\/v2\/categories?post=21755"},{"taxonomy":"post_tag","embeddable":true,"href":"https:\/\/www.aphyllanthe.fr\/association\/wp-json\/wp\/v2\/tags?post=21755"}],"curies":[{"name":"wp","href":"https:\/\/api.w.org\/{rel}","templated":true}]}}