{"id":2193,"date":"2015-06-15T21:19:58","date_gmt":"2015-06-15T20:19:58","guid":{"rendered":"http:\/\/www.aphyllanthe.fr\/association\/?p=2193"},"modified":"2015-06-15T22:09:46","modified_gmt":"2015-06-15T21:09:46","slug":"chronique-des-sorties-patrimoine","status":"publish","type":"post","link":"https:\/\/www.aphyllanthe.fr\/association\/chronique-des-sorties-patrimoine\/","title":{"rendered":"Chronique des sorties \u00ab\u00a0patrimoine\u00a0\u00bb"},"content":{"rendered":"<p><a href=\"http:\/\/www.aphyllanthe.fr\/association\/wp-content\/uploads\/2015\/06\/IMG_2649-arles.jpg\"><img loading=\"lazy\" decoding=\"async\" src=\"http:\/\/www.aphyllanthe.fr\/association\/wp-content\/uploads\/2015\/06\/IMG_2649-arles-150x150.jpg\" alt=\"Visite guid\u00e9e de la ville d&#039;Arles\" width=\"75\" height=\"75\" class=\"alignleft size-thumbnail wp-image-2196\" \/><\/a>Les mois de mai et de juin 2015 furent riches en visites \u00e0 des sites du patrimoine local. Dans ce reportage, notre correspondant \u00e9voque <!--more-->les plaisirs de ces visites :  <\/p>\n<p><strong>Visite de la Caverne du Pont-d&rsquo;Arc (dimanche 14 juin). <\/strong><\/p>\n<p><figure id=\"attachment_2208\" aria-describedby=\"caption-attachment-2208\" style=\"width: 300px\" class=\"wp-caption alignleft\"><a href=\"http:\/\/www.aphyllanthe.fr\/association\/wp-content\/uploads\/2015\/06\/IMG_2716-chauvet.jpg\"><img loading=\"lazy\" decoding=\"async\" src=\"http:\/\/www.aphyllanthe.fr\/association\/wp-content\/uploads\/2015\/06\/IMG_2716-chauvet-300x225.jpg\" alt=\"Le groupe de l&#039;Aphyllanthe\" width=\"300\" height=\"225\" class=\"size-medium wp-image-2208\" srcset=\"https:\/\/www.aphyllanthe.fr\/association\/wp-content\/uploads\/2015\/06\/IMG_2716-chauvet-300x225.jpg 300w, https:\/\/www.aphyllanthe.fr\/association\/wp-content\/uploads\/2015\/06\/IMG_2716-chauvet.jpg 1024w, https:\/\/www.aphyllanthe.fr\/association\/wp-content\/uploads\/2015\/06\/IMG_2716-chauvet-600x450.jpg 600w\" sizes=\"auto, (max-width: 300px) 100vw, 300px\" \/><\/a><figcaption id=\"caption-attachment-2208\" class=\"wp-caption-text\">Le groupe de l&rsquo;Aphyllanthe<\/figcaption><\/figure>Quarante-cinq adh\u00e9rents de l&rsquo;association, dont dix enfants, sont venus admirer ce chef d\u2019\u0153uvre peint par les premiers artistes de l\u2019histoire de l\u2019Humanit\u00e9. La grotte Chauvet, dont l&rsquo;entr\u00e9e a \u00e9t\u00e9 bouch\u00e9e par un effondrement il y a plus de 20 000 ans, a \u00e9t\u00e9 red\u00e9couverte en 1994. Les peintures et les gravures y ont \u00e9t\u00e9 conserv\u00e9es dans toute leur fraicheur. Nous avons visit\u00e9 sa reconstitution fid\u00e8le ouverte depuis peu au public. Des dessins de centaines d\u2019animaux, courant, chassant, s\u2019affrontant, de quinze esp\u00e8ces diff\u00e9rentes, peints \u00e0 l&rsquo;ocre rouge, grav\u00e9s au silex, trac\u00e9s au doigt ou au fusain ornent les parois de la grotte. Les bisons s&rsquo;animent, les rhinoc\u00e9ros prennent vie tant les techniques de l&rsquo;estompe et de la perspective sont maitris\u00e9es. La visite de la grotte s&rsquo;est termin\u00e9e en apoth\u00e9ose par la grande fresque des lions, rennes, bisons, mammouths, chevaux\u2026 &#8211; un panneau monumental de 12 m de long d\u2019o\u00f9 surgissent 92 animaux en mouvement. Chacun s&rsquo;est \u00e9merveill\u00e9. Notre visite s\u2019est poursuivie dans la galerie de l\u2019aurignacien, homo sapiens d&rsquo;il y a 35\u00a0000 ans. Nous avons pu y trouver des r\u00e9ponses aux questions que nous nous posons sur son mode de vie, son environnement, son travail artistique et ses techniques. Des animaux grandeur nature, un film et des bornes interactives nous ont permis d&rsquo;entrer dans le monde de ces anc\u00eatres vivant en p\u00e9riode glaciaire au bord de l&rsquo;Ard\u00e8che.<\/p>\n<div id='gallery-1' class='gallery galleryid-2193 gallery-columns-3 gallery-size-thumbnail'><figure class='gallery-item'>\n\t\t\t<div class='gallery-icon landscape'>\n\t\t\t\t<a href='https:\/\/www.aphyllanthe.fr\/association\/wp-content\/uploads\/2015\/06\/DSC06614-reproduction-peintre.jpg'><img loading=\"lazy\" decoding=\"async\" width=\"150\" height=\"150\" src=\"https:\/\/www.aphyllanthe.fr\/association\/wp-content\/uploads\/2015\/06\/DSC06614-reproduction-peintre-150x150.jpg\" class=\"attachment-thumbnail size-thumbnail\" alt=\"Sc\u00e8ne du mus\u00e9e\" aria-describedby=\"gallery-1-2207\" \/><\/a>\n\t\t\t<\/div>\n\t\t\t\t<figcaption class='wp-caption-text gallery-caption' id='gallery-1-2207'>\n\t\t\t\tSc\u00e8ne du mus\u00e9e\n\t\t\t\t<\/figcaption><\/figure><figure class='gallery-item'>\n\t\t\t<div class='gallery-icon landscape'>\n\t\t\t\t<a href='https:\/\/www.aphyllanthe.fr\/association\/wp-content\/uploads\/2015\/06\/IMG_2736-chauvet.jpg'><img loading=\"lazy\" decoding=\"async\" width=\"150\" height=\"150\" src=\"https:\/\/www.aphyllanthe.fr\/association\/wp-content\/uploads\/2015\/06\/IMG_2736-chauvet-150x150.jpg\" class=\"attachment-thumbnail size-thumbnail\" alt=\"Sc\u00e8ne du mus\u00e9e\" aria-describedby=\"gallery-1-2213\" \/><\/a>\n\t\t\t<\/div>\n\t\t\t\t<figcaption class='wp-caption-text gallery-caption' id='gallery-1-2213'>\n\t\t\t\tSc\u00e8ne du mus\u00e9e\n\t\t\t\t<\/figcaption><\/figure><figure class='gallery-item'>\n\t\t\t<div class='gallery-icon landscape'>\n\t\t\t\t<a href='https:\/\/www.aphyllanthe.fr\/association\/wp-content\/uploads\/2015\/06\/IMG_2719-chauvet.jpg'><img loading=\"lazy\" decoding=\"async\" width=\"150\" height=\"150\" src=\"https:\/\/www.aphyllanthe.fr\/association\/wp-content\/uploads\/2015\/06\/IMG_2719-chauvet-150x150.jpg\" class=\"attachment-thumbnail size-thumbnail\" alt=\"fin de la visite\" aria-describedby=\"gallery-1-2210\" \/><\/a>\n\t\t\t<\/div>\n\t\t\t\t<figcaption class='wp-caption-text gallery-caption' id='gallery-1-2210'>\n\t\t\t\tfin de la visite\n\t\t\t\t<\/figcaption><\/figure><figure class='gallery-item'>\n\t\t\t<div class='gallery-icon landscape'>\n\t\t\t\t<a href='https:\/\/www.aphyllanthe.fr\/association\/wp-content\/uploads\/2015\/06\/DSC06609-entree-de-caverne.jpg'><img loading=\"lazy\" decoding=\"async\" width=\"150\" height=\"150\" src=\"https:\/\/www.aphyllanthe.fr\/association\/wp-content\/uploads\/2015\/06\/DSC06609-entree-de-caverne-150x150.jpg\" class=\"attachment-thumbnail size-thumbnail\" alt=\"entr\u00e9e de la caverne\" aria-describedby=\"gallery-1-2205\" \/><\/a>\n\t\t\t<\/div>\n\t\t\t\t<figcaption class='wp-caption-text gallery-caption' id='gallery-1-2205'>\n\t\t\t\tattendant le guide\n\t\t\t\t<\/figcaption><\/figure><figure class='gallery-item'>\n\t\t\t<div class='gallery-icon landscape'>\n\t\t\t\t<a href='https:\/\/www.aphyllanthe.fr\/association\/wp-content\/uploads\/2015\/06\/IMG_2717-chauvet.jpg'><img loading=\"lazy\" decoding=\"async\" width=\"150\" height=\"150\" src=\"https:\/\/www.aphyllanthe.fr\/association\/wp-content\/uploads\/2015\/06\/IMG_2717-chauvet-150x150.jpg\" class=\"attachment-thumbnail size-thumbnail\" alt=\"fin de la visite\" aria-describedby=\"gallery-1-2209\" \/><\/a>\n\t\t\t<\/div>\n\t\t\t\t<figcaption class='wp-caption-text gallery-caption' id='gallery-1-2209'>\n\t\t\t\tfin de la visite\n\t\t\t\t<\/figcaption><\/figure><figure class='gallery-item'>\n\t\t\t<div class='gallery-icon landscape'>\n\t\t\t\t<a href='https:\/\/www.aphyllanthe.fr\/association\/wp-content\/uploads\/2015\/06\/IMG_2734-chauvet.jpg'><img loading=\"lazy\" decoding=\"async\" width=\"150\" height=\"150\" src=\"https:\/\/www.aphyllanthe.fr\/association\/wp-content\/uploads\/2015\/06\/IMG_2734-chauvet-150x150.jpg\" class=\"attachment-thumbnail size-thumbnail\" alt=\"Sc\u00e8ne du mus\u00e9e\" aria-describedby=\"gallery-1-2211\" \/><\/a>\n\t\t\t<\/div>\n\t\t\t\t<figcaption class='wp-caption-text gallery-caption' id='gallery-1-2211'>\n\t\t\t\tSc\u00e8ne du mus\u00e9e\n\t\t\t\t<\/figcaption><\/figure><figure class='gallery-item'>\n\t\t\t<div class='gallery-icon landscape'>\n\t\t\t\t<a href='https:\/\/www.aphyllanthe.fr\/association\/wp-content\/uploads\/2015\/06\/IMG_2716-chauvet.jpg'><img loading=\"lazy\" decoding=\"async\" width=\"150\" height=\"150\" src=\"https:\/\/www.aphyllanthe.fr\/association\/wp-content\/uploads\/2015\/06\/IMG_2716-chauvet-150x150.jpg\" class=\"attachment-thumbnail size-thumbnail\" alt=\"Le groupe de l&#039;Aphyllanthe\" aria-describedby=\"gallery-1-2208\" \/><\/a>\n\t\t\t<\/div>\n\t\t\t\t<figcaption class='wp-caption-text gallery-caption' id='gallery-1-2208'>\n\t\t\t\tLe groupe de l&rsquo;Aphyllanthe\n\t\t\t\t<\/figcaption><\/figure><figure class='gallery-item'>\n\t\t\t<div class='gallery-icon landscape'>\n\t\t\t\t<a href='https:\/\/www.aphyllanthe.fr\/association\/wp-content\/uploads\/2015\/06\/IMG_2735-chauvet.jpg'><img loading=\"lazy\" decoding=\"async\" width=\"150\" height=\"150\" src=\"https:\/\/www.aphyllanthe.fr\/association\/wp-content\/uploads\/2015\/06\/IMG_2735-chauvet-150x150.jpg\" class=\"attachment-thumbnail size-thumbnail\" alt=\"Sc\u00e8ne du mus\u00e9e\" aria-describedby=\"gallery-1-2212\" \/><\/a>\n\t\t\t<\/div>\n\t\t\t\t<figcaption class='wp-caption-text gallery-caption' id='gallery-1-2212'>\n\t\t\t\tSc\u00e8ne du mus\u00e9e\n\t\t\t\t<\/figcaption><\/figure><figure class='gallery-item'>\n\t\t\t<div class='gallery-icon landscape'>\n\t\t\t\t<a href='https:\/\/www.aphyllanthe.fr\/association\/wp-content\/uploads\/2015\/06\/DSC06612-reproduction-mammouth.jpg'><img loading=\"lazy\" decoding=\"async\" width=\"150\" height=\"150\" src=\"https:\/\/www.aphyllanthe.fr\/association\/wp-content\/uploads\/2015\/06\/DSC06612-reproduction-mammouth-150x150.jpg\" class=\"attachment-thumbnail size-thumbnail\" alt=\"Sc\u00e8ne du mus\u00e9e\" aria-describedby=\"gallery-1-2206\" \/><\/a>\n\t\t\t<\/div>\n\t\t\t\t<figcaption class='wp-caption-text gallery-caption' id='gallery-1-2206'>\n\t\t\t\tSc\u00e8ne du mus\u00e9e\n\t\t\t\t<\/figcaption><\/figure>\n\t\t<\/div>\n\n<p><strong>Visite guid\u00e9e de la ville d&rsquo;Arles  (lundi 25 mai)<\/strong><\/p>\n<p><a href=\"http:\/\/www.aphyllanthe.fr\/association\/wp-content\/uploads\/2015\/06\/IMG_2649-arles.jpg\"><img loading=\"lazy\" decoding=\"async\" src=\"http:\/\/www.aphyllanthe.fr\/association\/wp-content\/uploads\/2015\/06\/IMG_2649-arles-300x225.jpg\" alt=\"Visite guid\u00e9e de la ville d&#039;Arles\" width=\"300\" height=\"225\" class=\"alignright size-medium wp-image-2196\" srcset=\"https:\/\/www.aphyllanthe.fr\/association\/wp-content\/uploads\/2015\/06\/IMG_2649-arles-300x225.jpg 300w, https:\/\/www.aphyllanthe.fr\/association\/wp-content\/uploads\/2015\/06\/IMG_2649-arles.jpg 1024w, https:\/\/www.aphyllanthe.fr\/association\/wp-content\/uploads\/2015\/06\/IMG_2649-arles-600x450.jpg 600w\" sizes=\"auto, (max-width: 300px) 100vw, 300px\" \/><\/a>La visite de la ville d\u2019Arles a d\u00e9but\u00e9 par un sympathique d\u00e9jeuner au restaurant des \u00c9ditions Actes Sud, histoire de se mettre en jambes. Puis, la vingtaine de participants a rejoint notre guide pour une promenade de 2h dans la ville. Celle-ci nous a men\u00e9 vers les monuments les plus remarquables qui ont jalonn\u00e9 l&rsquo;histoire de la cit\u00e9 comme le th\u00e9\u00e2tre antique, les ar\u00e8nes, la Cath\u00e9drale Saint-Trophime, les cryptoportiques, les ruines du forum, les h\u00f4tels particuliers, les places et les ruelles\u2026.. Au long de la promenade notre guide a aussi \u00e9voqu\u00e9 les personnalit\u00e9s comme Vincent Van Gogh, nous faisant d\u00e9couvrir les paysages, maisons ou caf\u00e9s qu&rsquo;il y a peint, pour finir la visite dans l&rsquo;enceinte de l&rsquo;h\u00f4pital o\u00f9 il a \u00e9t\u00e9 intern\u00e9. La ville ne poss\u00e9dant aucun des tableaux de l&rsquo;artiste ces lieux n&rsquo;ont pas manqu\u00e9 de nous rappeler ses c\u00e9l\u00e8bres tableaux connus de tous. Chacun est reparti heureux de ces d\u00e9couvertes se promettant d&rsquo;y revenir pour y d\u00e9couvrir d\u2019autres tr\u00e9sors.<br \/>\n<div id='gallery-2' class='gallery galleryid-2193 gallery-columns-3 gallery-size-thumbnail'><figure class='gallery-item'>\n\t\t\t<div class='gallery-icon landscape'>\n\t\t\t\t<a href='https:\/\/www.aphyllanthe.fr\/association\/wp-content\/uploads\/2015\/06\/IMG_2655-arles.jpg'><img loading=\"lazy\" decoding=\"async\" width=\"150\" height=\"150\" src=\"https:\/\/www.aphyllanthe.fr\/association\/wp-content\/uploads\/2015\/06\/IMG_2655-arles-150x150.jpg\" class=\"attachment-thumbnail size-thumbnail\" alt=\"Visite guid\u00e9e de la ville d&#039;Arles\" aria-describedby=\"gallery-2-2199\" \/><\/a>\n\t\t\t<\/div>\n\t\t\t\t<figcaption class='wp-caption-text gallery-caption' id='gallery-2-2199'>\n\t\t\t\tVisite guid\u00e9e de la ville d&rsquo;Arles\n\t\t\t\t<\/figcaption><\/figure><figure class='gallery-item'>\n\t\t\t<div class='gallery-icon landscape'>\n\t\t\t\t<a href='https:\/\/www.aphyllanthe.fr\/association\/wp-content\/uploads\/2015\/06\/IMG_2650-arles.jpg'><img loading=\"lazy\" decoding=\"async\" width=\"150\" height=\"150\" src=\"https:\/\/www.aphyllanthe.fr\/association\/wp-content\/uploads\/2015\/06\/IMG_2650-arles-150x150.jpg\" class=\"attachment-thumbnail size-thumbnail\" alt=\"Visite guid\u00e9e de la ville d&#039;Arles\" aria-describedby=\"gallery-2-2197\" \/><\/a>\n\t\t\t<\/div>\n\t\t\t\t<figcaption class='wp-caption-text gallery-caption' id='gallery-2-2197'>\n\t\t\t\tVisite guid\u00e9e de la ville d&rsquo;Arles\n\t\t\t\t<\/figcaption><\/figure><figure class='gallery-item'>\n\t\t\t<div class='gallery-icon landscape'>\n\t\t\t\t<a href='https:\/\/www.aphyllanthe.fr\/association\/wp-content\/uploads\/2015\/06\/IMG_2660-arles.jpg'><img loading=\"lazy\" decoding=\"async\" width=\"150\" height=\"150\" src=\"https:\/\/www.aphyllanthe.fr\/association\/wp-content\/uploads\/2015\/06\/IMG_2660-arles-150x150.jpg\" class=\"attachment-thumbnail size-thumbnail\" alt=\"Visite guid\u00e9e de la ville d&#039;Arles\" aria-describedby=\"gallery-2-2200\" \/><\/a>\n\t\t\t<\/div>\n\t\t\t\t<figcaption class='wp-caption-text gallery-caption' id='gallery-2-2200'>\n\t\t\t\tVisite guid\u00e9e de la ville d&rsquo;Arles\n\t\t\t\t<\/figcaption><\/figure><figure class='gallery-item'>\n\t\t\t<div class='gallery-icon landscape'>\n\t\t\t\t<a href='https:\/\/www.aphyllanthe.fr\/association\/wp-content\/uploads\/2015\/06\/IMG_2670-arles.jpg'><img loading=\"lazy\" decoding=\"async\" width=\"150\" height=\"150\" src=\"https:\/\/www.aphyllanthe.fr\/association\/wp-content\/uploads\/2015\/06\/IMG_2670-arles-150x150.jpg\" class=\"attachment-thumbnail size-thumbnail\" alt=\"Visite guid\u00e9e de la ville d&#039;Arles\" aria-describedby=\"gallery-2-2202\" \/><\/a>\n\t\t\t<\/div>\n\t\t\t\t<figcaption class='wp-caption-text gallery-caption' id='gallery-2-2202'>\n\t\t\t\tVisite guid\u00e9e de la ville d&rsquo;Arles\n\t\t\t\t<\/figcaption><\/figure><figure class='gallery-item'>\n\t\t\t<div class='gallery-icon landscape'>\n\t\t\t\t<a href='https:\/\/www.aphyllanthe.fr\/association\/wp-content\/uploads\/2015\/06\/IMG_2664-arles.jpg'><img loading=\"lazy\" decoding=\"async\" width=\"150\" height=\"150\" src=\"https:\/\/www.aphyllanthe.fr\/association\/wp-content\/uploads\/2015\/06\/IMG_2664-arles-150x150.jpg\" class=\"attachment-thumbnail size-thumbnail\" alt=\"Visite guid\u00e9e de la ville d&#039;Arles\" aria-describedby=\"gallery-2-2201\" \/><\/a>\n\t\t\t<\/div>\n\t\t\t\t<figcaption class='wp-caption-text gallery-caption' id='gallery-2-2201'>\n\t\t\t\tVisite guid\u00e9e de la ville d&rsquo;Arles\n\t\t\t\t<\/figcaption><\/figure><figure class='gallery-item'>\n\t\t\t<div class='gallery-icon landscape'>\n\t\t\t\t<a href='https:\/\/www.aphyllanthe.fr\/association\/wp-content\/uploads\/2015\/06\/IMG_2653-arles.jpg'><img loading=\"lazy\" decoding=\"async\" width=\"150\" height=\"150\" src=\"https:\/\/www.aphyllanthe.fr\/association\/wp-content\/uploads\/2015\/06\/IMG_2653-arles-150x150.jpg\" class=\"attachment-thumbnail size-thumbnail\" alt=\"Visite guid\u00e9e de la ville d&#039;Arles\" aria-describedby=\"gallery-2-2198\" \/><\/a>\n\t\t\t<\/div>\n\t\t\t\t<figcaption class='wp-caption-text gallery-caption' id='gallery-2-2198'>\n\t\t\t\tVisite guid\u00e9e de la ville d&rsquo;Arles\n\t\t\t\t<\/figcaption><\/figure>\n\t\t<\/div>\n<\/p>\n","protected":false},"excerpt":{"rendered":"<p>Les mois de mai et de juin 2015 furent riches en visites \u00e0 des sites du patrimoine local. Dans ce reportage, notre correspondant \u00e9voque<\/p>\n","protected":false},"author":1,"featured_media":0,"comment_status":"closed","ping_status":"closed","sticky":false,"template":"","format":"standard","meta":{"footnotes":""},"categories":[3],"tags":[],"class_list":["post-2193","post","type-post","status-publish","format-standard","hentry","category-reportage"],"_links":{"self":[{"href":"https:\/\/www.aphyllanthe.fr\/association\/wp-json\/wp\/v2\/posts\/2193","targetHints":{"allow":["GET"]}}],"collection":[{"href":"https:\/\/www.aphyllanthe.fr\/association\/wp-json\/wp\/v2\/posts"}],"about":[{"href":"https:\/\/www.aphyllanthe.fr\/association\/wp-json\/wp\/v2\/types\/post"}],"author":[{"embeddable":true,"href":"https:\/\/www.aphyllanthe.fr\/association\/wp-json\/wp\/v2\/users\/1"}],"replies":[{"embeddable":true,"href":"https:\/\/www.aphyllanthe.fr\/association\/wp-json\/wp\/v2\/comments?post=2193"}],"version-history":[{"count":0,"href":"https:\/\/www.aphyllanthe.fr\/association\/wp-json\/wp\/v2\/posts\/2193\/revisions"}],"wp:attachment":[{"href":"https:\/\/www.aphyllanthe.fr\/association\/wp-json\/wp\/v2\/media?parent=2193"}],"wp:term":[{"taxonomy":"category","embeddable":true,"href":"https:\/\/www.aphyllanthe.fr\/association\/wp-json\/wp\/v2\/categories?post=2193"},{"taxonomy":"post_tag","embeddable":true,"href":"https:\/\/www.aphyllanthe.fr\/association\/wp-json\/wp\/v2\/tags?post=2193"}],"curies":[{"name":"wp","href":"https:\/\/api.w.org\/{rel}","templated":true}]}}