{"id":22200,"date":"2024-08-23T07:59:58","date_gmt":"2024-08-23T06:59:58","guid":{"rendered":"https:\/\/www.aphyllanthe.fr\/association\/?p=22200"},"modified":"2024-10-02T13:13:17","modified_gmt":"2024-10-02T12:13:17","slug":"des-nouveautes-a-la-bibliotheque","status":"publish","type":"post","link":"https:\/\/www.aphyllanthe.fr\/association\/des-nouveautes-a-la-bibliotheque\/","title":{"rendered":"Des nouveaut\u00e9s \u00e0 la biblioth\u00e8que"},"content":{"rendered":"\n<p class=\"has-white-color has-text-color has-background has-link-color wp-elements-5e7bdb1b2c50e46ea6472f275971a130\" style=\"background-color:#bb804d\">Bien que la biblioth\u00e8que ait \u00e9t\u00e9 ferm\u00e9e pendant l&rsquo;\u00e9t\u00e9, les b\u00e9n\u00e9voles qui l&rsquo;animent n&rsquo;ont pas ch\u00f4m\u00e9. En effet, il y a eu deux temps forts en juillet :<\/p>\n\n\n\n<ul class=\"wp-block-list\">\n<li><strong>Le bibliobus est pass\u00e9<\/strong>. Il a fallu retirer les ouvrages pr\u00eat\u00e9s pr\u00e9c\u00e9demment et en choisir de nouveaux qui ont \u00e9t\u00e9 mis en rayon. Au total, ce sont 200 documents qui ont \u00e9t\u00e9 \u00e9chang\u00e9s. Merci \u00e0 Claudine et \u00e0 Jocelyn, qui sont venus donner la main \u00e0 cette occasion.<\/li>\n\n\n\n<li><strong>Des achats ont \u00e9t\u00e9 faits<\/strong>. Ce sont principalement des romans adultes, mais il y a \u00e9galement quelques documentaires jeunesse et un manga en 4 tomes. Merci \u00e0 Martine, qui s&rsquo;en est occup\u00e9e, ainsi qu&rsquo;\u00e0 Nicole, Marie-\u00c9tienne et Claire, qui l&rsquo;ont aid\u00e9e \u00e0 \u00e9quiper ces 29 nouveaut\u00e9s, d\u00e9sormais disponibles pour le pr\u00eat.<\/li>\n<\/ul>\n\n\n\n<h6 class=\"wp-block-heading has-text-align-center\">Voici un aper\u00e7u des nouveaut\u00e9s, achats et bibliobus confondus<\/h6>\n\n\n\n<figure class=\"wp-block-gallery has-nested-images columns-default is-cropped wp-block-gallery-2 is-layout-flex wp-block-gallery-is-layout-flex\">\n<figure class=\"wp-block-image size-large\"><a href=\"https:\/\/www.aphyllanthe.fr\/association\/wp-content\/uploads\/2024\/08\/NOUVEAUTES-ADULTES-20240821-scaled.webp\"><img loading=\"lazy\" decoding=\"async\" width=\"1024\" height=\"859\" data-id=\"22202\" src=\"https:\/\/www.aphyllanthe.fr\/association\/wp-content\/uploads\/2024\/08\/NOUVEAUTES-ADULTES-20240821-1024x859.webp\" alt=\"\" class=\"wp-image-22202\" srcset=\"https:\/\/www.aphyllanthe.fr\/association\/wp-content\/uploads\/2024\/08\/NOUVEAUTES-ADULTES-20240821-1024x859.webp 1024w, https:\/\/www.aphyllanthe.fr\/association\/wp-content\/uploads\/2024\/08\/NOUVEAUTES-ADULTES-20240821-300x252.webp 300w, https:\/\/www.aphyllanthe.fr\/association\/wp-content\/uploads\/2024\/08\/NOUVEAUTES-ADULTES-20240821-768x644.webp 768w, https:\/\/www.aphyllanthe.fr\/association\/wp-content\/uploads\/2024\/08\/NOUVEAUTES-ADULTES-20240821-1536x1288.webp 1536w, https:\/\/www.aphyllanthe.fr\/association\/wp-content\/uploads\/2024\/08\/NOUVEAUTES-ADULTES-20240821-2048x1718.webp 2048w, https:\/\/www.aphyllanthe.fr\/association\/wp-content\/uploads\/2024\/08\/NOUVEAUTES-ADULTES-20240821-1320x1107.webp 1320w\" sizes=\"auto, (max-width: 1024px) 100vw, 1024px\" \/><\/a><figcaption class=\"wp-element-caption\">Romans adultes<\/figcaption><\/figure>\n\n\n\n<figure class=\"wp-block-image size-large\"><a href=\"https:\/\/www.aphyllanthe.fr\/association\/wp-content\/uploads\/2024\/08\/NOUVEAUTES-ENFANTS-20240821-scaled.webp\"><img loading=\"lazy\" decoding=\"async\" width=\"890\" height=\"1024\" data-id=\"22204\" src=\"https:\/\/www.aphyllanthe.fr\/association\/wp-content\/uploads\/2024\/08\/NOUVEAUTES-ENFANTS-20240821-890x1024.webp\" alt=\"\" class=\"wp-image-22204\" srcset=\"https:\/\/www.aphyllanthe.fr\/association\/wp-content\/uploads\/2024\/08\/NOUVEAUTES-ENFANTS-20240821-890x1024.webp 890w, https:\/\/www.aphyllanthe.fr\/association\/wp-content\/uploads\/2024\/08\/NOUVEAUTES-ENFANTS-20240821-261x300.webp 261w, https:\/\/www.aphyllanthe.fr\/association\/wp-content\/uploads\/2024\/08\/NOUVEAUTES-ENFANTS-20240821-768x883.webp 768w, https:\/\/www.aphyllanthe.fr\/association\/wp-content\/uploads\/2024\/08\/NOUVEAUTES-ENFANTS-20240821-1335x1536.webp 1335w, https:\/\/www.aphyllanthe.fr\/association\/wp-content\/uploads\/2024\/08\/NOUVEAUTES-ENFANTS-20240821-1781x2048.webp 1781w, https:\/\/www.aphyllanthe.fr\/association\/wp-content\/uploads\/2024\/08\/NOUVEAUTES-ENFANTS-20240821-1320x1518.webp 1320w\" sizes=\"auto, (max-width: 890px) 100vw, 890px\" \/><\/a><figcaption class=\"wp-element-caption\">Albums enfants<\/figcaption><\/figure>\n\n\n\n<figure class=\"wp-block-image size-large\"><a href=\"https:\/\/www.aphyllanthe.fr\/association\/wp-content\/uploads\/2024\/08\/NOUVEAUTES-JEUNSESSE-20240821-scaled.webp\"><img loading=\"lazy\" decoding=\"async\" width=\"941\" height=\"1024\" data-id=\"22205\" src=\"https:\/\/www.aphyllanthe.fr\/association\/wp-content\/uploads\/2024\/08\/NOUVEAUTES-JEUNSESSE-20240821-941x1024.webp\" alt=\"\" class=\"wp-image-22205\" srcset=\"https:\/\/www.aphyllanthe.fr\/association\/wp-content\/uploads\/2024\/08\/NOUVEAUTES-JEUNSESSE-20240821-941x1024.webp 941w, https:\/\/www.aphyllanthe.fr\/association\/wp-content\/uploads\/2024\/08\/NOUVEAUTES-JEUNSESSE-20240821-276x300.webp 276w, https:\/\/www.aphyllanthe.fr\/association\/wp-content\/uploads\/2024\/08\/NOUVEAUTES-JEUNSESSE-20240821-768x836.webp 768w, https:\/\/www.aphyllanthe.fr\/association\/wp-content\/uploads\/2024\/08\/NOUVEAUTES-JEUNSESSE-20240821-1411x1536.webp 1411w, https:\/\/www.aphyllanthe.fr\/association\/wp-content\/uploads\/2024\/08\/NOUVEAUTES-JEUNSESSE-20240821-1881x2048.webp 1881w, https:\/\/www.aphyllanthe.fr\/association\/wp-content\/uploads\/2024\/08\/NOUVEAUTES-JEUNSESSE-20240821-1320x1437.webp 1320w\" sizes=\"auto, (max-width: 941px) 100vw, 941px\" \/><\/a><figcaption class=\"wp-element-caption\">Documentaires et BD jeunesse<\/figcaption><\/figure>\n\n\n\n<figure class=\"wp-block-image size-large\"><a href=\"https:\/\/www.aphyllanthe.fr\/association\/wp-content\/uploads\/2024\/08\/NOUVEAUTES-JEUNSESSE-2-20240821-scaled.webp\"><img loading=\"lazy\" decoding=\"async\" width=\"1024\" height=\"482\" data-id=\"22203\" src=\"https:\/\/www.aphyllanthe.fr\/association\/wp-content\/uploads\/2024\/08\/NOUVEAUTES-JEUNSESSE-2-20240821-1024x482.webp\" alt=\"\" class=\"wp-image-22203\" srcset=\"https:\/\/www.aphyllanthe.fr\/association\/wp-content\/uploads\/2024\/08\/NOUVEAUTES-JEUNSESSE-2-20240821-1024x482.webp 1024w, https:\/\/www.aphyllanthe.fr\/association\/wp-content\/uploads\/2024\/08\/NOUVEAUTES-JEUNSESSE-2-20240821-300x141.webp 300w, https:\/\/www.aphyllanthe.fr\/association\/wp-content\/uploads\/2024\/08\/NOUVEAUTES-JEUNSESSE-2-20240821-768x362.webp 768w, https:\/\/www.aphyllanthe.fr\/association\/wp-content\/uploads\/2024\/08\/NOUVEAUTES-JEUNSESSE-2-20240821-1536x724.webp 1536w, https:\/\/www.aphyllanthe.fr\/association\/wp-content\/uploads\/2024\/08\/NOUVEAUTES-JEUNSESSE-2-20240821-2048x965.webp 2048w, https:\/\/www.aphyllanthe.fr\/association\/wp-content\/uploads\/2024\/08\/NOUVEAUTES-JEUNSESSE-2-20240821-1320x622.webp 1320w\" sizes=\"auto, (max-width: 1024px) 100vw, 1024px\" \/><\/a><figcaption class=\"wp-element-caption\">BD, manga et roman jeunesse \/ jeunes adultes<\/figcaption><\/figure>\n<\/figure>\n\n\n\n<p>Et voici la <a href=\"https:\/\/www.aphyllanthe.fr\/association\/pdf\/07.2024-achats.pdf\" target=\"_blank\" rel=\"noreferrer noopener\">liste des achats de l&rsquo;\u00e9t\u00e9<\/a>.<\/p>\n","protected":false},"excerpt":{"rendered":"<p>Bien que la biblioth\u00e8que ait \u00e9t\u00e9 ferm\u00e9e pendant l&rsquo;\u00e9t\u00e9, les b\u00e9n\u00e9voles qui l&rsquo;animent n&rsquo;ont pas ch\u00f4m\u00e9. En effet, il y a eu deux temps forts en juillet : Voici un aper\u00e7u des nouveaut\u00e9s, achats et bibliobus confondus Et voici la liste des achats de l&rsquo;\u00e9t\u00e9.<\/p>\n","protected":false},"author":10,"featured_media":18843,"comment_status":"closed","ping_status":"closed","sticky":false,"template":"","format":"standard","meta":{"footnotes":""},"categories":[4,2],"tags":[],"class_list":["post-22200","post","type-post","status-publish","format-standard","has-post-thumbnail","hentry","category-annonce","category-chronique-bibliotheque"],"_links":{"self":[{"href":"https:\/\/www.aphyllanthe.fr\/association\/wp-json\/wp\/v2\/posts\/22200","targetHints":{"allow":["GET"]}}],"collection":[{"href":"https:\/\/www.aphyllanthe.fr\/association\/wp-json\/wp\/v2\/posts"}],"about":[{"href":"https:\/\/www.aphyllanthe.fr\/association\/wp-json\/wp\/v2\/types\/post"}],"author":[{"embeddable":true,"href":"https:\/\/www.aphyllanthe.fr\/association\/wp-json\/wp\/v2\/users\/10"}],"replies":[{"embeddable":true,"href":"https:\/\/www.aphyllanthe.fr\/association\/wp-json\/wp\/v2\/comments?post=22200"}],"version-history":[{"count":8,"href":"https:\/\/www.aphyllanthe.fr\/association\/wp-json\/wp\/v2\/posts\/22200\/revisions"}],"predecessor-version":[{"id":22212,"href":"https:\/\/www.aphyllanthe.fr\/association\/wp-json\/wp\/v2\/posts\/22200\/revisions\/22212"}],"wp:featuredmedia":[{"embeddable":true,"href":"https:\/\/www.aphyllanthe.fr\/association\/wp-json\/wp\/v2\/media\/18843"}],"wp:attachment":[{"href":"https:\/\/www.aphyllanthe.fr\/association\/wp-json\/wp\/v2\/media?parent=22200"}],"wp:term":[{"taxonomy":"category","embeddable":true,"href":"https:\/\/www.aphyllanthe.fr\/association\/wp-json\/wp\/v2\/categories?post=22200"},{"taxonomy":"post_tag","embeddable":true,"href":"https:\/\/www.aphyllanthe.fr\/association\/wp-json\/wp\/v2\/tags?post=22200"}],"curies":[{"name":"wp","href":"https:\/\/api.w.org\/{rel}","templated":true}]}}