{"id":22262,"date":"2024-09-02T14:50:14","date_gmt":"2024-09-02T13:50:14","guid":{"rendered":"https:\/\/www.aphyllanthe.fr\/association\/?p=22262"},"modified":"2024-09-03T08:32:07","modified_gmt":"2024-09-03T07:32:07","slug":"la-rentree-2024-est-lancee","status":"publish","type":"post","link":"https:\/\/www.aphyllanthe.fr\/association\/la-rentree-2024-est-lancee\/","title":{"rendered":"La rentr\u00e9e 2024 est lanc\u00e9e"},"content":{"rendered":"\n<h3 class=\"wp-block-heading has-text-align-center has-white-color has-black-background-color has-text-color has-background has-link-color wp-elements-8f6ca53ff4e0b9ae10486730558d5d66\">La m\u00e9t\u00e9o est encore estivale mais l&rsquo;Aphyllanthe se met en marche pour la saison d&rsquo;automne<\/h3>\n\n\n\n<p>La lettre de l&rsquo;Aphyllanthe de septembre 2024 est pr\u00eate et sera diffus\u00e9e dans les bo\u00eetes aux lettres d&rsquo;Aigaliers, Foissac et Baron tr\u00e8s prochainement. Pour les impatients et ceux qui ne la re\u00e7oivent pas en format papier, la lettre est<a href=\"https:\/\/www.aphyllanthe.fr\/association\/pdf\/lettres\/lettre-09-2024.pdf\"> <\/a><a href=\"https:\/\/www.aphyllanthe.fr\/association\/pdf\/lettres\/Lettre-09-2024.pdf\" target=\"_blank\" rel=\"noreferrer noopener\">d\u00e9j\u00e0 disponible en ligne.<\/a><\/p>\n\n\n\n<div class=\"wp-block-columns is-layout-flex wp-container-core-columns-is-layout-9d6595d7 wp-block-columns-is-layout-flex\">\n<div class=\"wp-block-column is-layout-flow wp-block-column-is-layout-flow\">\n<figure class=\"wp-block-image size-large is-resized\"><a href=\"https:\/\/www.aphyllanthe.fr\/association\/wp-content\/uploads\/2024\/09\/LETTRE-09.2024.webp\"><img loading=\"lazy\" decoding=\"async\" width=\"724\" height=\"1024\" src=\"https:\/\/www.aphyllanthe.fr\/association\/wp-content\/uploads\/2024\/09\/LETTRE-09.2024-724x1024.webp\" alt=\"\" class=\"wp-image-22258\" style=\"width:228px;height:auto\" srcset=\"https:\/\/www.aphyllanthe.fr\/association\/wp-content\/uploads\/2024\/09\/LETTRE-09.2024-724x1024.webp 724w, https:\/\/www.aphyllanthe.fr\/association\/wp-content\/uploads\/2024\/09\/LETTRE-09.2024-212x300.webp 212w, https:\/\/www.aphyllanthe.fr\/association\/wp-content\/uploads\/2024\/09\/LETTRE-09.2024-768x1086.webp 768w, https:\/\/www.aphyllanthe.fr\/association\/wp-content\/uploads\/2024\/09\/LETTRE-09.2024-1086x1536.webp 1086w, https:\/\/www.aphyllanthe.fr\/association\/wp-content\/uploads\/2024\/09\/LETTRE-09.2024-1448x2048.webp 1448w, https:\/\/www.aphyllanthe.fr\/association\/wp-content\/uploads\/2024\/09\/LETTRE-09.2024-1320x1867.webp 1320w, https:\/\/www.aphyllanthe.fr\/association\/wp-content\/uploads\/2024\/09\/LETTRE-09.2024.webp 1587w\" sizes=\"auto, (max-width: 724px) 100vw, 724px\" \/><\/a><\/figure>\n<\/div>\n\n\n\n<div class=\"wp-block-column is-layout-flow wp-block-column-is-layout-flow\">\n<p>On y trouve tout le programme des activit\u00e9s et cours r\u00e9guliers  et un beau programme de sorties et ateliers pour l&rsquo;automne (\u00e0 ne pas manquer &#8211; la visite guid\u00e9e au Ch\u00e2teau Laurens le 5 octobre) .<\/p>\n\n\n\n<p><a href=\"https:\/\/www.aphyllanthe.fr\/association\/activites-regulieres-rentree-2024\/\" target=\"_blank\" rel=\"noreferrer noopener\">Le programme des activit\u00e9s r\u00e9guli\u00e8res <\/a>est  tr\u00e8s fourni cette ann\u00e9e avec quelques nouveaut\u00e9s (une 3\u00e8me s\u00e9ance de gym douce, un atelier d&rsquo;anglais conversationnel pour adultes etc.)<\/p>\n<\/div>\n<\/div>\n\n\n\n<h3 class=\"wp-block-heading has-text-align-center has-white-color has-text-color has-background has-link-color wp-elements-8941c822dc3eb1d7482a77a8bc508386\" style=\"background-color:#3e66bd\">Journ\u00e9e des inscriptions le 11 septembre<\/h3>\n\n\n\n<p>L&rsquo;Aphyllanthe vous re\u00e7oit \u00e0 la biblioth\u00e8que d&rsquo;Aigaliers <strong>le mercredi 11 septembre de 16h \u00e0 20 h<\/strong> pour la journ\u00e9e des inscriptions.  Vous pourrez consulter le programme de l&rsquo;automne, rencontrer nos animateurs et animatrices, et confirmer votre adh\u00e9sion et vos activit\u00e9s pour la saison 2024-2025.  L&rsquo;Association vous offre une petit collation pour vous rafra\u00eechir et commencer la saison de fa\u00e7on tr\u00e8s conviviale.  <\/p>\n\n\n\n<h3 class=\"wp-block-heading has-text-align-center has-white-color has-text-color has-background has-link-color wp-elements-e7b195b3a517d214ab1b88b468f2deb8\" style=\"background-color:#c3468e\">Le 7 septembre l&rsquo;Aphyllanthe sera au forum des associations des villages locaux \u00e0 Serviers. <\/h3>\n\n\n\n<div class=\"wp-block-columns is-layout-flex wp-container-core-columns-is-layout-9d6595d7 wp-block-columns-is-layout-flex\">\n<div class=\"wp-block-column is-layout-flow wp-block-column-is-layout-flow\">\n<figure class=\"wp-block-image size-large\"><a href=\"https:\/\/www.aphyllanthe.fr\/association\/wp-content\/uploads\/2024\/08\/2024-09-FORUM-scaled.webp\"><img loading=\"lazy\" decoding=\"async\" width=\"714\" height=\"1024\" src=\"https:\/\/www.aphyllanthe.fr\/association\/wp-content\/uploads\/2024\/08\/2024-09-FORUM-714x1024.webp\" alt=\"\" class=\"wp-image-22213\" srcset=\"https:\/\/www.aphyllanthe.fr\/association\/wp-content\/uploads\/2024\/08\/2024-09-FORUM-714x1024.webp 714w, https:\/\/www.aphyllanthe.fr\/association\/wp-content\/uploads\/2024\/08\/2024-09-FORUM-209x300.webp 209w, https:\/\/www.aphyllanthe.fr\/association\/wp-content\/uploads\/2024\/08\/2024-09-FORUM-768x1102.webp 768w, https:\/\/www.aphyllanthe.fr\/association\/wp-content\/uploads\/2024\/08\/2024-09-FORUM-1070x1536.webp 1070w, https:\/\/www.aphyllanthe.fr\/association\/wp-content\/uploads\/2024\/08\/2024-09-FORUM-1427x2048.webp 1427w, https:\/\/www.aphyllanthe.fr\/association\/wp-content\/uploads\/2024\/08\/2024-09-FORUM-1320x1894.webp 1320w, https:\/\/www.aphyllanthe.fr\/association\/wp-content\/uploads\/2024\/08\/2024-09-FORUM-scaled.webp 1784w\" sizes=\"auto, (max-width: 714px) 100vw, 714px\" \/><\/a><\/figure>\n<\/div>\n\n\n\n<div class=\"wp-block-column is-layout-flow wp-block-column-is-layout-flow\">\n<p>Venez nous retrouver au foyer de Serviers (\u00e0 c\u00f4t\u00e9 de la mairie) en compagnie de plusieurs autres associations de Foissac, Baron, Serviers et Aigaliers  \u00e0 partir de 14h ce samedi 7 septembre. <\/p>\n<\/div>\n<\/div>\n","protected":false},"excerpt":{"rendered":"<p>La m\u00e9t\u00e9o est encore estivale mais l&rsquo;Aphyllanthe se met en marche pour la saison d&rsquo;automne La lettre de l&rsquo;Aphyllanthe de septembre 2024 est pr\u00eate et sera diffus\u00e9e dans les bo\u00eetes aux lettres d&rsquo;Aigaliers, Foissac et Baron tr\u00e8s prochainement. Pour les impatients et ceux qui ne la re\u00e7oivent pas en format papier, la lettre est d\u00e9j\u00e0 &hellip; <a href=\"https:\/\/www.aphyllanthe.fr\/association\/la-rentree-2024-est-lancee\/\" class=\"more-link\">Continuer la lecture de <span class=\"screen-reader-text\">La rentr\u00e9e 2024 est lanc\u00e9e<\/span>  <span class=\"meta-nav\">&rarr;<\/span><\/a><\/p>\n","protected":false},"author":1,"featured_media":0,"comment_status":"closed","ping_status":"closed","sticky":false,"template":"","format":"standard","meta":{"footnotes":""},"categories":[4],"tags":[],"class_list":["post-22262","post","type-post","status-publish","format-standard","hentry","category-annonce"],"_links":{"self":[{"href":"https:\/\/www.aphyllanthe.fr\/association\/wp-json\/wp\/v2\/posts\/22262","targetHints":{"allow":["GET"]}}],"collection":[{"href":"https:\/\/www.aphyllanthe.fr\/association\/wp-json\/wp\/v2\/posts"}],"about":[{"href":"https:\/\/www.aphyllanthe.fr\/association\/wp-json\/wp\/v2\/types\/post"}],"author":[{"embeddable":true,"href":"https:\/\/www.aphyllanthe.fr\/association\/wp-json\/wp\/v2\/users\/1"}],"replies":[{"embeddable":true,"href":"https:\/\/www.aphyllanthe.fr\/association\/wp-json\/wp\/v2\/comments?post=22262"}],"version-history":[{"count":17,"href":"https:\/\/www.aphyllanthe.fr\/association\/wp-json\/wp\/v2\/posts\/22262\/revisions"}],"predecessor-version":[{"id":22289,"href":"https:\/\/www.aphyllanthe.fr\/association\/wp-json\/wp\/v2\/posts\/22262\/revisions\/22289"}],"wp:attachment":[{"href":"https:\/\/www.aphyllanthe.fr\/association\/wp-json\/wp\/v2\/media?parent=22262"}],"wp:term":[{"taxonomy":"category","embeddable":true,"href":"https:\/\/www.aphyllanthe.fr\/association\/wp-json\/wp\/v2\/categories?post=22262"},{"taxonomy":"post_tag","embeddable":true,"href":"https:\/\/www.aphyllanthe.fr\/association\/wp-json\/wp\/v2\/tags?post=22262"}],"curies":[{"name":"wp","href":"https:\/\/api.w.org\/{rel}","templated":true}]}}