{"id":22291,"date":"2024-09-10T09:49:26","date_gmt":"2024-09-10T08:49:26","guid":{"rendered":"https:\/\/www.aphyllanthe.fr\/association\/?p=22291"},"modified":"2024-10-10T14:18:18","modified_gmt":"2024-10-10T13:18:18","slug":"conferences-du-vendredi-cest-la-reprise","status":"publish","type":"post","link":"https:\/\/www.aphyllanthe.fr\/association\/conferences-du-vendredi-cest-la-reprise\/","title":{"rendered":"Conf\u00e9rences du vendredi, c&rsquo;est la reprise."},"content":{"rendered":"\n<p class=\"has-text-align-center has-text-color has-background has-link-color wp-elements-5c2893f75a3cb35f3a2076bd5e5c232a\" style=\"color:#823b57;background-color:#b4bdbf\">Le cycle des conf\u00e9rences du vendredi reprend \u00e0 l&rsquo;Aphyllanthe<br \/><strong>vendredi 4 octobre \u00e0 19h au foyer d&rsquo;Aigaliers<\/strong>.<br \/>En guise de conf\u00e9rence inaugurale, l&rsquo;auteur Sandrine Skiller, dipl\u00f4m\u00e9e en Droit Priv\u00e9 de la Facult\u00e9 de Montpellier et de l\u2019\u00c9cole Nationale de Proc\u00e9dure de Paris, viendra nous pr\u00e9senter ses ouvrages, qu&rsquo;elle utilisera comme base pour une discussion sur l&rsquo;analyse comportementale et le profilage.<\/p>\n\n\n\n<p>En criminologie, l&rsquo;analyse comportementale est l&rsquo;un des outils mis \u00e0 la disposition de l&rsquo;enqu\u00eateur dans le cadre de crimes particuliers. Elle consiste en une \u00e9tude pluridisciplinaire d&rsquo;un dossier criminel et conf\u00e8re une dimension psychologique \u00e0 l&rsquo;enqu\u00eate judiciaire, en d\u00e9veloppant un axe de recherche bas\u00e9 sur le comportement criminel.<\/p>\n\n\n\n<div class=\"wp-block-columns is-layout-flex wp-container-core-columns-is-layout-9d6595d7 wp-block-columns-is-layout-flex\">\n<div class=\"wp-block-column is-layout-flow wp-block-column-is-layout-flow\">\n<p>Conf\u00e9renci\u00e8re depuis plusieurs ann\u00e9es, Sandrine Skiller est \u00e9galement membre partenaire de l&rsquo;Association Qu\u00e9b\u00e9coise de Criminalistique et travaille b\u00e9n\u00e9volement en collaboration avec l&rsquo;Association AVANOR (Association pour les Victimes d&rsquo;Affaires Criminelles Non R\u00e9solues).<\/p>\n<\/div>\n\n\n\n<div class=\"wp-block-column is-layout-flow wp-block-column-is-layout-flow\">\n<figure class=\"wp-block-image size-full\"><a href=\"https:\/\/www.aphyllanthe.fr\/association\/wp-content\/uploads\/2024\/09\/SKILLER.webp\"><img loading=\"lazy\" decoding=\"async\" width=\"696\" height=\"488\" src=\"https:\/\/www.aphyllanthe.fr\/association\/wp-content\/uploads\/2024\/09\/SKILLER.webp\" alt=\"\" class=\"wp-image-22302\" srcset=\"https:\/\/www.aphyllanthe.fr\/association\/wp-content\/uploads\/2024\/09\/SKILLER.webp 696w, https:\/\/www.aphyllanthe.fr\/association\/wp-content\/uploads\/2024\/09\/SKILLER-300x210.webp 300w\" sizes=\"auto, (max-width: 696px) 100vw, 696px\" \/><\/a><\/figure>\n<\/div>\n<\/div>\n\n\n\n<p>Elle se propose de faire partager sa passion en levant le voile sur un univers tr\u00e8s \u00e9loign\u00e9 des id\u00e9es qui sont v\u00e9hicul\u00e9es par les m\u00e9dia.<br \/>Pour cela, elle s&rsquo;appuiera sur ses deux ouvrages, \u00e9dit\u00e9s aux \u00c9ditions La Bruy\u00e8re : <em>Les flammes de l\u2019Enfer ne suffiront pas<\/em> (2021), \u00e9lu coup de c\u0153ur de la Fnac N\u00eemes et dont l\u2019histoire se situe dans cette ville, et <em>Tes t\u00e9n\u00e8bres b\u00e2tiront mon paradis <\/em>(2023), qui se d\u00e9roule sur la C\u00f4te d\u2019Azur.<\/p>\n\n\n\n<figure class=\"wp-block-gallery has-nested-images columns-default is-cropped wp-block-gallery-2 is-layout-flex wp-block-gallery-is-layout-flex\">\n<figure class=\"wp-block-image size-large\"><a href=\"https:\/\/www.aphyllanthe.fr\/association\/wp-content\/uploads\/2024\/09\/FLAMMES-DE-LENFER.webp\"><img loading=\"lazy\" decoding=\"async\" width=\"649\" height=\"1024\" data-id=\"22294\" src=\"https:\/\/www.aphyllanthe.fr\/association\/wp-content\/uploads\/2024\/09\/FLAMMES-DE-LENFER-649x1024.webp\" alt=\"\" class=\"wp-image-22294\" srcset=\"https:\/\/www.aphyllanthe.fr\/association\/wp-content\/uploads\/2024\/09\/FLAMMES-DE-LENFER-649x1024.webp 649w, https:\/\/www.aphyllanthe.fr\/association\/wp-content\/uploads\/2024\/09\/FLAMMES-DE-LENFER-190x300.webp 190w, https:\/\/www.aphyllanthe.fr\/association\/wp-content\/uploads\/2024\/09\/FLAMMES-DE-LENFER.webp 675w\" sizes=\"auto, (max-width: 649px) 100vw, 649px\" \/><\/a><\/figure>\n\n\n\n<figure class=\"wp-block-image size-large\"><a href=\"https:\/\/www.aphyllanthe.fr\/association\/wp-content\/uploads\/2024\/09\/TENEBRES-BATIRONT-PARADIS-scaled.webp\"><img loading=\"lazy\" decoding=\"async\" width=\"682\" height=\"1024\" data-id=\"22295\" src=\"https:\/\/www.aphyllanthe.fr\/association\/wp-content\/uploads\/2024\/09\/TENEBRES-BATIRONT-PARADIS-682x1024.webp\" alt=\"\" class=\"wp-image-22295\" srcset=\"https:\/\/www.aphyllanthe.fr\/association\/wp-content\/uploads\/2024\/09\/TENEBRES-BATIRONT-PARADIS-682x1024.webp 682w, https:\/\/www.aphyllanthe.fr\/association\/wp-content\/uploads\/2024\/09\/TENEBRES-BATIRONT-PARADIS-200x300.webp 200w, https:\/\/www.aphyllanthe.fr\/association\/wp-content\/uploads\/2024\/09\/TENEBRES-BATIRONT-PARADIS-768x1154.webp 768w, https:\/\/www.aphyllanthe.fr\/association\/wp-content\/uploads\/2024\/09\/TENEBRES-BATIRONT-PARADIS-1023x1536.webp 1023w, https:\/\/www.aphyllanthe.fr\/association\/wp-content\/uploads\/2024\/09\/TENEBRES-BATIRONT-PARADIS-1364x2048.webp 1364w, https:\/\/www.aphyllanthe.fr\/association\/wp-content\/uploads\/2024\/09\/TENEBRES-BATIRONT-PARADIS-1320x1983.webp 1320w, https:\/\/www.aphyllanthe.fr\/association\/wp-content\/uploads\/2024\/09\/TENEBRES-BATIRONT-PARADIS-scaled.webp 1704w\" sizes=\"auto, (max-width: 682px) 100vw, 682px\" \/><\/a><\/figure>\n<\/figure>\n","protected":false},"excerpt":{"rendered":"<p>Le cycle des conf\u00e9rences du vendredi reprend \u00e0 l&rsquo;Aphyllanthevendredi 4 octobre \u00e0 19h au foyer d&rsquo;Aigaliers.En guise de conf\u00e9rence inaugurale, l&rsquo;auteur Sandrine Skiller, dipl\u00f4m\u00e9e en Droit Priv\u00e9 de la Facult\u00e9 de Montpellier et de l\u2019\u00c9cole Nationale de Proc\u00e9dure de Paris, viendra nous pr\u00e9senter ses ouvrages, qu&rsquo;elle utilisera comme base pour une discussion sur l&rsquo;analyse comportementale &hellip; <a href=\"https:\/\/www.aphyllanthe.fr\/association\/conferences-du-vendredi-cest-la-reprise\/\" class=\"more-link\">Continuer la lecture de <span class=\"screen-reader-text\">Conf\u00e9rences du vendredi, c&rsquo;est la reprise.<\/span>  <span class=\"meta-nav\">&rarr;<\/span><\/a><\/p>\n","protected":false},"author":10,"featured_media":18124,"comment_status":"closed","ping_status":"closed","sticky":false,"template":"","format":"standard","meta":{"footnotes":""},"categories":[4],"tags":[],"class_list":["post-22291","post","type-post","status-publish","format-standard","has-post-thumbnail","hentry","category-annonce"],"_links":{"self":[{"href":"https:\/\/www.aphyllanthe.fr\/association\/wp-json\/wp\/v2\/posts\/22291","targetHints":{"allow":["GET"]}}],"collection":[{"href":"https:\/\/www.aphyllanthe.fr\/association\/wp-json\/wp\/v2\/posts"}],"about":[{"href":"https:\/\/www.aphyllanthe.fr\/association\/wp-json\/wp\/v2\/types\/post"}],"author":[{"embeddable":true,"href":"https:\/\/www.aphyllanthe.fr\/association\/wp-json\/wp\/v2\/users\/10"}],"replies":[{"embeddable":true,"href":"https:\/\/www.aphyllanthe.fr\/association\/wp-json\/wp\/v2\/comments?post=22291"}],"version-history":[{"count":22,"href":"https:\/\/www.aphyllanthe.fr\/association\/wp-json\/wp\/v2\/posts\/22291\/revisions"}],"predecessor-version":[{"id":22346,"href":"https:\/\/www.aphyllanthe.fr\/association\/wp-json\/wp\/v2\/posts\/22291\/revisions\/22346"}],"wp:featuredmedia":[{"embeddable":true,"href":"https:\/\/www.aphyllanthe.fr\/association\/wp-json\/wp\/v2\/media\/18124"}],"wp:attachment":[{"href":"https:\/\/www.aphyllanthe.fr\/association\/wp-json\/wp\/v2\/media?parent=22291"}],"wp:term":[{"taxonomy":"category","embeddable":true,"href":"https:\/\/www.aphyllanthe.fr\/association\/wp-json\/wp\/v2\/categories?post=22291"},{"taxonomy":"post_tag","embeddable":true,"href":"https:\/\/www.aphyllanthe.fr\/association\/wp-json\/wp\/v2\/tags?post=22291"}],"curies":[{"name":"wp","href":"https:\/\/api.w.org\/{rel}","templated":true}]}}