{"id":22430,"date":"2024-10-09T13:16:01","date_gmt":"2024-10-09T12:16:01","guid":{"rendered":"https:\/\/www.aphyllanthe.fr\/association\/?p=22430"},"modified":"2024-10-10T14:18:04","modified_gmt":"2024-10-10T13:18:04","slug":"plongee-dans-lorient-aux-carrieres-des-lumieres","status":"publish","type":"post","link":"https:\/\/www.aphyllanthe.fr\/association\/plongee-dans-lorient-aux-carrieres-des-lumieres\/","title":{"rendered":"Plong\u00e9e dans l&rsquo;Orient aux Carri\u00e8res des Lumi\u00e8res"},"content":{"rendered":"\n<p class=\"has-text-align-center has-text-color has-background has-link-color wp-elements-534ca43d7f3024f5b675dfc069df1112\" style=\"color:#9d7923;background-color:#cbedf1\">L&rsquo;Aphyllanthe propose une sortie aux Carri\u00e8res des Lumi\u00e8res<br \/><strong>dimanche 27 octobre \u00e0 11h<\/strong>.<br \/>Au programme, deux univers qui se rejoignent : <strong>l\u2019\u00c9gypte des Pharaons <\/strong>pour le programme long, les <strong>peintres orientalistes<\/strong> pour le programme court.<\/p>\n\n\n\n<h5 class=\"wp-block-heading\">l\u2019\u00c9gypte des Pharaons<\/h5>\n\n\n\n<p>Un spectacle qui remonte le temps et ressuscite l\u2019\u00e9poque des Pharaons, de Kh\u00e9ops \u00e0 Rams\u00e8s II, en passant par Tout\u00e2nkhamon.<br \/>Apr\u00e8s le calme, vient la temp\u00eate : le Nil s\u2019embrase, les temples se couvrent de hi\u00e9roglyphes \u00e9nigmatiques, l\u2019architecture des ob\u00e9lisques \u00e9crase et le buste de N\u00e9fertari s&rsquo;expose de toute sa hauteur ; le temps s\u2019arr\u00eate. Le voyage se termine en r\u00e9v\u00e9lant les tombeaux et sarcophages royaux.<\/p>\n\n\n<div class=\"wp-block-image\">\n<figure class=\"aligncenter size-full is-resized\"><a href=\"https:\/\/www.aphyllanthe.fr\/association\/wp-content\/uploads\/2024\/10\/CARRIERES-DES-LUMIERES.webp\"><img loading=\"lazy\" decoding=\"async\" width=\"578\" height=\"382\" src=\"https:\/\/www.aphyllanthe.fr\/association\/wp-content\/uploads\/2024\/10\/CARRIERES-DES-LUMIERES.webp\" alt=\"\" class=\"wp-image-22443\" style=\"width:407px;height:auto\" srcset=\"https:\/\/www.aphyllanthe.fr\/association\/wp-content\/uploads\/2024\/10\/CARRIERES-DES-LUMIERES.webp 578w, https:\/\/www.aphyllanthe.fr\/association\/wp-content\/uploads\/2024\/10\/CARRIERES-DES-LUMIERES-300x198.webp 300w\" sizes=\"auto, (max-width: 578px) 100vw, 578px\" \/><\/a><\/figure>\n<\/div>\n\n\n<h5 class=\"wp-block-heading\">Les peintres orientalistes<\/h5>\n\n\n\n<p>Au 19\u00e8me si\u00e8cle, captiv\u00e9s par la lumi\u00e8re, les couleurs vibrantes des paysages et des architectures du Grand Sud, les peintres occidentaux se sont passionn\u00e9s pour les myst\u00e8res des terres lointaines.<br \/>Une plong\u00e9e dans l\u2019histoire et les myst\u00e8res de l\u2019Orient \u00e0 travers les carnets de voyage de Delacroix, G\u00e9r\u00f4me, Ingres et d&rsquo;autres.<\/p>\n\n\n<div class=\"wp-block-image\">\n<figure class=\"aligncenter size-full is-resized\"><a href=\"https:\/\/www.aphyllanthe.fr\/association\/wp-content\/uploads\/2024\/10\/CARRIERES-DES-LUMIERES-1.webp\"><img loading=\"lazy\" decoding=\"async\" width=\"675\" height=\"558\" src=\"https:\/\/www.aphyllanthe.fr\/association\/wp-content\/uploads\/2024\/10\/CARRIERES-DES-LUMIERES-1.webp\" alt=\"\" class=\"wp-image-22445\" style=\"width:379px;height:auto\" srcset=\"https:\/\/www.aphyllanthe.fr\/association\/wp-content\/uploads\/2024\/10\/CARRIERES-DES-LUMIERES-1.webp 675w, https:\/\/www.aphyllanthe.fr\/association\/wp-content\/uploads\/2024\/10\/CARRIERES-DES-LUMIERES-1-300x248.webp 300w\" sizes=\"auto, (max-width: 675px) 100vw, 675px\" \/><\/a><\/figure>\n<\/div>\n\n\n<h5 class=\"wp-block-heading\">Tarifs et conditions<\/h5>\n\n\n\n<figure class=\"wp-block-table aligncenter\"><table class=\"has-fixed-layout\"><tbody><tr><td class=\"has-text-align-center\" data-align=\"center\"><\/td><td class=\"has-text-align-center\" data-align=\"center\"><strong>Adultes<\/strong><\/td><td class=\"has-text-align-center\" data-align=\"center\"><strong>Enfants<\/strong><\/td><\/tr><tr><td class=\"has-text-align-center\" data-align=\"center\"><strong>Adh\u00e9rents<\/strong><\/td><td class=\"has-text-align-center\" data-align=\"center\">8 \u20ac<\/td><td class=\"has-text-align-center\" data-align=\"center\">offert<\/td><\/tr><tr><td class=\"has-text-align-center\" data-align=\"center\"><strong>Non adh\u00e9rents<\/strong><\/td><td class=\"has-text-align-center\" data-align=\"center\">15,50 \u20ac<\/td><td class=\"has-text-align-center\" data-align=\"center\">0-7 ans : gratuit<br \/>+7 ans : 12 \u20ac<\/td><\/tr><\/tbody><\/table><\/figure>\n\n\n\n<p class=\"has-text-align-center\">Possibilit\u00e9 de rester dans le lieu pour un deuxi\u00e8me visionnage.<\/p>\n\n\n\n<p class=\"has-text-align-center\"><strong>Attention : il fait frais dans les carri\u00e8res (15\u00b0C environ),<\/strong><br \/><strong>pensez \u00e0 vous couvrir<\/strong><\/p>\n\n\n\n<h5 class=\"wp-block-heading has-text-align-left\">Pour s\u2019y rendre, voir l\u2019itin\u00e9raire <a href=\"https:\/\/www.google.com\/maps\/dir\/Aigaliers,+30700\/Carri%C3%A8res+des+Lumi%C3%A8res,+Route+de+Maillane,+13520+Les+Baux-de-Provence\/@43.8813894,4.4920221,10.88z\/data=!4m19!4m18!1m10!1m1!1s0x12b449673ce332f5:0x4078821166b4890!2m2!1d4.322013!2d44.058459!3m4!1m2!1d4.6551828!2d43.8108026!3s0x12b5dc87e6bc7399:0xef7c04c9d6fa092d!1m5!1m1!1s0x12b5e142696be24f:0xad0679207d8b0d3f!2m2!1d4.796414!2d43.7485538!3e0\" target=\"_blank\" rel=\"noreferrer noopener\">ici<\/a>.<\/h5>\n\n\n\n<h5 class=\"wp-block-heading has-text-align-center has-text-color has-background has-link-color wp-elements-5402c92b8873161eb9ea07ed7fd4752f\" style=\"color:#9d7923;background-color:#cbedf1\">Renseignements et inscription aupr\u00e8s du secr\u00e9tariat :<br \/>aphyllanthe@orange.fr \/ t\u00e9l : 04 66 22 10 20<\/h5>\n\n\n\n<p><\/p>\n","protected":false},"excerpt":{"rendered":"<p>L&rsquo;Aphyllanthe propose une sortie aux Carri\u00e8res des Lumi\u00e8resdimanche 27 octobre \u00e0 11h.Au programme, deux univers qui se rejoignent : l\u2019\u00c9gypte des Pharaons pour le programme long, les peintres orientalistes pour le programme court. l\u2019\u00c9gypte des Pharaons Un spectacle qui remonte le temps et ressuscite l\u2019\u00e9poque des Pharaons, de Kh\u00e9ops \u00e0 Rams\u00e8s II, en passant par &hellip; <a href=\"https:\/\/www.aphyllanthe.fr\/association\/plongee-dans-lorient-aux-carrieres-des-lumieres\/\" class=\"more-link\">Continuer la lecture de <span class=\"screen-reader-text\">Plong\u00e9e dans l&rsquo;Orient aux Carri\u00e8res des Lumi\u00e8res<\/span>  <span class=\"meta-nav\">&rarr;<\/span><\/a><\/p>\n","protected":false},"author":10,"featured_media":22432,"comment_status":"closed","ping_status":"closed","sticky":false,"template":"","format":"standard","meta":{"footnotes":""},"categories":[4],"tags":[],"class_list":["post-22430","post","type-post","status-publish","format-standard","has-post-thumbnail","hentry","category-annonce"],"_links":{"self":[{"href":"https:\/\/www.aphyllanthe.fr\/association\/wp-json\/wp\/v2\/posts\/22430","targetHints":{"allow":["GET"]}}],"collection":[{"href":"https:\/\/www.aphyllanthe.fr\/association\/wp-json\/wp\/v2\/posts"}],"about":[{"href":"https:\/\/www.aphyllanthe.fr\/association\/wp-json\/wp\/v2\/types\/post"}],"author":[{"embeddable":true,"href":"https:\/\/www.aphyllanthe.fr\/association\/wp-json\/wp\/v2\/users\/10"}],"replies":[{"embeddable":true,"href":"https:\/\/www.aphyllanthe.fr\/association\/wp-json\/wp\/v2\/comments?post=22430"}],"version-history":[{"count":30,"href":"https:\/\/www.aphyllanthe.fr\/association\/wp-json\/wp\/v2\/posts\/22430\/revisions"}],"predecessor-version":[{"id":22463,"href":"https:\/\/www.aphyllanthe.fr\/association\/wp-json\/wp\/v2\/posts\/22430\/revisions\/22463"}],"wp:featuredmedia":[{"embeddable":true,"href":"https:\/\/www.aphyllanthe.fr\/association\/wp-json\/wp\/v2\/media\/22432"}],"wp:attachment":[{"href":"https:\/\/www.aphyllanthe.fr\/association\/wp-json\/wp\/v2\/media?parent=22430"}],"wp:term":[{"taxonomy":"category","embeddable":true,"href":"https:\/\/www.aphyllanthe.fr\/association\/wp-json\/wp\/v2\/categories?post=22430"},{"taxonomy":"post_tag","embeddable":true,"href":"https:\/\/www.aphyllanthe.fr\/association\/wp-json\/wp\/v2\/tags?post=22430"}],"curies":[{"name":"wp","href":"https:\/\/api.w.org\/{rel}","templated":true}]}}