{"id":22497,"date":"2024-10-10T14:17:50","date_gmt":"2024-10-10T13:17:50","guid":{"rendered":"https:\/\/www.aphyllanthe.fr\/association\/?p=22497"},"modified":"2024-10-31T16:49:38","modified_gmt":"2024-10-31T15:49:38","slug":"reportage-sur-la-visite-de-chateau-laurens","status":"publish","type":"post","link":"https:\/\/www.aphyllanthe.fr\/association\/reportage-sur-la-visite-de-chateau-laurens\/","title":{"rendered":"Reportage sur la visite de Ch\u00e2teau Laurens"},"content":{"rendered":"\n<p class=\"has-text-align-center has-background\" style=\"background-color:#a7b846\">Voici le compte-rendu de Brigitte, qui va faire regretter la visite \u00e0 tous ceux qui n&rsquo;y \u00e9taient pas :<\/p>\n\n\n\n<p>Fermez les yeux et imaginez une b\u00e2tisse, fin 19\u00e8me-d\u00e9but 20\u00e8me, plant\u00e9e l\u00e0 dans l\u2019\u00eelot d\u2019Agde et agr\u00e9ment\u00e9e d\u2019un grand jardin de 12 hectares autrefois vignoble.<br \/>De chaque c\u00f4t\u00e9 le canal du midi, l\u2019H\u00e9rault, la voie de chemin de fer.<br \/>Mais d\u00e9j\u00e0 votre regard est accroch\u00e9 par le fronton aux colonnes de marbre couleur anthracite pos\u00e9es l\u00e0 de fa\u00e7on asym\u00e9trique&nbsp;; coquetterie de l\u2019architecte, du propri\u00e9taire&nbsp;? Non, il s\u2019agit de faire vivre cette fa\u00e7ade et de mettre en \u00e9vidence les fresques qui accueillent le visiteur. On est loin des <em>palais romains au front audacieux<\/em>&nbsp;dont Du Bellay parle.<br \/>Sous ce fronton, une lourde porte d\u2019entr\u00e9e en bois, dont le guide, petit sourire aux l\u00e8vres, d\u00e9tient jalousement la cl\u00e9 (il sait, lui, ce qu\u2019il y a derri\u00e8re cette porte&nbsp;! ).<\/p>\n\n\n<div class=\"wp-block-image\">\n<figure class=\"aligncenter size-full\"><a href=\"https:\/\/www.aphyllanthe.fr\/association\/wp-content\/uploads\/2024\/10\/DSC_3735.webp\"><img loading=\"lazy\" decoding=\"async\" width=\"791\" height=\"425\" src=\"https:\/\/www.aphyllanthe.fr\/association\/wp-content\/uploads\/2024\/10\/DSC_3735.webp\" alt=\"\" class=\"wp-image-22512\" srcset=\"https:\/\/www.aphyllanthe.fr\/association\/wp-content\/uploads\/2024\/10\/DSC_3735.webp 791w, https:\/\/www.aphyllanthe.fr\/association\/wp-content\/uploads\/2024\/10\/DSC_3735-300x161.webp 300w, https:\/\/www.aphyllanthe.fr\/association\/wp-content\/uploads\/2024\/10\/DSC_3735-768x413.webp 768w\" sizes=\"auto, (max-width: 791px) 100vw, 791px\" \/><\/a><\/figure>\n<\/div>\n\n\n<p>Une fois la porte pass\u00e9e, puis le vestibule et le hall d\u2019entr\u00e9e, les salles se succ\u00e8dent au rythme du r\u00e9cit du guide. Tous nos sens sont saisis&nbsp;: festival de couleurs rouge-grenat , roses, verts, jaunes, bleus\u2026 foisonnement de dessins, mosa\u00efques, motifs d\u00e9licieux, vitraux somptueux, plafonds en forme de vo\u00fbte, fresques\u2026 ouvertures de portes de forme ovo\u00efde (hum\u2026 d\u00e9cid\u00e9ment le propri\u00e9taire adore les femmes)\u2026. inspirations orientales, \u2026 \u00e9gyptiennes,\u2026bucoliques,\u2026 affolement des sens, vous ne savez plus, ouf ! Le syndrome de Stendhal pointe son nez\u2026<\/p>\n\n\n\n<figure class=\"wp-block-gallery has-nested-images columns-default is-cropped wp-block-gallery-2 is-layout-flex wp-block-gallery-is-layout-flex\">\n<figure class=\"wp-block-image size-large\"><a href=\"https:\/\/www.aphyllanthe.fr\/association\/wp-content\/uploads\/2024\/10\/IMG_3657.webp\"><img loading=\"lazy\" decoding=\"async\" width=\"640\" height=\"480\" data-id=\"22513\" src=\"https:\/\/www.aphyllanthe.fr\/association\/wp-content\/uploads\/2024\/10\/IMG_3657.webp\" alt=\"\" class=\"wp-image-22513\" srcset=\"https:\/\/www.aphyllanthe.fr\/association\/wp-content\/uploads\/2024\/10\/IMG_3657.webp 640w, https:\/\/www.aphyllanthe.fr\/association\/wp-content\/uploads\/2024\/10\/IMG_3657-300x225.webp 300w\" sizes=\"auto, (max-width: 640px) 100vw, 640px\" \/><\/a><\/figure>\n\n\n\n<figure class=\"wp-block-image size-large\"><a href=\"https:\/\/www.aphyllanthe.fr\/association\/wp-content\/uploads\/2024\/10\/IMG_3662.webp\"><img loading=\"lazy\" decoding=\"async\" width=\"480\" height=\"640\" data-id=\"22514\" src=\"https:\/\/www.aphyllanthe.fr\/association\/wp-content\/uploads\/2024\/10\/IMG_3662.webp\" alt=\"\" class=\"wp-image-22514\" srcset=\"https:\/\/www.aphyllanthe.fr\/association\/wp-content\/uploads\/2024\/10\/IMG_3662.webp 480w, https:\/\/www.aphyllanthe.fr\/association\/wp-content\/uploads\/2024\/10\/IMG_3662-225x300.webp 225w\" sizes=\"auto, (max-width: 480px) 100vw, 480px\" \/><\/a><\/figure>\n<\/figure>\n\n\n\n<p>C\u2019est un r\u00e9gal, un enchantement, un \u00e9blouissement\u2026 Des Oh! Ah! ponctuent chaque d\u00e9couverte de nouvelle salle \u2026 reprenez vos esprits \u2026<br \/>Et oui le propri\u00e9taire est un personnage atypique par sa vie : coups du sort ou synchronicit\u00e9 des \u00e9v\u00e9nements, il a h\u00e9rit\u00e9 par deux fois \u00e0 quelques ann\u00e9es d\u2019intervalle d\u2019une immense fortune (merci grand tonton et papa\u00a0!).  Alors il a d\u00e9cid\u00e9 de faire un grand voyage, tour du monde, a travers\u00e9 pleins de pays aux cultures, m\u0153urs diff\u00e9rentes. A son retour, il a projet\u00e9 de faire construire et d\u00e9corer par des artistes talentueux ce ch\u00e2teau et d\u2019y investir toutes ces id\u00e9es de belles choses glan\u00e9es de ci de l\u00e0, au gr\u00e9 du voyage&#8230; Le r\u00e9sultat est l\u00e0, incroyable. (Bravo les gars, ouvriers, artisans, petites mains&#8230; on adore)<br \/>Et pourquoi ce ch\u00e2teau ? L\u00e0, on d\u00e9couvre un homme fabuleux : pour en faire un palais de plaisirs !! Le palais des Mille et une nuits festives, version agathoise. Par ma foi, loin du fracas du monde (premi\u00e8re guerre mondiale), s\u2019adonner aux f\u00eates, en voil\u00e0 une id\u00e9e qu\u2019on peut comprendre !<\/p>\n\n\n\n<div class=\"wp-block-columns is-layout-flex wp-container-core-columns-is-layout-9d6595d7 wp-block-columns-is-layout-flex\">\n<div class=\"wp-block-column is-layout-flow wp-block-column-is-layout-flow\">\n<p>Vous avez toujours les yeux ferm\u00e9s ? \u00c9coutez l\u2019\u00e9cho des rires, des chocs de vaisselle, des discussions, des pi\u00e9tinements des invit\u00e9s et des valets, des v\u00eatements froiss\u00e9s, des cris, g\u00e9missements de plaisir, chuchotements, musique, les trains qui passent&#8230; et puis le silence tombe. Alors, humez aussi les parfums lourds, capiteux, les odeurs de nourriture, vapeurs d\u2019alcool, d\u2019opium\u2026 L\u2019ombre d\u2019\u00c9ros r\u00f4de\u2026<\/p>\n<\/div>\n\n\n\n<div class=\"wp-block-column is-layout-flow wp-block-column-is-layout-flow\">\n<figure class=\"wp-block-image size-large is-resized\"><a href=\"https:\/\/www.aphyllanthe.fr\/association\/wp-content\/uploads\/2024\/10\/verriere-scaled.webp\"><img loading=\"lazy\" decoding=\"async\" width=\"600\" height=\"1024\" src=\"https:\/\/www.aphyllanthe.fr\/association\/wp-content\/uploads\/2024\/10\/verriere-600x1024.webp\" alt=\"\" class=\"wp-image-22515\" style=\"width:198px;height:auto\" srcset=\"https:\/\/www.aphyllanthe.fr\/association\/wp-content\/uploads\/2024\/10\/verriere-600x1024.webp 600w, https:\/\/www.aphyllanthe.fr\/association\/wp-content\/uploads\/2024\/10\/verriere-176x300.webp 176w, https:\/\/www.aphyllanthe.fr\/association\/wp-content\/uploads\/2024\/10\/verriere-768x1311.webp 768w, https:\/\/www.aphyllanthe.fr\/association\/wp-content\/uploads\/2024\/10\/verriere-900x1536.webp 900w, https:\/\/www.aphyllanthe.fr\/association\/wp-content\/uploads\/2024\/10\/verriere-1200x2048.webp 1200w, https:\/\/www.aphyllanthe.fr\/association\/wp-content\/uploads\/2024\/10\/verriere-1320x2253.webp 1320w, https:\/\/www.aphyllanthe.fr\/association\/wp-content\/uploads\/2024\/10\/verriere-scaled.webp 1500w\" sizes=\"auto, (max-width: 600px) 100vw, 600px\" \/><\/a><\/figure>\n<\/div>\n<\/div>\n\n\n\n<p>Sacr\u00e9 bonhomme cet Emmanuel Laurens ! Bard\u00e9 de dipl\u00f4mes, il cultivait les plaisirs de la chair mais aussi de l\u2019esprit, il aima une diva et s\u2019adonna aux exp\u00e9riences de physique-chimie dans son laboratoire (encore une pi\u00e8ce magnifique ; la derni\u00e8re visit\u00e9e, last but not least !<br \/>La porte en bois se referme :<br \/>Ouvrez les yeux,<br \/>vous savez maintenant.<br \/>Alors, n\u2019attendez pas, foncez tambour battant !<br \/>Au Ch\u00e2teau Laurens<\/p>\n\n\n<div class=\"wp-block-image\">\n<figure class=\"aligncenter size-full\"><a href=\"https:\/\/www.aphyllanthe.fr\/association\/wp-content\/uploads\/2024\/10\/DSC_3679.webp\"><img loading=\"lazy\" decoding=\"async\" width=\"945\" height=\"630\" src=\"https:\/\/www.aphyllanthe.fr\/association\/wp-content\/uploads\/2024\/10\/DSC_3679.webp\" alt=\"\" class=\"wp-image-22510\" srcset=\"https:\/\/www.aphyllanthe.fr\/association\/wp-content\/uploads\/2024\/10\/DSC_3679.webp 945w, https:\/\/www.aphyllanthe.fr\/association\/wp-content\/uploads\/2024\/10\/DSC_3679-300x200.webp 300w, https:\/\/www.aphyllanthe.fr\/association\/wp-content\/uploads\/2024\/10\/DSC_3679-768x512.webp 768w\" sizes=\"auto, (max-width: 945px) 100vw, 945px\" \/><\/a><\/figure>\n<\/div>","protected":false},"excerpt":{"rendered":"<p>Voici le compte-rendu de Brigitte, qui va faire regretter la visite \u00e0 tous ceux qui n&rsquo;y \u00e9taient pas : Fermez les yeux et imaginez une b\u00e2tisse, fin 19\u00e8me-d\u00e9but 20\u00e8me, plant\u00e9e l\u00e0 dans l\u2019\u00eelot d\u2019Agde et agr\u00e9ment\u00e9e d\u2019un grand jardin de 12 hectares autrefois vignoble.De chaque c\u00f4t\u00e9 le canal du midi, l\u2019H\u00e9rault, la voie de chemin &hellip; <a href=\"https:\/\/www.aphyllanthe.fr\/association\/reportage-sur-la-visite-de-chateau-laurens\/\" class=\"more-link\">Continuer la lecture de <span class=\"screen-reader-text\">Reportage sur la visite de Ch\u00e2teau Laurens<\/span>  <span class=\"meta-nav\">&rarr;<\/span><\/a><\/p>\n","protected":false},"author":10,"featured_media":22509,"comment_status":"closed","ping_status":"closed","sticky":false,"template":"","format":"standard","meta":{"footnotes":""},"categories":[117,3,113],"tags":[],"class_list":["post-22497","post","type-post","status-publish","format-standard","has-post-thumbnail","hentry","category-familles-et-enfants","category-reportage","category-sorties-patrimoine"],"_links":{"self":[{"href":"https:\/\/www.aphyllanthe.fr\/association\/wp-json\/wp\/v2\/posts\/22497","targetHints":{"allow":["GET"]}}],"collection":[{"href":"https:\/\/www.aphyllanthe.fr\/association\/wp-json\/wp\/v2\/posts"}],"about":[{"href":"https:\/\/www.aphyllanthe.fr\/association\/wp-json\/wp\/v2\/types\/post"}],"author":[{"embeddable":true,"href":"https:\/\/www.aphyllanthe.fr\/association\/wp-json\/wp\/v2\/users\/10"}],"replies":[{"embeddable":true,"href":"https:\/\/www.aphyllanthe.fr\/association\/wp-json\/wp\/v2\/comments?post=22497"}],"version-history":[{"count":19,"href":"https:\/\/www.aphyllanthe.fr\/association\/wp-json\/wp\/v2\/posts\/22497\/revisions"}],"predecessor-version":[{"id":22530,"href":"https:\/\/www.aphyllanthe.fr\/association\/wp-json\/wp\/v2\/posts\/22497\/revisions\/22530"}],"wp:featuredmedia":[{"embeddable":true,"href":"https:\/\/www.aphyllanthe.fr\/association\/wp-json\/wp\/v2\/media\/22509"}],"wp:attachment":[{"href":"https:\/\/www.aphyllanthe.fr\/association\/wp-json\/wp\/v2\/media?parent=22497"}],"wp:term":[{"taxonomy":"category","embeddable":true,"href":"https:\/\/www.aphyllanthe.fr\/association\/wp-json\/wp\/v2\/categories?post=22497"},{"taxonomy":"post_tag","embeddable":true,"href":"https:\/\/www.aphyllanthe.fr\/association\/wp-json\/wp\/v2\/tags?post=22497"}],"curies":[{"name":"wp","href":"https:\/\/api.w.org\/{rel}","templated":true}]}}