{"id":2266,"date":"2015-07-17T09:09:19","date_gmt":"2015-07-17T08:09:19","guid":{"rendered":"http:\/\/www.aphyllanthe.fr\/association\/?p=2266"},"modified":"2015-09-17T17:56:52","modified_gmt":"2015-09-17T16:56:52","slug":"programme-de-la-rentree","status":"publish","type":"post","link":"https:\/\/www.aphyllanthe.fr\/association\/programme-de-la-rentree\/","title":{"rendered":"Programme de la rentr\u00e9e"},"content":{"rendered":"<p><a href=\"http:\/\/www.aphyllanthe.fr\/association\/wp-content\/uploads\/2015\/06\/gf-image1.jpg\"><img loading=\"lazy\" decoding=\"async\" src=\"http:\/\/www.aphyllanthe.fr\/association\/wp-content\/uploads\/2015\/06\/gf-image1-150x150.jpg\" alt=\"gf-image1\" width=\"150\" height=\"150\" class=\"alignleft size-thumbnail wp-image-2189\" \/><\/a>Le <a href=\"http:\/\/www.aphyllanthe.fr\/association\/activites-hebdomadaires\/\">programme des activit\u00e9s hebdomadaires<\/a> pour la rentr\u00e9e 2015 est d\u00e9j\u00e0 pr\u00eat et <a href=\"http:\/\/www.aphyllanthe.fr\/association\/activites-hebdomadaires\/\">consultable ici<\/a>. Nous souhaitons un bel \u00e9t\u00e9 \u00e0 tous nos adh\u00e9rents. <\/p>\n","protected":false},"excerpt":{"rendered":"<p>Le programme des activit\u00e9s hebdomadaires pour la rentr\u00e9e 2015 est d\u00e9j\u00e0 pr\u00eat et consultable ici. Nous souhaitons un bel \u00e9t\u00e9 \u00e0 tous nos adh\u00e9rents.<\/p>\n","protected":false},"author":1,"featured_media":0,"comment_status":"open","ping_status":"closed","sticky":false,"template":"","format":"standard","meta":{"footnotes":""},"categories":[4],"tags":[],"class_list":["post-2266","post","type-post","status-publish","format-standard","hentry","category-annonce"],"_links":{"self":[{"href":"https:\/\/www.aphyllanthe.fr\/association\/wp-json\/wp\/v2\/posts\/2266","targetHints":{"allow":["GET"]}}],"collection":[{"href":"https:\/\/www.aphyllanthe.fr\/association\/wp-json\/wp\/v2\/posts"}],"about":[{"href":"https:\/\/www.aphyllanthe.fr\/association\/wp-json\/wp\/v2\/types\/post"}],"author":[{"embeddable":true,"href":"https:\/\/www.aphyllanthe.fr\/association\/wp-json\/wp\/v2\/users\/1"}],"replies":[{"embeddable":true,"href":"https:\/\/www.aphyllanthe.fr\/association\/wp-json\/wp\/v2\/comments?post=2266"}],"version-history":[{"count":0,"href":"https:\/\/www.aphyllanthe.fr\/association\/wp-json\/wp\/v2\/posts\/2266\/revisions"}],"wp:attachment":[{"href":"https:\/\/www.aphyllanthe.fr\/association\/wp-json\/wp\/v2\/media?parent=2266"}],"wp:term":[{"taxonomy":"category","embeddable":true,"href":"https:\/\/www.aphyllanthe.fr\/association\/wp-json\/wp\/v2\/categories?post=2266"},{"taxonomy":"post_tag","embeddable":true,"href":"https:\/\/www.aphyllanthe.fr\/association\/wp-json\/wp\/v2\/tags?post=2266"}],"curies":[{"name":"wp","href":"https:\/\/api.w.org\/{rel}","templated":true}]}}