{"id":22663,"date":"2024-11-27T14:30:55","date_gmt":"2024-11-27T13:30:55","guid":{"rendered":"https:\/\/www.aphyllanthe.fr\/association\/?p=22663"},"modified":"2024-12-10T11:25:43","modified_gmt":"2024-12-10T10:25:43","slug":"soiree-au-cratere-dales-avec-jean-francois-zygel","status":"publish","type":"post","link":"https:\/\/www.aphyllanthe.fr\/association\/soiree-au-cratere-dales-avec-jean-francois-zygel\/","title":{"rendered":"Soir\u00e9e au Crat\u00e8re avec Jean-Fran\u00e7ois Zygel"},"content":{"rendered":"\n<p class=\"has-white-color has-text-color has-background has-link-color wp-elements-fda5d657f65a2146c6c7f50d3ba173fa\" style=\"background-color:#d76915\"><strong>Samedi 7 d\u00e9cembre \u00e0 20h30<\/strong>, l&rsquo;Aphyllanthe propose d&rsquo;\u00e9couter les improvisations de Jean-Fran\u00e7ois Zygel qui rend hommage \u00e0 La Fontaine et \u00e0 ses c\u00e9l\u00e8bres fables dans un spectacle d&rsquo;improvisations interactives.<\/p>\n\n\n\n<p>Pianiste, compositeur et improvisateur, Jean-Fran\u00e7ois Zygel explore les Fables de La Fontaine, ces po\u00e8mes didactiques peupl\u00e9s d\u2019animaux aux qualit\u00e9s et aux d\u00e9fauts tr\u00e8s  humains.<\/p>\n\n\n\n<div class=\"wp-block-columns is-layout-flex wp-container-core-columns-is-layout-9d6595d7 wp-block-columns-is-layout-flex\">\n<div class=\"wp-block-column is-layout-flow wp-block-column-is-layout-flow\">\n<p>Il met les fables en musique dans des compositions instantan\u00e9es, au gr\u00e9 de sa fantaisie et de son inspiration.<br \/>Sur l\u2019arbre \u00e0 fables, les petites histoires attendent sagement d\u2019\u00eatre choisies ; laquelle sera lue et imagin\u00e9e en musique ? Quelle m\u00e9lodie pour le corbeau, quels accords pour la cigale, quels rythmes pour le Rat des villes ou pour le Rat des champs ?<\/p>\n<\/div>\n\n\n\n<div class=\"wp-block-column is-layout-flow wp-block-column-is-layout-flow\">\n<figure class=\"wp-block-image size-full is-resized\"><a href=\"https:\/\/www.aphyllanthe.fr\/association\/wp-content\/uploads\/2024\/11\/ZYGEL.webp\"><img loading=\"lazy\" decoding=\"async\" width=\"376\" height=\"390\" src=\"https:\/\/www.aphyllanthe.fr\/association\/wp-content\/uploads\/2024\/11\/ZYGEL.webp\" alt=\"\" class=\"wp-image-22671\" style=\"width:211px;height:auto\" srcset=\"https:\/\/www.aphyllanthe.fr\/association\/wp-content\/uploads\/2024\/11\/ZYGEL.webp 376w, https:\/\/www.aphyllanthe.fr\/association\/wp-content\/uploads\/2024\/11\/ZYGEL-289x300.webp 289w\" sizes=\"auto, (max-width: 376px) 100vw, 376px\" \/><\/a><\/figure>\n<\/div>\n<\/div>\n\n\n\n<p>En s\u2019emparant des paroles du po\u00e8te, les spectateurs prennent pleinement part au spectacle, des plus jeunes aux plus grands. <\/p>\n\n\n\n<p>Une exp\u00e9rience musicale et po\u00e9tique pour piquer l\u2019imagination gr\u00e2ce \u00e0 la libert\u00e9 et \u00e0 la fantaisie d\u2019un fabuleux fablier et d&rsquo;une mise en lumi\u00e8re th\u00e9\u00e2trale.<\/p>\n\n\n\n<p><strong>A ne pas manquer <\/strong>: l&rsquo;avant-spectacle qui se d\u00e9roulera \u00e0 19h30 dans le hall du Crat\u00e8re, avec les \u00e9l\u00e8ves du Conservatoire \u00e0 Rayonnement Intercommunal Maurice Andr\u00e9 d\u2019Al\u00e8s Agglom\u00e9ration.<br \/>Lien vers le site du <a href=\"https:\/\/lecratere.fr\/spectacle\/jean-francois-zygel-met-en-musique-les-fables-de-la-fontaine\/\" target=\"_blank\" rel=\"noreferrer noopener\">Crat\u00e8re ici<\/a>.<\/p>\n\n\n\n<h5 class=\"wp-block-heading\">Tarifs<\/h5>\n\n\n\n<figure class=\"wp-block-table aligncenter\"><table class=\"has-fixed-layout\"><tbody><tr><td class=\"has-text-align-center\" data-align=\"center\"><\/td><td class=\"has-text-align-center\" data-align=\"center\">Adultes<\/td><td class=\"has-text-align-center\" data-align=\"center\">-18 ans<\/td><\/tr><tr><td class=\"has-text-align-center\" data-align=\"center\">Adh\u00e9rents<\/td><td class=\"has-text-align-center\" data-align=\"center\">10 \u20ac<\/td><td class=\"has-text-align-center\" data-align=\"center\">offert<\/td><\/tr><tr><td class=\"has-text-align-center\" data-align=\"center\">Non adh\u00e9rents<\/td><td class=\"has-text-align-center\" data-align=\"center\">19 \u20ac<\/td><td class=\"has-text-align-center\" data-align=\"center\">11 \u20ac<\/td><\/tr><\/tbody><\/table><\/figure>\n\n\n\n<p class=\"has-text-align-center has-white-color has-text-color has-background has-link-color wp-elements-d7f14435ce5246640a7b6e45ee2d77cf\" style=\"background-color:#d76915\"><strong>Inscriptions aupr\u00e8s du secr\u00e9tariat de l\u2019Aphyllanthe<br \/>aphyllanthe@orange.fr \/ t\u00e9l : 04 66 22 10 20<\/strong><\/p>\n","protected":false},"excerpt":{"rendered":"<p>Samedi 7 d\u00e9cembre \u00e0 20h30, l&rsquo;Aphyllanthe propose d&rsquo;\u00e9couter les improvisations de Jean-Fran\u00e7ois Zygel qui rend hommage \u00e0 La Fontaine et \u00e0 ses c\u00e9l\u00e8bres fables dans un spectacle d&rsquo;improvisations interactives. Pianiste, compositeur et improvisateur, Jean-Fran\u00e7ois Zygel explore les Fables de La Fontaine, ces po\u00e8mes didactiques peupl\u00e9s d\u2019animaux aux qualit\u00e9s et aux d\u00e9fauts tr\u00e8s humains. Il met &hellip; <a href=\"https:\/\/www.aphyllanthe.fr\/association\/soiree-au-cratere-dales-avec-jean-francois-zygel\/\" class=\"more-link\">Continuer la lecture de <span class=\"screen-reader-text\">Soir\u00e9e au Crat\u00e8re avec Jean-Fran\u00e7ois Zygel<\/span>  <span class=\"meta-nav\">&rarr;<\/span><\/a><\/p>\n","protected":false},"author":10,"featured_media":22675,"comment_status":"closed","ping_status":"closed","sticky":false,"template":"","format":"standard","meta":{"footnotes":""},"categories":[4,117],"tags":[],"class_list":["post-22663","post","type-post","status-publish","format-standard","has-post-thumbnail","hentry","category-annonce","category-familles-et-enfants"],"_links":{"self":[{"href":"https:\/\/www.aphyllanthe.fr\/association\/wp-json\/wp\/v2\/posts\/22663","targetHints":{"allow":["GET"]}}],"collection":[{"href":"https:\/\/www.aphyllanthe.fr\/association\/wp-json\/wp\/v2\/posts"}],"about":[{"href":"https:\/\/www.aphyllanthe.fr\/association\/wp-json\/wp\/v2\/types\/post"}],"author":[{"embeddable":true,"href":"https:\/\/www.aphyllanthe.fr\/association\/wp-json\/wp\/v2\/users\/10"}],"replies":[{"embeddable":true,"href":"https:\/\/www.aphyllanthe.fr\/association\/wp-json\/wp\/v2\/comments?post=22663"}],"version-history":[{"count":26,"href":"https:\/\/www.aphyllanthe.fr\/association\/wp-json\/wp\/v2\/posts\/22663\/revisions"}],"predecessor-version":[{"id":22798,"href":"https:\/\/www.aphyllanthe.fr\/association\/wp-json\/wp\/v2\/posts\/22663\/revisions\/22798"}],"wp:featuredmedia":[{"embeddable":true,"href":"https:\/\/www.aphyllanthe.fr\/association\/wp-json\/wp\/v2\/media\/22675"}],"wp:attachment":[{"href":"https:\/\/www.aphyllanthe.fr\/association\/wp-json\/wp\/v2\/media?parent=22663"}],"wp:term":[{"taxonomy":"category","embeddable":true,"href":"https:\/\/www.aphyllanthe.fr\/association\/wp-json\/wp\/v2\/categories?post=22663"},{"taxonomy":"post_tag","embeddable":true,"href":"https:\/\/www.aphyllanthe.fr\/association\/wp-json\/wp\/v2\/tags?post=22663"}],"curies":[{"name":"wp","href":"https:\/\/api.w.org\/{rel}","templated":true}]}}