{"id":23021,"date":"2024-12-19T15:14:24","date_gmt":"2024-12-19T14:14:24","guid":{"rendered":"https:\/\/www.aphyllanthe.fr\/association\/?p=23021"},"modified":"2025-01-08T17:20:42","modified_gmt":"2025-01-08T16:20:42","slug":"fermeture-de-la-bibliotheque-pour-les-fetes-4","status":"publish","type":"post","link":"https:\/\/www.aphyllanthe.fr\/association\/fermeture-de-la-bibliotheque-pour-les-fetes-4\/","title":{"rendered":"Fermeture de la biblioth\u00e8que pour les f\u00eates"},"content":{"rendered":"\n<h5 class=\"wp-block-heading has-text-align-center has-white-color has-text-color has-background has-link-color wp-elements-61bf77064310017e082b93085b67a03b\" style=\"background-color:#534f22\">La biblioth\u00e8que fermera ses portes<br \/><strong>du 20 d\u00e9cembre 2024 midi au 7 janvier 2025 inclus<\/strong>.<\/h5>\n\n\n\n<h5 class=\"wp-block-heading has-text-align-center has-text-color has-link-color wp-elements-61bcc5e8ed29a0fb4192f845693fc0de\" style=\"color:#a43c40\">Une permanence sera effectu\u00e9e jeudi 26 d\u00e9cembre<br \/>de 9h \u00e0 12h15<\/h5>\n\n\n\n<h5 class=\"wp-block-heading has-text-align-center\">Faites le  plein d\u2019ouvrages pour les f\u00eates !<\/h5>\n\n\n\n<p class=\"has-text-align-center\">L\u2019association sera \u00e9galement ferm\u00e9e \u00e0 ces dates mais les mails seront lus.<\/p>\n\n\n\n<h5 class=\"wp-block-heading has-text-align-center has-white-color has-text-color has-background has-link-color wp-elements-a15b525b301ba094a5c3642e6f81e820\" style=\"background-color:#a43c40\"><strong>Nous vous souhaitons de passer<\/strong><br \/><strong>de tr\u00e8s bonnes f\u00eates de fin d&rsquo;ann\u00e9e.<\/strong><\/h5>\n","protected":false},"excerpt":{"rendered":"<p>La biblioth\u00e8que fermera ses portesdu 20 d\u00e9cembre 2024 midi au 7 janvier 2025 inclus. Une permanence sera effectu\u00e9e jeudi 26 d\u00e9cembrede 9h \u00e0 12h15 Faites le plein d\u2019ouvrages pour les f\u00eates ! L\u2019association sera \u00e9galement ferm\u00e9e \u00e0 ces dates mais les mails seront lus. Nous vous souhaitons de passerde tr\u00e8s bonnes f\u00eates de fin d&rsquo;ann\u00e9e.<\/p>\n","protected":false},"author":10,"featured_media":23022,"comment_status":"closed","ping_status":"closed","sticky":false,"template":"","format":"standard","meta":{"footnotes":""},"categories":[4],"tags":[],"class_list":["post-23021","post","type-post","status-publish","format-standard","has-post-thumbnail","hentry","category-annonce"],"_links":{"self":[{"href":"https:\/\/www.aphyllanthe.fr\/association\/wp-json\/wp\/v2\/posts\/23021","targetHints":{"allow":["GET"]}}],"collection":[{"href":"https:\/\/www.aphyllanthe.fr\/association\/wp-json\/wp\/v2\/posts"}],"about":[{"href":"https:\/\/www.aphyllanthe.fr\/association\/wp-json\/wp\/v2\/types\/post"}],"author":[{"embeddable":true,"href":"https:\/\/www.aphyllanthe.fr\/association\/wp-json\/wp\/v2\/users\/10"}],"replies":[{"embeddable":true,"href":"https:\/\/www.aphyllanthe.fr\/association\/wp-json\/wp\/v2\/comments?post=23021"}],"version-history":[{"count":4,"href":"https:\/\/www.aphyllanthe.fr\/association\/wp-json\/wp\/v2\/posts\/23021\/revisions"}],"predecessor-version":[{"id":25712,"href":"https:\/\/www.aphyllanthe.fr\/association\/wp-json\/wp\/v2\/posts\/23021\/revisions\/25712"}],"wp:featuredmedia":[{"embeddable":true,"href":"https:\/\/www.aphyllanthe.fr\/association\/wp-json\/wp\/v2\/media\/23022"}],"wp:attachment":[{"href":"https:\/\/www.aphyllanthe.fr\/association\/wp-json\/wp\/v2\/media?parent=23021"}],"wp:term":[{"taxonomy":"category","embeddable":true,"href":"https:\/\/www.aphyllanthe.fr\/association\/wp-json\/wp\/v2\/categories?post=23021"},{"taxonomy":"post_tag","embeddable":true,"href":"https:\/\/www.aphyllanthe.fr\/association\/wp-json\/wp\/v2\/tags?post=23021"}],"curies":[{"name":"wp","href":"https:\/\/api.w.org\/{rel}","templated":true}]}}