{"id":23034,"date":"2025-01-09T13:04:54","date_gmt":"2025-01-09T12:04:54","guid":{"rendered":"https:\/\/www.aphyllanthe.fr\/association\/?p=23034"},"modified":"2025-01-22T15:38:06","modified_gmt":"2025-01-22T14:38:06","slug":"reportage-sur-le-mois-de-decembre","status":"publish","type":"post","link":"https:\/\/www.aphyllanthe.fr\/association\/reportage-sur-le-mois-de-decembre\/","title":{"rendered":"Reportage sur le mois de d\u00e9cembre"},"content":{"rendered":"\n<h6 class=\"wp-block-heading has-white-color has-text-color has-background has-link-color wp-elements-34a4a83816a6abdfa7e2fbcf390b7492\" style=\"background:linear-gradient(338deg,rgb(74,234,220) 0%,rgb(151,120,209) 18%,rgb(207,42,186) 40%,rgb(238,44,130) 60%,rgb(251,105,98) 80%,rgb(254,248,76) 100%)\">Vendredi 6 d\u00e9cembre<\/h6>\n\n\n\n<h5 class=\"wp-block-heading\">Soir\u00e9e bowling<\/h5>\n\n\n\n<p>Pour le dernier bowling de l&rsquo;ann\u00e9e, sept familles (soit 13 adultes et 11 enfants) se sont retrouv\u00e9es et m\u00e9lang\u00e9es pour les deux traditionnelles parties.<\/p>\n\n\n<div class=\"wp-block-image\">\n<figure class=\"aligncenter size-large\"><a href=\"https:\/\/www.aphyllanthe.fr\/association\/wp-content\/uploads\/2024\/12\/IMG_20241207_174158.webp\"><img loading=\"lazy\" decoding=\"async\" width=\"1024\" height=\"768\" src=\"https:\/\/www.aphyllanthe.fr\/association\/wp-content\/uploads\/2024\/12\/IMG_20241207_174158-1024x768.webp\" alt=\"\" class=\"wp-image-23043\" srcset=\"https:\/\/www.aphyllanthe.fr\/association\/wp-content\/uploads\/2024\/12\/IMG_20241207_174158-1024x768.webp 1024w, https:\/\/www.aphyllanthe.fr\/association\/wp-content\/uploads\/2024\/12\/IMG_20241207_174158-300x225.webp 300w, https:\/\/www.aphyllanthe.fr\/association\/wp-content\/uploads\/2024\/12\/IMG_20241207_174158-768x576.webp 768w, https:\/\/www.aphyllanthe.fr\/association\/wp-content\/uploads\/2024\/12\/IMG_20241207_174158-1536x1152.webp 1536w, https:\/\/www.aphyllanthe.fr\/association\/wp-content\/uploads\/2024\/12\/IMG_20241207_174158-1320x990.webp 1320w, https:\/\/www.aphyllanthe.fr\/association\/wp-content\/uploads\/2024\/12\/IMG_20241207_174158.webp 1600w\" sizes=\"auto, (max-width: 1024px) 100vw, 1024px\" \/><\/a><\/figure>\n<\/div>\n\n\n<h5 class=\"wp-block-heading\">Conf\u00e9rence Tintin, saison 2<\/h5>\n\n\n\n<p>Une vingtaine de personnes se sont d\u00e9plac\u00e9es pour \u00e9couter la fin de la saga g\u00e9opolitique de Tintin.<\/p>\n\n\n\n<h6 class=\"wp-block-heading has-text-color has-background has-link-color wp-elements-4e2bf0ea7fcb78f56fbdc04060192382\" style=\"color:#203361;background:linear-gradient(336deg,rgb(202,248,128) 0%,rgb(113,206,126) 100%)\">Samedi 7 d\u00e9cembre : spectacle les fables de La Fontaine par JF Zygel<\/h6>\n\n\n\n<p>Manque de chance, ce spectacle \u00e9tait jou\u00e9 le m\u00eame jour que le march\u00e9 de no\u00ebl de Foissac organis\u00e9 par l&rsquo;APE. En cons\u00e9quence, seulement une famille s&rsquo;\u00e9tait inscrite. <br \/>Les deux enfants \u00e9taient un peu jeunes pour appr\u00e9cier les talents de pianiste et d&rsquo;improvisateur de Jean-Fran\u00e7ois Zygel, qui sont sans conteste. Par contre, l&rsquo;avant-spectacle anim\u00e9 par les \u00e9l\u00e8ves du conservatoire Maurice Andr\u00e9 d&rsquo;Al\u00e8s qui \u00e9tait propos\u00e9 dans le foyer du Crat\u00e8re a \u00e9t\u00e9 pl\u00e9biscit\u00e9 par toute la famille.<\/p>\n\n\n\n<h6 class=\"wp-block-heading has-luminous-vivid-amber-to-luminous-vivid-orange-gradient-background has-text-color has-background has-link-color wp-elements-7370cda9bec7b6d9046a84bd03fb91d1\" style=\"color:#203361\">Mardi 10 d\u00e9cembre : soir\u00e9e lecture \u00e0 la maternelle<\/h6>\n\n\n\n<p>Les enseignantes de l&rsquo;\u00e9cole maternelle d&rsquo;Aigaliers ont d\u00e9cid\u00e9 d&rsquo;initier un cycle trimestriel de soir\u00e9es lectures pour leurs \u00e9l\u00e8ves (le mardi soir parce que le lendemain il n&rsquo;y a pas \u00e9cole) \u00e0 laquelle sont convi\u00e9s les parents. Le principe est de passer la soir\u00e9e \u00e0 \u00e9couter des histoires, contes ou po\u00e8mes lus par des b\u00e9n\u00e9voles, qui peuvent \u00eatre des parents, des membres de la fratrie ou des \u00e9l\u00e8ves plus grands venant des \u00e9coles de Baron ou de Foissac avec lesquelles la maternelle est en lien.<\/p>\n\n\n<div class=\"wp-block-image\">\n<figure class=\"aligncenter size-large\"><a href=\"https:\/\/www.aphyllanthe.fr\/association\/wp-content\/uploads\/2024\/12\/LES-LECTEURS-DE-LA-CLASSE-DES-PETITS-20241212.webp\"><img loading=\"lazy\" decoding=\"async\" width=\"1024\" height=\"683\" src=\"https:\/\/www.aphyllanthe.fr\/association\/wp-content\/uploads\/2024\/12\/LES-LECTEURS-DE-LA-CLASSE-DES-PETITS-20241212-1024x683.webp\" alt=\"\" class=\"wp-image-22984\" srcset=\"https:\/\/www.aphyllanthe.fr\/association\/wp-content\/uploads\/2024\/12\/LES-LECTEURS-DE-LA-CLASSE-DES-PETITS-20241212-1024x683.webp 1024w, https:\/\/www.aphyllanthe.fr\/association\/wp-content\/uploads\/2024\/12\/LES-LECTEURS-DE-LA-CLASSE-DES-PETITS-20241212-300x200.webp 300w, https:\/\/www.aphyllanthe.fr\/association\/wp-content\/uploads\/2024\/12\/LES-LECTEURS-DE-LA-CLASSE-DES-PETITS-20241212-768x512.webp 768w, https:\/\/www.aphyllanthe.fr\/association\/wp-content\/uploads\/2024\/12\/LES-LECTEURS-DE-LA-CLASSE-DES-PETITS-20241212-1536x1024.webp 1536w, https:\/\/www.aphyllanthe.fr\/association\/wp-content\/uploads\/2024\/12\/LES-LECTEURS-DE-LA-CLASSE-DES-PETITS-20241212-1320x880.webp 1320w, https:\/\/www.aphyllanthe.fr\/association\/wp-content\/uploads\/2024\/12\/LES-LECTEURS-DE-LA-CLASSE-DES-PETITS-20241212.webp 1735w\" sizes=\"auto, (max-width: 1024px) 100vw, 1024px\" \/><\/a><figcaption class=\"wp-element-caption\">L&rsquo;\u00e9quipe de lecteurs de la classe des Petits<\/figcaption><\/figure>\n<\/div>\n\n\n<p>Une atmosph\u00e8re hivernale avait \u00e9t\u00e9 install\u00e9e dans les deux salles de classe o\u00f9 parents et enfants se sont r\u00e9partis. Dans chaque classe, une \u00e9quipe de lecteurs \u00e9tait compos\u00e9e d&rsquo;une b\u00e9n\u00e9vole de l&rsquo;Aphyllanthe, d&rsquo;un grand fr\u00e8re ou d&rsquo;une grande s\u0153ur pour des lectures en solo ou en duo et d&rsquo;un parent. A la fin de la s\u00e9rie, l&rsquo;assistance passe dans la classe d&rsquo;\u00e0 cot\u00e9 et l&rsquo;on reprend.<br \/><br \/>Les enfants ont \u00e9t\u00e9 ravis d&rsquo;accueillir leurs parents \u00e0 l&rsquo;\u00e9cole et ces derniers ont jou\u00e9 le jeu et sont venus nombreux. Parents et enfants se sont laiss\u00e9 prendre \u00e0 la magie du moment. La soir\u00e9e s&rsquo;est cl\u00f4tur\u00e9e par un ap\u00e9ro-d\u00eenatoire partag\u00e9, les parents ayant apport\u00e9 de quoi grignoter et l&rsquo;APE ayant fourni les boissons.<\/p>\n\n\n<div class=\"wp-block-image\">\n<figure class=\"aligncenter size-large\"><a href=\"https:\/\/www.aphyllanthe.fr\/association\/wp-content\/uploads\/2024\/12\/UNE-ASSISTANCE-ATTENTIVE-20241212.webp\"><img loading=\"lazy\" decoding=\"async\" width=\"1024\" height=\"462\" src=\"https:\/\/www.aphyllanthe.fr\/association\/wp-content\/uploads\/2024\/12\/UNE-ASSISTANCE-ATTENTIVE-20241212-1024x462.webp\" alt=\"\" class=\"wp-image-22983\" srcset=\"https:\/\/www.aphyllanthe.fr\/association\/wp-content\/uploads\/2024\/12\/UNE-ASSISTANCE-ATTENTIVE-20241212-1024x462.webp 1024w, https:\/\/www.aphyllanthe.fr\/association\/wp-content\/uploads\/2024\/12\/UNE-ASSISTANCE-ATTENTIVE-20241212-300x135.webp 300w, https:\/\/www.aphyllanthe.fr\/association\/wp-content\/uploads\/2024\/12\/UNE-ASSISTANCE-ATTENTIVE-20241212-768x346.webp 768w, https:\/\/www.aphyllanthe.fr\/association\/wp-content\/uploads\/2024\/12\/UNE-ASSISTANCE-ATTENTIVE-20241212-1536x692.webp 1536w, https:\/\/www.aphyllanthe.fr\/association\/wp-content\/uploads\/2024\/12\/UNE-ASSISTANCE-ATTENTIVE-20241212-1320x595.webp 1320w, https:\/\/www.aphyllanthe.fr\/association\/wp-content\/uploads\/2024\/12\/UNE-ASSISTANCE-ATTENTIVE-20241212.webp 2048w\" sizes=\"auto, (max-width: 1024px) 100vw, 1024px\" \/><\/a><figcaption class=\"wp-element-caption\">Une assistance attentive et nombreuse<\/figcaption><\/figure>\n<\/div>\n\n\n<p>Cette premi\u00e8re soir\u00e9e ayant suscit\u00e9 l&rsquo;enthousiasme de tous, rendez-vous a \u00e9t\u00e9 pris pour une nouvelle soir\u00e9e au 1er trimestre 2025.<\/p>\n\n\n\n<h6 class=\"wp-block-heading has-text-color has-background has-link-color wp-elements-29279604de9f360cba254c3ff6274cae\" style=\"color:#203361;background:linear-gradient(287deg,rgb(255,245,203) 0%,rgb(182,227,212) 50%,rgb(51,167,181) 100%)\">Vendredi 13 d\u00e9cembre : atelier culinaire d\u00e9lices de No\u00ebl<\/h6>\n\n\n\n<p>Pour ce second atelier culinaire, Alessandra s\u2019\u00e9tait une nouvelle fois d\u00e9men\u00e9e : elle avait pr\u00e9par\u00e9 2 g\u00e2teaux \u00ab\u00a0sant\u00e9\u00a0\u00bb (un banana bread avec peu de sucre et de beurre et un g\u00e2teau chocolat-courgette sans beurre) + des pommes et du jus de fruits maison pour go\u00fbter avant d&rsquo;attaquer la pr\u00e9paration des sabl\u00e9s de No\u00ebl.<\/p>\n\n\n\n<figure class=\"wp-block-gallery has-nested-images columns-default is-cropped wp-block-gallery-2 is-layout-flex wp-block-gallery-is-layout-flex\">\n<figure class=\"wp-block-image size-large\"><a href=\"https:\/\/www.aphyllanthe.fr\/association\/wp-content\/uploads\/2025\/01\/IMG_20241213_164630-scaled.webp\"><img loading=\"lazy\" decoding=\"async\" width=\"1024\" height=\"768\" data-id=\"23160\" src=\"https:\/\/www.aphyllanthe.fr\/association\/wp-content\/uploads\/2025\/01\/IMG_20241213_164630-1024x768.webp\" alt=\"\" class=\"wp-image-23160\" srcset=\"https:\/\/www.aphyllanthe.fr\/association\/wp-content\/uploads\/2025\/01\/IMG_20241213_164630-1024x768.webp 1024w, https:\/\/www.aphyllanthe.fr\/association\/wp-content\/uploads\/2025\/01\/IMG_20241213_164630-300x225.webp 300w, https:\/\/www.aphyllanthe.fr\/association\/wp-content\/uploads\/2025\/01\/IMG_20241213_164630-768x576.webp 768w, https:\/\/www.aphyllanthe.fr\/association\/wp-content\/uploads\/2025\/01\/IMG_20241213_164630-1536x1152.webp 1536w, https:\/\/www.aphyllanthe.fr\/association\/wp-content\/uploads\/2025\/01\/IMG_20241213_164630-2048x1536.webp 2048w, https:\/\/www.aphyllanthe.fr\/association\/wp-content\/uploads\/2025\/01\/IMG_20241213_164630-1320x990.webp 1320w\" sizes=\"auto, (max-width: 1024px) 100vw, 1024px\" \/><\/a><figcaption class=\"wp-element-caption\">Le go\u00fbter comme pr\u00e9alable&#8230;<\/figcaption><\/figure>\n\n\n\n<figure class=\"wp-block-image size-large\"><a href=\"https:\/\/www.aphyllanthe.fr\/association\/wp-content\/uploads\/2025\/01\/IMG-20241213-WA0010.webp\"><img loading=\"lazy\" decoding=\"async\" width=\"1024\" height=\"768\" data-id=\"23159\" src=\"https:\/\/www.aphyllanthe.fr\/association\/wp-content\/uploads\/2025\/01\/IMG-20241213-WA0010-1024x768.webp\" alt=\"\" class=\"wp-image-23159\" srcset=\"https:\/\/www.aphyllanthe.fr\/association\/wp-content\/uploads\/2025\/01\/IMG-20241213-WA0010-1024x768.webp 1024w, https:\/\/www.aphyllanthe.fr\/association\/wp-content\/uploads\/2025\/01\/IMG-20241213-WA0010-300x225.webp 300w, https:\/\/www.aphyllanthe.fr\/association\/wp-content\/uploads\/2025\/01\/IMG-20241213-WA0010-768x576.webp 768w, https:\/\/www.aphyllanthe.fr\/association\/wp-content\/uploads\/2025\/01\/IMG-20241213-WA0010-1536x1152.webp 1536w, https:\/\/www.aphyllanthe.fr\/association\/wp-content\/uploads\/2025\/01\/IMG-20241213-WA0010-1320x990.webp 1320w, https:\/\/www.aphyllanthe.fr\/association\/wp-content\/uploads\/2025\/01\/IMG-20241213-WA0010.webp 1600w\" sizes=\"auto, (max-width: 1024px) 100vw, 1024px\" \/><\/a><figcaption class=\"wp-element-caption\">&#8230; fut appr\u00e9ci\u00e9 par tous.<\/figcaption><\/figure>\n<\/figure>\n\n\n\n<p>Une fois leur estomac plein, les 3 familles ont commenc\u00e9 la pr\u00e9paration des sabl\u00e9s. <\/p>\n\n\n\n<figure class=\"wp-block-gallery has-nested-images columns-default is-cropped wp-block-gallery-3 is-layout-flex wp-block-gallery-is-layout-flex\">\n<figure class=\"wp-block-image size-large\"><a href=\"https:\/\/www.aphyllanthe.fr\/association\/wp-content\/uploads\/2025\/01\/IMG-20241213-WA0011.webp\"><img loading=\"lazy\" decoding=\"async\" width=\"768\" height=\"1024\" data-id=\"23163\" src=\"https:\/\/www.aphyllanthe.fr\/association\/wp-content\/uploads\/2025\/01\/IMG-20241213-WA0011-768x1024.webp\" alt=\"\" class=\"wp-image-23163\" srcset=\"https:\/\/www.aphyllanthe.fr\/association\/wp-content\/uploads\/2025\/01\/IMG-20241213-WA0011-768x1024.webp 768w, https:\/\/www.aphyllanthe.fr\/association\/wp-content\/uploads\/2025\/01\/IMG-20241213-WA0011-225x300.webp 225w, https:\/\/www.aphyllanthe.fr\/association\/wp-content\/uploads\/2025\/01\/IMG-20241213-WA0011-1152x1536.webp 1152w, https:\/\/www.aphyllanthe.fr\/association\/wp-content\/uploads\/2025\/01\/IMG-20241213-WA0011.webp 1200w\" sizes=\"auto, (max-width: 768px) 100vw, 768px\" \/><\/a><figcaption class=\"wp-element-caption\"><mark style=\"background-color:#2b2b2b\" class=\"has-inline-color has-white-color\">Alessandra explique les consignes.<\/mark><\/figcaption><\/figure>\n\n\n\n<figure class=\"wp-block-image size-large\"><a href=\"https:\/\/www.aphyllanthe.fr\/association\/wp-content\/uploads\/2025\/01\/IMG_20241213_175327-scaled.webp\"><img loading=\"lazy\" decoding=\"async\" width=\"1024\" height=\"768\" data-id=\"23165\" src=\"https:\/\/www.aphyllanthe.fr\/association\/wp-content\/uploads\/2025\/01\/IMG_20241213_175327-1024x768.webp\" alt=\"\" class=\"wp-image-23165\" srcset=\"https:\/\/www.aphyllanthe.fr\/association\/wp-content\/uploads\/2025\/01\/IMG_20241213_175327-1024x768.webp 1024w, https:\/\/www.aphyllanthe.fr\/association\/wp-content\/uploads\/2025\/01\/IMG_20241213_175327-300x225.webp 300w, https:\/\/www.aphyllanthe.fr\/association\/wp-content\/uploads\/2025\/01\/IMG_20241213_175327-768x576.webp 768w, https:\/\/www.aphyllanthe.fr\/association\/wp-content\/uploads\/2025\/01\/IMG_20241213_175327-1536x1152.webp 1536w, https:\/\/www.aphyllanthe.fr\/association\/wp-content\/uploads\/2025\/01\/IMG_20241213_175327-2048x1536.webp 2048w, https:\/\/www.aphyllanthe.fr\/association\/wp-content\/uploads\/2025\/01\/IMG_20241213_175327-1320x990.webp 1320w\" sizes=\"auto, (max-width: 1024px) 100vw, 1024px\" \/><\/a><figcaption class=\"wp-element-caption\"><mark style=\"background-color:#2b2b2b\" class=\"has-inline-color has-white-color\">Et tout le monde s&rsquo;y met !<\/mark><\/figcaption><\/figure>\n<\/figure>\n\n\n\n<figure class=\"wp-block-gallery has-nested-images columns-default is-cropped wp-block-gallery-4 is-layout-flex wp-block-gallery-is-layout-flex\">\n<figure class=\"wp-block-image size-large\"><a href=\"https:\/\/www.aphyllanthe.fr\/association\/wp-content\/uploads\/2025\/01\/IMG-20241213-WA0013-1.webp\"><img loading=\"lazy\" decoding=\"async\" width=\"768\" height=\"1024\" data-id=\"23166\" src=\"https:\/\/www.aphyllanthe.fr\/association\/wp-content\/uploads\/2025\/01\/IMG-20241213-WA0013-1-768x1024.webp\" alt=\"\" class=\"wp-image-23166\" srcset=\"https:\/\/www.aphyllanthe.fr\/association\/wp-content\/uploads\/2025\/01\/IMG-20241213-WA0013-1-768x1024.webp 768w, https:\/\/www.aphyllanthe.fr\/association\/wp-content\/uploads\/2025\/01\/IMG-20241213-WA0013-1-225x300.webp 225w, https:\/\/www.aphyllanthe.fr\/association\/wp-content\/uploads\/2025\/01\/IMG-20241213-WA0013-1-1152x1536.webp 1152w, https:\/\/www.aphyllanthe.fr\/association\/wp-content\/uploads\/2025\/01\/IMG-20241213-WA0013-1.webp 1200w\" sizes=\"auto, (max-width: 768px) 100vw, 768px\" \/><\/a><figcaption class=\"wp-element-caption\"><mark style=\"background-color:rgba(0, 0, 0, 0)\" class=\"has-inline-color has-dark-gray-color\">On p\u00e8se&#8230;<\/mark><\/figcaption><\/figure>\n\n\n\n<figure class=\"wp-block-image size-large\"><a href=\"https:\/\/www.aphyllanthe.fr\/association\/wp-content\/uploads\/2025\/01\/IMG-20241213-WA0012-1.webp\"><img loading=\"lazy\" decoding=\"async\" width=\"1024\" height=\"768\" data-id=\"23167\" src=\"https:\/\/www.aphyllanthe.fr\/association\/wp-content\/uploads\/2025\/01\/IMG-20241213-WA0012-1-1024x768.webp\" alt=\"\" class=\"wp-image-23167\" srcset=\"https:\/\/www.aphyllanthe.fr\/association\/wp-content\/uploads\/2025\/01\/IMG-20241213-WA0012-1-1024x768.webp 1024w, https:\/\/www.aphyllanthe.fr\/association\/wp-content\/uploads\/2025\/01\/IMG-20241213-WA0012-1-300x225.webp 300w, https:\/\/www.aphyllanthe.fr\/association\/wp-content\/uploads\/2025\/01\/IMG-20241213-WA0012-1-768x576.webp 768w, https:\/\/www.aphyllanthe.fr\/association\/wp-content\/uploads\/2025\/01\/IMG-20241213-WA0012-1-1536x1152.webp 1536w, https:\/\/www.aphyllanthe.fr\/association\/wp-content\/uploads\/2025\/01\/IMG-20241213-WA0012-1-1320x990.webp 1320w, https:\/\/www.aphyllanthe.fr\/association\/wp-content\/uploads\/2025\/01\/IMG-20241213-WA0012-1.webp 1600w\" sizes=\"auto, (max-width: 1024px) 100vw, 1024px\" \/><\/a><figcaption class=\"wp-element-caption\"><mark style=\"background-color:rgba(0, 0, 0, 0)\" class=\"has-inline-color has-dark-gray-color\">&#8230; on v\u00e9rifie la recette.<\/mark><\/figcaption><\/figure>\n<\/figure>\n\n\n\n<p>Le r\u00e9sultat final a \u00e9t\u00e9 tellement r\u00e9ussi qu&rsquo;il a \u00e9t\u00e9 d\u00e9vor\u00e9 sans qu&rsquo;aucune photo n&rsquo;ait \u00e9t\u00e9 prise..<\/p>\n\n\n\n<p>Voir les recettes de <a href=\"https:\/\/www.aphyllanthe.fr\/association\/pdf\/recettes-atelier-noel.pdf\" target=\"_blank\" rel=\"noreferrer noopener\">l&rsquo;atelier ici<\/a>.<\/p>\n\n\n\n<h6 class=\"wp-block-heading has-white-color has-text-color has-background has-link-color wp-elements-27c7419971e46b11f4809ac0fc284178\" style=\"background:linear-gradient(295deg,rgba(252,185,0,1) 0%,rgba(255,105,0,1) 100%)\">Lundi 16 et Mardi 17 d\u00e9cembre : go\u00fbter CLAS<\/h6>\n\n\n\n<p>Voir <a href=\"https:\/\/www.aphyllanthe.fr\/association\/gouter-de-noel-pour-les-eleves-du-clas\/\" target=\"_blank\" rel=\"noreferrer noopener\">article ici<\/a>.<\/p>\n\n\n\n<h6 class=\"wp-block-heading has-white-color has-luminous-dusk-gradient-background has-text-color has-background has-link-color wp-elements-8d8cb80b86372b87848e778e5ac2fcd2\">Mardi 17 d\u00e9cembre : heure du conte pour l&rsquo;\u00e9cole<\/h6>\n\n\n\n<div class=\"wp-block-columns is-layout-flex wp-container-core-columns-is-layout-9d6595d7 wp-block-columns-is-layout-flex\">\n<div class=\"wp-block-column is-layout-flow wp-block-column-is-layout-flow\">\n<figure class=\"wp-block-image size-large is-resized\"><a href=\"https:\/\/www.aphyllanthe.fr\/association\/wp-content\/uploads\/2024\/12\/CONTES-2024-12-scaled.webp\"><img loading=\"lazy\" decoding=\"async\" width=\"855\" height=\"1024\" src=\"https:\/\/www.aphyllanthe.fr\/association\/wp-content\/uploads\/2024\/12\/CONTES-2024-12-855x1024.webp\" alt=\"\" class=\"wp-image-22967\" style=\"width:172px;height:auto\" srcset=\"https:\/\/www.aphyllanthe.fr\/association\/wp-content\/uploads\/2024\/12\/CONTES-2024-12-855x1024.webp 855w, https:\/\/www.aphyllanthe.fr\/association\/wp-content\/uploads\/2024\/12\/CONTES-2024-12-251x300.webp 251w, https:\/\/www.aphyllanthe.fr\/association\/wp-content\/uploads\/2024\/12\/CONTES-2024-12-768x920.webp 768w, https:\/\/www.aphyllanthe.fr\/association\/wp-content\/uploads\/2024\/12\/CONTES-2024-12-1283x1536.webp 1283w, https:\/\/www.aphyllanthe.fr\/association\/wp-content\/uploads\/2024\/12\/CONTES-2024-12-1710x2048.webp 1710w, https:\/\/www.aphyllanthe.fr\/association\/wp-content\/uploads\/2024\/12\/CONTES-2024-12-1320x1581.webp 1320w\" sizes=\"auto, (max-width: 855px) 100vw, 855px\" \/><\/a><\/figure>\n<\/div>\n\n\n\n<div class=\"wp-block-column is-layout-flow wp-block-column-is-layout-flow\">\n<p>Les hommes s&rsquo;y mettent aussi !<br \/>Pour sa premi\u00e8re heure du conte, Daniel a lu une histoire qu&rsquo;on lui avait lue lorsqu&rsquo;il \u00e9tait petit. Et pour finaliser, il a propos\u00e9 de chanter ensemble <em>Petit papa No\u00ebl <\/em>en musique, gr\u00e2ce \u00e0 son enceinte.<br \/>Les enfants ont ador\u00e9 !<br \/><\/p>\n<\/div>\n<\/div>\n\n\n\n<h6 class=\"wp-block-heading has-white-color has-text-color has-background has-link-color wp-elements-5c523bfdfb91e8a2fef5b6062d9192b9\" style=\"background:linear-gradient(319deg,rgb(254,205,165) 0%,rgb(254,45,45) 50%,rgb(107,0,62) 100%)\">Lundi 30 d\u00e9cembre : journ\u00e9e cin\u00e9ma<\/h6>\n\n\n\n<p>Les adh\u00e9rents de l&rsquo;Aphyllanthe se sont ru\u00e9s pour la derni\u00e8re journ\u00e9e cin\u00e9ma de l&rsquo;ann\u00e9e. En tout ce sont 11 familles qui ont b\u00e9n\u00e9fici\u00e9 de ce moment de d\u00e9tente pour un total de 40 adh\u00e9rents (22 adultes et 18 enfants).<\/p>\n","protected":false},"excerpt":{"rendered":"<p>Vendredi 6 d\u00e9cembre Soir\u00e9e bowling Pour le dernier bowling de l&rsquo;ann\u00e9e, sept familles (soit 13 adultes et 11 enfants) se sont retrouv\u00e9es et m\u00e9lang\u00e9es pour les deux traditionnelles parties. Conf\u00e9rence Tintin, saison 2 Une vingtaine de personnes se sont d\u00e9plac\u00e9es pour \u00e9couter la fin de la saga g\u00e9opolitique de Tintin. Samedi 7 d\u00e9cembre : spectacle &hellip; <a href=\"https:\/\/www.aphyllanthe.fr\/association\/reportage-sur-le-mois-de-decembre\/\" class=\"more-link\">Continuer la lecture de <span class=\"screen-reader-text\">Reportage sur le mois de d\u00e9cembre<\/span>  <span class=\"meta-nav\">&rarr;<\/span><\/a><\/p>\n","protected":false},"author":10,"featured_media":23043,"comment_status":"closed","ping_status":"closed","sticky":false,"template":"","format":"standard","meta":{"footnotes":""},"categories":[4,3],"tags":[],"class_list":["post-23034","post","type-post","status-publish","format-standard","has-post-thumbnail","hentry","category-annonce","category-reportage"],"_links":{"self":[{"href":"https:\/\/www.aphyllanthe.fr\/association\/wp-json\/wp\/v2\/posts\/23034","targetHints":{"allow":["GET"]}}],"collection":[{"href":"https:\/\/www.aphyllanthe.fr\/association\/wp-json\/wp\/v2\/posts"}],"about":[{"href":"https:\/\/www.aphyllanthe.fr\/association\/wp-json\/wp\/v2\/types\/post"}],"author":[{"embeddable":true,"href":"https:\/\/www.aphyllanthe.fr\/association\/wp-json\/wp\/v2\/users\/10"}],"replies":[{"embeddable":true,"href":"https:\/\/www.aphyllanthe.fr\/association\/wp-json\/wp\/v2\/comments?post=23034"}],"version-history":[{"count":37,"href":"https:\/\/www.aphyllanthe.fr\/association\/wp-json\/wp\/v2\/posts\/23034\/revisions"}],"predecessor-version":[{"id":23180,"href":"https:\/\/www.aphyllanthe.fr\/association\/wp-json\/wp\/v2\/posts\/23034\/revisions\/23180"}],"wp:featuredmedia":[{"embeddable":true,"href":"https:\/\/www.aphyllanthe.fr\/association\/wp-json\/wp\/v2\/media\/23043"}],"wp:attachment":[{"href":"https:\/\/www.aphyllanthe.fr\/association\/wp-json\/wp\/v2\/media?parent=23034"}],"wp:term":[{"taxonomy":"category","embeddable":true,"href":"https:\/\/www.aphyllanthe.fr\/association\/wp-json\/wp\/v2\/categories?post=23034"},{"taxonomy":"post_tag","embeddable":true,"href":"https:\/\/www.aphyllanthe.fr\/association\/wp-json\/wp\/v2\/tags?post=23034"}],"curies":[{"name":"wp","href":"https:\/\/api.w.org\/{rel}","templated":true}]}}