{"id":23237,"date":"2025-01-22T15:37:00","date_gmt":"2025-01-22T14:37:00","guid":{"rendered":"https:\/\/www.aphyllanthe.fr\/association\/?p=23237"},"modified":"2025-02-04T15:50:51","modified_gmt":"2025-02-04T14:50:51","slug":"retour-sur-la-visite-au-musee-dart-sacre","status":"publish","type":"post","link":"https:\/\/www.aphyllanthe.fr\/association\/retour-sur-la-visite-au-musee-dart-sacre\/","title":{"rendered":"Retour sur la visite au mus\u00e9e d&rsquo;art sacr\u00e9"},"content":{"rendered":"\n<p class=\"has-background\" style=\"background-color:#dcbf86\">Seulement 9 personnes s&rsquo;\u00e9taient inscrites pour la visite guid\u00e9e du mus\u00e9e d&rsquo;art sacr\u00e9. Bien qu&rsquo;en petit comit\u00e9, ce fut tr\u00e8s int\u00e9ressant, comme le laisse entrevoir le commentaire de Martine, et les photos prises sur place.<\/p>\n\n\n\n<blockquote class=\"wp-block-quote is-layout-flow wp-block-quote-is-layout-flow\">\n<p class=\"has-medium-font-size\" style=\"font-style:normal;font-weight:400\"><em>Dimanche nous avons visit\u00e9 le mus\u00e9e d\u2019Art sacr\u00e9 du Gard qui se situe en plein c\u0153ur de la ville de Pont Saint Esprit dans une maison m\u00e9di\u00e9vale ayant appartenu \u00e0 une riche famille de marchands de bl\u00e9 : la famille Piolenc.<\/em><\/p>\n<\/blockquote>\n\n\n\n<blockquote class=\"wp-block-quote is-layout-flow wp-block-quote-is-layout-flow\">\n<p style=\"font-style:normal;font-weight:400\"><em>\u00c0 cette \u00e9poque Pont Saint Esprit \u00e9tait une riche bourgade qui prosp\u00e9rait gr\u00e2ce \u00e0 la proximit\u00e9 du Rh\u00f4ne et ses \u00e9changes commerciaux.  Le mus\u00e9e a ouvert en 1995 apr\u00e8s une longue restauration qui a permis de d\u00e9couvrir de magnifiques plafonds et murs peints.<\/em><\/p>\n<\/blockquote>\n\n\n\n<blockquote class=\"wp-block-quote is-layout-flow wp-block-quote-is-layout-flow\">\n<p style=\"font-style:normal;font-weight:400\"><em>Il abrite une collection d\u2019objets sacr\u00e9s tr\u00e8s h\u00e9t\u00e9roclites repr\u00e9sentant les diff\u00e9rentes religions. Nous avons pu admirer un sarcophage en bois peint, plusieurs Christ crucifi\u00e9s, des tableaux repr\u00e9sentant la vie religieuse, des croix de mariniers, une piet\u00e0 et pour finir une magnifique collection de pots de pharmacie venant de l\u2019ancien h\u00f4pital de Pont Saint Esprit.<\/em><\/p>\n<\/blockquote>\n\n\n\n<figure class=\"wp-block-gallery has-nested-images columns-default is-cropped wp-block-gallery-2 is-layout-flex wp-block-gallery-is-layout-flex\">\n<figure class=\"wp-block-image size-large\"><a href=\"https:\/\/www.aphyllanthe.fr\/association\/wp-content\/uploads\/2025\/01\/IMG_20250119_110157-scaled.webp\"><img loading=\"lazy\" decoding=\"async\" width=\"768\" height=\"1024\" data-id=\"23243\" src=\"https:\/\/www.aphyllanthe.fr\/association\/wp-content\/uploads\/2025\/01\/IMG_20250119_110157-768x1024.webp\" alt=\"\" class=\"wp-image-23243\" srcset=\"https:\/\/www.aphyllanthe.fr\/association\/wp-content\/uploads\/2025\/01\/IMG_20250119_110157-768x1024.webp 768w, https:\/\/www.aphyllanthe.fr\/association\/wp-content\/uploads\/2025\/01\/IMG_20250119_110157-225x300.webp 225w, https:\/\/www.aphyllanthe.fr\/association\/wp-content\/uploads\/2025\/01\/IMG_20250119_110157-1152x1536.webp 1152w, https:\/\/www.aphyllanthe.fr\/association\/wp-content\/uploads\/2025\/01\/IMG_20250119_110157-1536x2048.webp 1536w, https:\/\/www.aphyllanthe.fr\/association\/wp-content\/uploads\/2025\/01\/IMG_20250119_110157-1320x1760.webp 1320w, https:\/\/www.aphyllanthe.fr\/association\/wp-content\/uploads\/2025\/01\/IMG_20250119_110157-scaled.webp 1920w\" sizes=\"auto, (max-width: 768px) 100vw, 768px\" \/><\/a><\/figure>\n\n\n\n<figure class=\"wp-block-image size-large\"><a href=\"https:\/\/www.aphyllanthe.fr\/association\/wp-content\/uploads\/2025\/01\/IMG_20250119_105629-COPIE-scaled.webp\"><img loading=\"lazy\" decoding=\"async\" width=\"488\" height=\"1024\" data-id=\"23247\" src=\"https:\/\/www.aphyllanthe.fr\/association\/wp-content\/uploads\/2025\/01\/IMG_20250119_105629-COPIE-488x1024.webp\" alt=\"\" class=\"wp-image-23247\" srcset=\"https:\/\/www.aphyllanthe.fr\/association\/wp-content\/uploads\/2025\/01\/IMG_20250119_105629-COPIE-488x1024.webp 488w, https:\/\/www.aphyllanthe.fr\/association\/wp-content\/uploads\/2025\/01\/IMG_20250119_105629-COPIE-143x300.webp 143w, https:\/\/www.aphyllanthe.fr\/association\/wp-content\/uploads\/2025\/01\/IMG_20250119_105629-COPIE-768x1613.webp 768w, https:\/\/www.aphyllanthe.fr\/association\/wp-content\/uploads\/2025\/01\/IMG_20250119_105629-COPIE-731x1536.webp 731w, https:\/\/www.aphyllanthe.fr\/association\/wp-content\/uploads\/2025\/01\/IMG_20250119_105629-COPIE-975x2048.webp 975w, https:\/\/www.aphyllanthe.fr\/association\/wp-content\/uploads\/2025\/01\/IMG_20250119_105629-COPIE-1320x2772.webp 1320w, https:\/\/www.aphyllanthe.fr\/association\/wp-content\/uploads\/2025\/01\/IMG_20250119_105629-COPIE-scaled.webp 1219w\" sizes=\"auto, (max-width: 488px) 100vw, 488px\" \/><\/a><\/figure>\n\n\n\n<figure class=\"wp-block-image size-large\"><a href=\"https:\/\/www.aphyllanthe.fr\/association\/wp-content\/uploads\/2025\/01\/IMG_20250119_110826-scaled.webp\"><img loading=\"lazy\" decoding=\"async\" width=\"768\" height=\"1024\" data-id=\"23244\" src=\"https:\/\/www.aphyllanthe.fr\/association\/wp-content\/uploads\/2025\/01\/IMG_20250119_110826-768x1024.webp\" alt=\"\" class=\"wp-image-23244\" srcset=\"https:\/\/www.aphyllanthe.fr\/association\/wp-content\/uploads\/2025\/01\/IMG_20250119_110826-768x1024.webp 768w, https:\/\/www.aphyllanthe.fr\/association\/wp-content\/uploads\/2025\/01\/IMG_20250119_110826-225x300.webp 225w, https:\/\/www.aphyllanthe.fr\/association\/wp-content\/uploads\/2025\/01\/IMG_20250119_110826-1152x1536.webp 1152w, https:\/\/www.aphyllanthe.fr\/association\/wp-content\/uploads\/2025\/01\/IMG_20250119_110826-1536x2048.webp 1536w, https:\/\/www.aphyllanthe.fr\/association\/wp-content\/uploads\/2025\/01\/IMG_20250119_110826-1320x1760.webp 1320w, https:\/\/www.aphyllanthe.fr\/association\/wp-content\/uploads\/2025\/01\/IMG_20250119_110826-scaled.webp 1920w\" sizes=\"auto, (max-width: 768px) 100vw, 768px\" \/><\/a><\/figure>\n<\/figure>\n\n\n<div class=\"wp-block-image\">\n<figure class=\"aligncenter size-large\"><a href=\"https:\/\/www.aphyllanthe.fr\/association\/wp-content\/uploads\/2025\/01\/IMG_2639-COPIE-scaled.webp\"><img loading=\"lazy\" decoding=\"async\" width=\"1024\" height=\"596\" src=\"https:\/\/www.aphyllanthe.fr\/association\/wp-content\/uploads\/2025\/01\/IMG_2639-COPIE-1024x596.webp\" alt=\"\" class=\"wp-image-23240\" srcset=\"https:\/\/www.aphyllanthe.fr\/association\/wp-content\/uploads\/2025\/01\/IMG_2639-COPIE-1024x596.webp 1024w, https:\/\/www.aphyllanthe.fr\/association\/wp-content\/uploads\/2025\/01\/IMG_2639-COPIE-300x175.webp 300w, https:\/\/www.aphyllanthe.fr\/association\/wp-content\/uploads\/2025\/01\/IMG_2639-COPIE-768x447.webp 768w, https:\/\/www.aphyllanthe.fr\/association\/wp-content\/uploads\/2025\/01\/IMG_2639-COPIE-1536x894.webp 1536w, https:\/\/www.aphyllanthe.fr\/association\/wp-content\/uploads\/2025\/01\/IMG_2639-COPIE-2048x1192.webp 2048w, https:\/\/www.aphyllanthe.fr\/association\/wp-content\/uploads\/2025\/01\/IMG_2639-COPIE-1320x768.webp 1320w\" sizes=\"auto, (max-width: 1024px) 100vw, 1024px\" \/><\/a><\/figure>\n<\/div>\n\n\n<p><em>La visite s\u2019est termin\u00e9e dans la plus belle salle qui abrite l\u2019exposition temporaire consacr\u00e9e \u00e0 Albert Andr\u00e9 peintre impressionniste. Quelques tableaux de Renoir et Derain compl\u00e8tent l\u2019exposition.<\/em><\/p>\n\n\n<div class=\"wp-block-image\">\n<figure class=\"aligncenter size-full\"><a href=\"https:\/\/www.aphyllanthe.fr\/association\/wp-content\/uploads\/2025\/01\/IMAGE10.webp\"><img loading=\"lazy\" decoding=\"async\" width=\"226\" height=\"244\" src=\"https:\/\/www.aphyllanthe.fr\/association\/wp-content\/uploads\/2025\/01\/IMAGE10.webp\" alt=\"\" class=\"wp-image-23241\"\/><\/a><\/figure>\n<\/div>","protected":false},"excerpt":{"rendered":"<p>Seulement 9 personnes s&rsquo;\u00e9taient inscrites pour la visite guid\u00e9e du mus\u00e9e d&rsquo;art sacr\u00e9. Bien qu&rsquo;en petit comit\u00e9, ce fut tr\u00e8s int\u00e9ressant, comme le laisse entrevoir le commentaire de Martine, et les photos prises sur place. Dimanche nous avons visit\u00e9 le mus\u00e9e d\u2019Art sacr\u00e9 du Gard qui se situe en plein c\u0153ur de la ville de &hellip; <a href=\"https:\/\/www.aphyllanthe.fr\/association\/retour-sur-la-visite-au-musee-dart-sacre\/\" class=\"more-link\">Continuer la lecture de <span class=\"screen-reader-text\">Retour sur la visite au mus\u00e9e d&rsquo;art sacr\u00e9<\/span>  <span class=\"meta-nav\">&rarr;<\/span><\/a><\/p>\n","protected":false},"author":10,"featured_media":23240,"comment_status":"closed","ping_status":"closed","sticky":false,"template":"","format":"standard","meta":{"footnotes":""},"categories":[3,113],"tags":[],"class_list":["post-23237","post","type-post","status-publish","format-standard","has-post-thumbnail","hentry","category-reportage","category-sorties-patrimoine"],"_links":{"self":[{"href":"https:\/\/www.aphyllanthe.fr\/association\/wp-json\/wp\/v2\/posts\/23237","targetHints":{"allow":["GET"]}}],"collection":[{"href":"https:\/\/www.aphyllanthe.fr\/association\/wp-json\/wp\/v2\/posts"}],"about":[{"href":"https:\/\/www.aphyllanthe.fr\/association\/wp-json\/wp\/v2\/types\/post"}],"author":[{"embeddable":true,"href":"https:\/\/www.aphyllanthe.fr\/association\/wp-json\/wp\/v2\/users\/10"}],"replies":[{"embeddable":true,"href":"https:\/\/www.aphyllanthe.fr\/association\/wp-json\/wp\/v2\/comments?post=23237"}],"version-history":[{"count":16,"href":"https:\/\/www.aphyllanthe.fr\/association\/wp-json\/wp\/v2\/posts\/23237\/revisions"}],"predecessor-version":[{"id":23440,"href":"https:\/\/www.aphyllanthe.fr\/association\/wp-json\/wp\/v2\/posts\/23237\/revisions\/23440"}],"wp:featuredmedia":[{"embeddable":true,"href":"https:\/\/www.aphyllanthe.fr\/association\/wp-json\/wp\/v2\/media\/23240"}],"wp:attachment":[{"href":"https:\/\/www.aphyllanthe.fr\/association\/wp-json\/wp\/v2\/media?parent=23237"}],"wp:term":[{"taxonomy":"category","embeddable":true,"href":"https:\/\/www.aphyllanthe.fr\/association\/wp-json\/wp\/v2\/categories?post=23237"},{"taxonomy":"post_tag","embeddable":true,"href":"https:\/\/www.aphyllanthe.fr\/association\/wp-json\/wp\/v2\/tags?post=23237"}],"curies":[{"name":"wp","href":"https:\/\/api.w.org\/{rel}","templated":true}]}}