{"id":23256,"date":"2025-02-04T11:33:29","date_gmt":"2025-02-04T10:33:29","guid":{"rendered":"https:\/\/www.aphyllanthe.fr\/association\/?p=23256"},"modified":"2025-02-19T11:25:26","modified_gmt":"2025-02-19T10:25:26","slug":"cine-des-possibles-du-13-fevrier","status":"publish","type":"post","link":"https:\/\/www.aphyllanthe.fr\/association\/cine-des-possibles-du-13-fevrier\/","title":{"rendered":"Cin\u00e9 des possibles du 13 f\u00e9vrier"},"content":{"rendered":"\n<p class=\"has-white-color has-text-color has-background has-link-color wp-elements-1dcc28b9fa4f82da1309b7a2c25d9622\" style=\"background-color:#294362\">C&rsquo;est le documentaire <em><strong>Silent fallout<\/strong><\/em>, de Ideaki Ito qui sera projet\u00e9, en pr\u00e9sence de Kurumi SUGITA de l\u2019association <a href=\"https:\/\/nosvoisinslointains311.home.blog\/qui-sommes-nous\/\" target=\"_blank\" rel=\"noreferrer noopener\">Nos Voisins Lointains 3.11<\/a> <strong>jeudi 13 f\u00e9vrier <\/strong>\u00e0 <strong>15h30 <\/strong>et \u00e0 <strong>20h30 <\/strong>au Capitole d&rsquo;Uz\u00e8s. La soir\u00e9e est organis\u00e9e par le Collectif Halte aux Nucl\u00e9aires Gard (CHANG).<\/p>\n\n\n\n<p>Ce documentaire retrace l\u2019enqu\u00eate sur les dents de lait men\u00e9e par Louise Reiss, m\u00e9decin \u00e0 St Louis, dans le Missouri (\u00c9tats-Unis), suite \u00e0 un v\u00e9ritable mouvement de femmes au foyer et de m\u00e8res souhaitant v\u00e9rifier la pr\u00e9sence de Strontium-90 dans le corps de leurs enfants. Leurs actions se sont d\u00e9roul\u00e9es \u00e0 travers tout le pays et ont conduit le pr\u00e9sident Kennedy \u00e0 prendre la d\u00e9cision d\u2019arr\u00eater les essais nucl\u00e9aires atmosph\u00e9riques.<\/p>\n\n\n\n<figure class=\"wp-block-embed is-type-video is-provider-youtube wp-block-embed-youtube wp-embed-aspect-16-9 wp-has-aspect-ratio\"><div class=\"wp-block-embed__wrapper\">\n<iframe loading=\"lazy\" title=\"RETOMB\u00c9ES SILENCIEUSES (Silent Fallout) Bande annonce VOSTFR\" width=\"474\" height=\"267\" src=\"https:\/\/www.youtube.com\/embed\/nDvLW370Ixk?feature=oembed\" frameborder=\"0\" allow=\"accelerometer; autoplay; clipboard-write; encrypted-media; gyroscope; picture-in-picture; web-share\" referrerpolicy=\"strict-origin-when-cross-origin\" allowfullscreen><\/iframe>\n<\/div><\/figure>\n\n\n\n<div class=\"wp-block-columns is-layout-flex wp-container-core-columns-is-layout-9d6595d7 wp-block-columns-is-layout-flex\">\n<div class=\"wp-block-column is-layout-flow wp-block-column-is-layout-flow\">\n<figure class=\"wp-block-image size-full is-resized\"><a href=\"https:\/\/www.aphyllanthe.fr\/association\/wp-content\/uploads\/2025\/02\/SILENCE-AFFICHE.webp\"><img loading=\"lazy\" decoding=\"async\" width=\"380\" height=\"540\" src=\"https:\/\/www.aphyllanthe.fr\/association\/wp-content\/uploads\/2025\/02\/SILENCE-AFFICHE.webp\" alt=\"\" class=\"wp-image-23421\" style=\"width:155px;height:auto\" srcset=\"https:\/\/www.aphyllanthe.fr\/association\/wp-content\/uploads\/2025\/02\/SILENCE-AFFICHE.webp 380w, https:\/\/www.aphyllanthe.fr\/association\/wp-content\/uploads\/2025\/02\/SILENCE-AFFICHE-211x300.webp 211w\" sizes=\"auto, (max-width: 380px) 100vw, 380px\" \/><\/a><\/figure>\n<\/div>\n\n\n\n<div class=\"wp-block-column is-layout-flow wp-block-column-is-layout-flow\">\n<h5 class=\"wp-block-heading\">Tarifs<\/h5>\n\n\n\n<figure class=\"wp-block-table aligncenter\"><table class=\"has-fixed-layout\"><tbody><tr><td><\/td><td class=\"has-text-align-center\" data-align=\"center\"><strong>Adultes<\/strong><\/td><td class=\"has-text-align-center\" data-align=\"center\">\u2013<strong>18 ans<\/strong><\/td><\/tr><tr><td><strong>Adh\u00e9rents<\/strong><\/td><td class=\"has-text-align-center\" data-align=\"center\">3 \u20ac<\/td><td class=\"has-text-align-center\" data-align=\"center\">offert<\/td><\/tr><tr><td><strong>Non adh\u00e9rents<\/strong><\/td><td class=\"has-text-align-center\" data-align=\"center\">5 \u20ac<\/td><td class=\"has-text-align-center\" data-align=\"center\">5 \u20ac<\/td><\/tr><\/tbody><\/table><\/figure>\n<\/div>\n<\/div>\n\n\n\n<h5 class=\"wp-block-heading has-text-align-center has-white-color has-text-color has-background has-link-color wp-elements-2c63dfbf020a5f0bf4388966ae47ae2e\" style=\"background-color:#294362\">Inscription aupr\u00e8s du secr\u00e9tariat<br \/>aphyllanthe@orange.fr \/ t\u00e9l : 04 66 22 10 20<\/h5>\n\n\n\n<p><\/p>\n","protected":false},"excerpt":{"rendered":"<p>C&rsquo;est le documentaire Silent fallout, de Ideaki Ito qui sera projet\u00e9, en pr\u00e9sence de Kurumi SUGITA de l\u2019association Nos Voisins Lointains 3.11 jeudi 13 f\u00e9vrier \u00e0 15h30 et \u00e0 20h30 au Capitole d&rsquo;Uz\u00e8s. La soir\u00e9e est organis\u00e9e par le Collectif Halte aux Nucl\u00e9aires Gard (CHANG). Ce documentaire retrace l\u2019enqu\u00eate sur les dents de lait men\u00e9e &hellip; <a href=\"https:\/\/www.aphyllanthe.fr\/association\/cine-des-possibles-du-13-fevrier\/\" class=\"more-link\">Continuer la lecture de <span class=\"screen-reader-text\">Cin\u00e9 des possibles du 13 f\u00e9vrier<\/span>  <span class=\"meta-nav\">&rarr;<\/span><\/a><\/p>\n","protected":false},"author":10,"featured_media":23261,"comment_status":"closed","ping_status":"closed","sticky":false,"template":"","format":"standard","meta":{"footnotes":""},"categories":[4],"tags":[],"class_list":["post-23256","post","type-post","status-publish","format-standard","has-post-thumbnail","hentry","category-annonce"],"_links":{"self":[{"href":"https:\/\/www.aphyllanthe.fr\/association\/wp-json\/wp\/v2\/posts\/23256","targetHints":{"allow":["GET"]}}],"collection":[{"href":"https:\/\/www.aphyllanthe.fr\/association\/wp-json\/wp\/v2\/posts"}],"about":[{"href":"https:\/\/www.aphyllanthe.fr\/association\/wp-json\/wp\/v2\/types\/post"}],"author":[{"embeddable":true,"href":"https:\/\/www.aphyllanthe.fr\/association\/wp-json\/wp\/v2\/users\/10"}],"replies":[{"embeddable":true,"href":"https:\/\/www.aphyllanthe.fr\/association\/wp-json\/wp\/v2\/comments?post=23256"}],"version-history":[{"count":14,"href":"https:\/\/www.aphyllanthe.fr\/association\/wp-json\/wp\/v2\/posts\/23256\/revisions"}],"predecessor-version":[{"id":23423,"href":"https:\/\/www.aphyllanthe.fr\/association\/wp-json\/wp\/v2\/posts\/23256\/revisions\/23423"}],"wp:featuredmedia":[{"embeddable":true,"href":"https:\/\/www.aphyllanthe.fr\/association\/wp-json\/wp\/v2\/media\/23261"}],"wp:attachment":[{"href":"https:\/\/www.aphyllanthe.fr\/association\/wp-json\/wp\/v2\/media?parent=23256"}],"wp:term":[{"taxonomy":"category","embeddable":true,"href":"https:\/\/www.aphyllanthe.fr\/association\/wp-json\/wp\/v2\/categories?post=23256"},{"taxonomy":"post_tag","embeddable":true,"href":"https:\/\/www.aphyllanthe.fr\/association\/wp-json\/wp\/v2\/tags?post=23256"}],"curies":[{"name":"wp","href":"https:\/\/api.w.org\/{rel}","templated":true}]}}