{"id":23286,"date":"2025-02-18T11:16:46","date_gmt":"2025-02-18T10:16:46","guid":{"rendered":"https:\/\/www.aphyllanthe.fr\/association\/?p=23286"},"modified":"2025-03-10T11:22:10","modified_gmt":"2025-03-10T10:22:10","slug":"programme-des-vacances-de-fevrier-2","status":"publish","type":"post","link":"https:\/\/www.aphyllanthe.fr\/association\/programme-des-vacances-de-fevrier-2\/","title":{"rendered":"Programme des vacances de f\u00e9vrier"},"content":{"rendered":"\n<p class=\"has-text-color has-background\" style=\"color:#1e2e60;background-color:#afc6f1\">Voici les activit\u00e9s propos\u00e9es par l\u2019Aphyllanthe pour se distraire en famille pendant les vacances de f\u00e9vrier. Tous les enfants accompagn\u00e9s de leur(s) parent(s), grand(s)-parent(s), ou autres parents, sont les bienvenus !  Un go\u00fbter partag\u00e9 cl\u00f4turera les apr\u00e8s-midis ; merci d&rsquo;apporter vos douceurs, l\u2019association offrira les boissons.<\/p>\n\n\n\n<h5 class=\"wp-block-heading has-background\" style=\"background:linear-gradient(135deg,rgb(252,185,0) 79%,rgb(255,105,0) 100%)\">Lundi 24 f\u00e9vrier &#8211; 14h : jeux de balles avec Mathias<\/h5>\n\n\n\n<div class=\"wp-block-columns is-layout-flex wp-container-core-columns-is-layout-9d6595d7 wp-block-columns-is-layout-flex\">\n<div class=\"wp-block-column is-layout-flow wp-block-column-is-layout-flow\">\n<p class=\"has-text-align-left\">Une activit\u00e9 de plein air <strong>tous niveaux <\/strong>pour parents et enfants sur le court de tennis et le terrain de p\u00e9tanque d&rsquo;Aigaliers. (repli au foyer en cas de mauvais temps)<\/p>\n<\/div>\n\n\n\n<div class=\"wp-block-column is-layout-flow wp-block-column-is-layout-flow\">\n<figure class=\"wp-block-image size-full is-resized\"><a href=\"https:\/\/www.aphyllanthe.fr\/association\/wp-content\/uploads\/2021\/10\/tennis1.jpg\"><img loading=\"lazy\" decoding=\"async\" width=\"753\" height=\"500\" src=\"https:\/\/www.aphyllanthe.fr\/association\/wp-content\/uploads\/2021\/10\/tennis1.jpg\" alt=\"tennis\" class=\"wp-image-15236\" style=\"width:193px;height:auto\" srcset=\"https:\/\/www.aphyllanthe.fr\/association\/wp-content\/uploads\/2021\/10\/tennis1.jpg 753w, https:\/\/www.aphyllanthe.fr\/association\/wp-content\/uploads\/2021\/10\/tennis1-300x199.jpg 300w\" sizes=\"auto, (max-width: 753px) 100vw, 753px\" \/><\/a><\/figure>\n<\/div>\n<\/div>\n\n\n\n<p class=\"has-text-align-center\"><strong>Au programme : tennis, basket, p\u00e9tanque<\/strong><\/p>\n\n\n\n<div class=\"wp-block-columns is-layout-flex wp-container-core-columns-is-layout-9d6595d7 wp-block-columns-is-layout-flex\">\n<div class=\"wp-block-column is-layout-flow wp-block-column-is-layout-flow\">\n<figure class=\"wp-block-image size-full is-resized\"><a href=\"https:\/\/www.aphyllanthe.fr\/association\/wp-content\/uploads\/2025\/01\/PETANQUE.webp\"><img loading=\"lazy\" decoding=\"async\" width=\"511\" height=\"391\" src=\"https:\/\/www.aphyllanthe.fr\/association\/wp-content\/uploads\/2025\/01\/PETANQUE.webp\" alt=\"\" class=\"wp-image-23341\" style=\"width:184px;height:auto\" srcset=\"https:\/\/www.aphyllanthe.fr\/association\/wp-content\/uploads\/2025\/01\/PETANQUE.webp 511w, https:\/\/www.aphyllanthe.fr\/association\/wp-content\/uploads\/2025\/01\/PETANQUE-300x230.webp 300w\" sizes=\"auto, (max-width: 511px) 100vw, 511px\" \/><\/a><\/figure>\n<\/div>\n\n\n\n<div class=\"wp-block-column is-layout-flow wp-block-column-is-layout-flow\">\n<figure class=\"wp-block-table aligncenter\"><table class=\"has-fixed-layout\"><tbody><tr><td class=\"has-text-align-center\" data-align=\"center\"><\/td><td class=\"has-text-align-center\" data-align=\"center\"><strong>Adultes<\/strong><\/td><td class=\"has-text-align-center\" data-align=\"center\"><strong>&#8211; 18 ans<\/strong><\/td><\/tr><tr><td class=\"has-text-align-center\" data-align=\"center\"><strong>Adh.<\/strong><\/td><td class=\"has-text-align-center\" data-align=\"center\">offert<\/td><td class=\"has-text-align-center\" data-align=\"center\">offert<\/td><\/tr><tr><td class=\"has-text-align-center\" data-align=\"center\"><strong>Non Adh<\/strong><\/td><td class=\"has-text-align-center\" data-align=\"center\">5 \u20ac<\/td><td class=\"has-text-align-center\" data-align=\"center\">offert<\/td><\/tr><\/tbody><\/table><\/figure>\n<\/div>\n<\/div>\n\n\n\n<p><strong>Nota <\/strong>: quelques raquettes et boules pourront \u00eatre pr\u00eat\u00e9es ; se renseigner \u00e0 l&rsquo;inscription.<\/p>\n\n\n\n<h5 class=\"wp-block-heading has-text-align-center has-white-background-color has-text-color has-background has-link-color wp-elements-03739a95117e6e5e648666c1200d4a25\" style=\"color:#73271e\">Attention, nombre de places limit\u00e9es<\/h5>\n\n\n\n<h5 class=\"wp-block-heading has-white-color has-text-color has-background\" style=\"background:linear-gradient(280deg,rgb(254,205,165) 0%,rgb(254,45,45) 33%,rgb(107,0,62) 100%)\">Mardi 25 f\u00e9vrier &#8211; journ\u00e9e cin\u00e9ma au Capitole d&rsquo;Uz\u00e8s<\/h5>\n\n\n\n<h5 class=\"wp-block-heading\">14h : Une nuit au zoo<\/h5>\n\n\n\n<p>Film d&rsquo;animation de Ricardo Curtis &amp; Rodrigo Perez-Castro (1h30).<br \/><strong>Synopsis<\/strong> : une nuit, une m\u00e9t\u00e9orite s&rsquo;\u00e9crase sur le zoo de Colepepper, lib\u00e9rant un virus qui transforme les animaux en mutants zombies baveux ! Gracie, une jeune louve excentrique, s&rsquo;associe avec Dan, un puma bourru et redoutable, pour trouver un moyen de retourner \u00e0 sa meute. Alors que tout le zoo va \u00eatre contamin\u00e9, ils doivent \u00e9laborer un plan pour que les animaux redeviennent eux-m\u00eames.<\/p>\n\n\n\n<figure class=\"wp-block-embed is-type-video is-provider-youtube wp-block-embed-youtube wp-embed-aspect-16-9 wp-has-aspect-ratio\"><div class=\"wp-block-embed__wrapper\">\n<iframe loading=\"lazy\" title=\"Une Nuit au Zoo - Bande-annonce\" width=\"474\" height=\"267\" src=\"https:\/\/www.youtube.com\/embed\/S5KF_zzCL2c?feature=oembed\" frameborder=\"0\" allow=\"accelerometer; autoplay; clipboard-write; encrypted-media; gyroscope; picture-in-picture; web-share\" referrerpolicy=\"strict-origin-when-cross-origin\" allowfullscreen><\/iframe>\n<\/div><\/figure>\n\n\n\n<h5 class=\"wp-block-heading\">14h : La vie en gros<\/h5>\n\n\n\n<p>Film d&rsquo;animation de Kristina Dufkov\u00e1, adapt\u00e9 du roman de Mika\u00ebl Ollivier (1h20).<br \/><strong>Synopsis<\/strong> : l&rsquo;histoire s&rsquo;articule autour de la vie tourment\u00e9e de Benjamin. Jeune lyc\u00e9en en surpoids, il connait une p\u00e9riode compliqu\u00e9e malgr\u00e9 son copain Eric, et surtout Claire, une camarade de classe et dont il tombe amoureux. Au fil de son ann\u00e9e, il doit faire face au regard des autres, mais aussi et surtout au sien. Une multitude de messages humanistes orchestr\u00e9s autour d&rsquo;une animation au visuel r\u00e9ussi.<br \/>Prix du Jury Contrechamp au Festival d\u2019Annecy 2024.<br \/>Prix du Public Paris M\u00f4mes \u00e0 Mon Premier Festival.<br \/>A partir de 10 ans.<\/p>\n\n\n\n<figure class=\"wp-block-embed is-type-video is-provider-youtube wp-block-embed-youtube wp-embed-aspect-16-9 wp-has-aspect-ratio\"><div class=\"wp-block-embed__wrapper\">\n<iframe loading=\"lazy\" title=\"LA VIE, EN GROS I Bande-annonce\" width=\"474\" height=\"267\" src=\"https:\/\/www.youtube.com\/embed\/QNNDCr2i4wY?feature=oembed\" frameborder=\"0\" allow=\"accelerometer; autoplay; clipboard-write; encrypted-media; gyroscope; picture-in-picture; web-share\" referrerpolicy=\"strict-origin-when-cross-origin\" allowfullscreen><\/iframe>\n<\/div><\/figure>\n\n\n\n<h5 class=\"wp-block-heading\">16h15 : Paddington au P\u00e9rou<\/h5>\n\n\n\n<p>Film d&rsquo;animation de Dougal Wilson (1h45).<br \/><strong>Synopsis<\/strong> : Paddington est de retour au cin\u00e9ma dans un film qui oscille entre com\u00e9die et aventures : accompagn\u00e9 de la famille Brown, il retourne au P\u00e9rou, son pays d&rsquo;origine, pour rendre visite \u00e0 sa tante Lucy, \u00e0 la Maison des ours retrait\u00e9s. Mais \u00e0 son arriv\u00e9e, il d\u00e9couvre qu&rsquo;elle a myst\u00e9rieusement disparu.<\/p>\n\n\n\n<figure class=\"wp-block-embed is-type-video is-provider-youtube wp-block-embed-youtube wp-embed-aspect-16-9 wp-has-aspect-ratio\"><div class=\"wp-block-embed__wrapper\">\n<iframe loading=\"lazy\" title=\"PADDINGTON AU P\u00c9ROU \u2013 Bande-annonce Officielle #1 VF (2025)\" width=\"474\" height=\"267\" src=\"https:\/\/www.youtube.com\/embed\/Fp-1L1KOIk8?feature=oembed\" frameborder=\"0\" allow=\"accelerometer; autoplay; clipboard-write; encrypted-media; gyroscope; picture-in-picture; web-share\" referrerpolicy=\"strict-origin-when-cross-origin\" allowfullscreen><\/iframe>\n<\/div><\/figure>\n\n\n\n<h5 class=\"wp-block-heading\">18h30 : L&rsquo;attachement<\/h5>\n\n\n\n<p>Film de Carine Tardieu, librement adapt\u00e9 du roman d&rsquo;Alice Ferney <em>L&rsquo;Intimit\u00e9<\/em> (1h45).<br \/><strong>Synopsis<\/strong> : ce film raconte la rencontre entre un homme, jeune p\u00e8re de famille et une femme f\u00e9ministe et ind\u00e9pendante, qu&rsquo;un accident de la vie va rapprocher de mani\u00e8re inattendue. Un matin, Alex et C\u00e9cile, sur le point d&rsquo;accoucher, d\u00e9posent leur petit gar\u00e7on chez leur voisine de palier, la cinquantaine, c\u00e9libataire et sans enfant. Les jeunes parents tardent \u00e0 rentrer et Elliot passe finalement la nuit chez elle.<br \/>Avec sensibilit\u00e9, et non sans humour, le film explore la sph\u00e8re de l&rsquo;intime en donnant aux enfants une vraie place dans la vie des adultes, ce qui est rare au cin\u00e9ma.<br \/>A partir de 12 ans.<\/p>\n\n\n\n<figure class=\"wp-block-embed is-type-video is-provider-youtube wp-block-embed-youtube wp-embed-aspect-16-9 wp-has-aspect-ratio\"><div class=\"wp-block-embed__wrapper\">\n<iframe loading=\"lazy\" title=\"L&#039;ATTACHEMENT - bande-annonce (2025) Pio Marmai\" width=\"474\" height=\"267\" src=\"https:\/\/www.youtube.com\/embed\/lTedZoMc4mA?feature=oembed\" frameborder=\"0\" allow=\"accelerometer; autoplay; clipboard-write; encrypted-media; gyroscope; picture-in-picture; web-share\" referrerpolicy=\"strict-origin-when-cross-origin\" allowfullscreen><\/iframe>\n<\/div><\/figure>\n\n\n\n<h5 class=\"wp-block-heading\">18h30 : La Pampa<\/h5>\n\n\n\n<p>Film de Antoine Chevrollier (1h20).<br \/><strong>Synopsis<\/strong> : Willy et Jojo, deux ados ins\u00e9parables, passent leur temps \u00e0 chasser l\u2019ennui dans un petit village au c\u0153ur de la France. Ils se sont fait une promesse : ils partiront bient\u00f4t pour la ville. Mais Jojo cache un secret. Et quand tout le village le d\u00e9couvre, les r\u00eaves et les familles des deux amis volent en \u00e9clat.<br \/>Apr\u00e8s r\u00e9alis\u00e9 plusieurs s\u00e9ries (Le Bureau des l\u00e9gendes, Oussekine ou Baron noir), Antoine Chevrollier signe un film personnel, puissant et magnifiquement interpr\u00e9t\u00e9 par des com\u00e9diens tr\u00e8s engag\u00e9s. Un premier long m\u00e9trage ma\u00eetris\u00e9 et bouleversant.<\/p>\n\n\n\n<figure class=\"wp-block-embed is-type-video is-provider-youtube wp-block-embed-youtube wp-embed-aspect-16-9 wp-has-aspect-ratio\"><div class=\"wp-block-embed__wrapper\">\n<iframe loading=\"lazy\" title=\"La Pampa  l Bande annonce\" width=\"474\" height=\"267\" src=\"https:\/\/www.youtube.com\/embed\/jZCpZAGCsoY?feature=oembed\" frameborder=\"0\" allow=\"accelerometer; autoplay; clipboard-write; encrypted-media; gyroscope; picture-in-picture; web-share\" referrerpolicy=\"strict-origin-when-cross-origin\" allowfullscreen><\/iframe>\n<\/div><\/figure>\n\n\n\n<h5 class=\"wp-block-heading\">19h : God save the Thuche<\/h5>\n\n\n\n<p>Film de Jean-Paul ROUVE (1h30).<br \/><strong>Synopsis<\/strong> : les Tuche sont de retour avec un cinqui\u00e8me volet, qui les propulse en Grande-Bretagne \u00e0 la rencontre du roi Charles, d\u00e9licieusement interpr\u00e9t\u00e9 par Bernard Menez. Par un concours de circonstances, la recette top secr\u00e8te des frites de Bouzolles deviendra un enjeu diplomatique.<br \/>Un nouveau choc culturel en perspective avec Jean-Paul Rouve, pour la premi\u00e8re fois devant et derri\u00e8re la cam\u00e9ra.<\/p>\n\n\n\n<figure class=\"wp-block-embed is-type-video is-provider-youtube wp-block-embed-youtube wp-embed-aspect-16-9 wp-has-aspect-ratio\"><div class=\"wp-block-embed__wrapper\">\n<iframe loading=\"lazy\" title=\"God Save The Tuche - Bande-annonce officielle HD\" width=\"474\" height=\"267\" src=\"https:\/\/www.youtube.com\/embed\/K3aUaFbrd8g?feature=oembed\" frameborder=\"0\" allow=\"accelerometer; autoplay; clipboard-write; encrypted-media; gyroscope; picture-in-picture; web-share\" referrerpolicy=\"strict-origin-when-cross-origin\" allowfullscreen><\/iframe>\n<\/div><\/figure>\n\n\n\n<h5 class=\"wp-block-heading\">21h : Bridget Jones : Folle de lui<\/h5>\n\n\n\n<p>Film de Michael Morris (2h05).<br \/><strong>Synopsis<\/strong> : d\u00e9sormais veuve et m\u00e8re de deux enfants, Bridget Jones tente d&rsquo;oublier Mark Darcy, son grand amour avec qui elle a v\u00e9cu pendant dix ans. Daniel, son ancien patron a refait surface. Incorrigible s\u00e9ducteur, il est devenu son meilleur ami et joue volontiers le baby-sitter occasionnel et foutraque pour ses enfants, pendant que Bridget assiste \u00e0 de lugubres d\u00eeners de c\u00e9l\u00e9bration \u00e0 la m\u00e9moire de Mark.<br \/>Neuf ans apr\u00e8s le dernier opus, l&rsquo;anti-h\u00e9ro\u00efne de 52 ans n&rsquo;a rien perdu de sa fantaisie, de sa gaucherie, de son art du juron, et de son insatiable soif d&rsquo;amour.<br \/>De la chirurgie esth\u00e9tique aux plateformes de rencontre, le film jette un \u0153il incisif sur l&rsquo;\u00e9poque, sans sacrifier au romantisme, ingr\u00e9dient indispensable du genre.<\/p>\n\n\n\n<figure class=\"wp-block-embed is-type-video is-provider-youtube wp-block-embed-youtube wp-embed-aspect-16-9 wp-has-aspect-ratio\"><div class=\"wp-block-embed__wrapper\">\n<iframe loading=\"lazy\" title=\"BRIDGET JONES : FOLLE DE LUI \u2013 Bande-annonce Officielle VF \u2013 Ren\u00e9e Zellweger (2025)\" width=\"474\" height=\"267\" src=\"https:\/\/www.youtube.com\/embed\/PPSe39Wslu8?feature=oembed\" frameborder=\"0\" allow=\"accelerometer; autoplay; clipboard-write; encrypted-media; gyroscope; picture-in-picture; web-share\" referrerpolicy=\"strict-origin-when-cross-origin\" allowfullscreen><\/iframe>\n<\/div><\/figure>\n\n\n\n<h5 class=\"wp-block-heading has-text-align-center has-dark-gray-color has-text-color has-link-color wp-elements-ed5c3d1223bfd1dbec05851d84cbf2a9\">Tarifs adh\u00e9rents : adultes : 1 \u20ac \/ offert pour les &#8211; 18 ans<br \/>Non adh\u00e9rents : 5 \u20ac<\/h5>\n\n\n\n<h5 class=\"wp-block-heading has-electric-grass-gradient-background has-background\">Mercredi 26 f\u00e9vrier &#8211; 14h : atelier multi-cr\u00eapes avec Manue<\/h5>\n\n\n\n<div class=\"wp-block-columns is-layout-flex wp-container-core-columns-is-layout-9d6595d7 wp-block-columns-is-layout-flex\">\n<div class=\"wp-block-column is-layout-flow wp-block-column-is-layout-flow\">\n<figure class=\"wp-block-image size-full\"><a href=\"https:\/\/www.aphyllanthe.fr\/association\/wp-content\/uploads\/2025\/01\/crepes.webp\"><img loading=\"lazy\" decoding=\"async\" width=\"696\" height=\"527\" src=\"https:\/\/www.aphyllanthe.fr\/association\/wp-content\/uploads\/2025\/01\/crepes.webp\" alt=\"\" class=\"wp-image-23292\" srcset=\"https:\/\/www.aphyllanthe.fr\/association\/wp-content\/uploads\/2025\/01\/crepes.webp 696w, https:\/\/www.aphyllanthe.fr\/association\/wp-content\/uploads\/2025\/01\/crepes-300x227.webp 300w\" sizes=\"auto, (max-width: 696px) 100vw, 696px\" \/><\/a><\/figure>\n<\/div>\n\n\n\n<div class=\"wp-block-column is-layout-flow wp-block-column-is-layout-flow\">\n<p class=\"has-text-align-left\">Simon et Manue ont une ferme sur la commune (\u00e0 Bourdiguet), et produisent des c\u00e9r\u00e9ales et l\u00e9gumineuses en agriculture biologique. Ils apporteront leurs farines (petit-\u00e9peautre, bl\u00e9 ancien, pois-chiches) afin de confectionner des cr\u00eapes <em>pas-comme-d&rsquo;habitude<\/em>. <\/p>\n<\/div>\n<\/div>\n\n\n\n<p>Ce sera l&rsquo;occasion de tester de nouveaux go\u00fbts, de nouvelles recettes, et de comparer les propri\u00e9t\u00e9s de chaque farine. En fin de s\u00e9ance, il y aura d\u00e9gustation g\u00e9n\u00e9rale des cr\u00eapes, garnies avec ce que chacun aura apport\u00e9.<\/p>\n\n\n\n<p><strong>Mat\u00e9riel n\u00e9cessaire<\/strong> : un tablier et des mains propres sont indispensables. Signalez \u00e0 l&rsquo;inscription si vous pouvez apporter saladier, fouet, voire une cr\u00eapi\u00e8re \u00e9lectrique.<br \/><strong>Atelier gratuit<\/strong>. Le lieu sera communiqu\u00e9 ult\u00e9rieurement.<\/p>\n\n\n\n<h5 class=\"wp-block-heading has-background\" style=\"background:linear-gradient(322deg,rgb(255,245,203) 0%,rgb(182,227,212) 50%,rgb(51,167,181) 100%)\">Jeudi 27 f\u00e9vrier &#8211; 14h : atelier bricolo avec Claude<\/h5>\n\n\n\n<p>Toujours pleine d&rsquo;enthousiasme, Claude propose de passer l&rsquo;apr\u00e8s-midi dans l&rsquo;univers des masques et de partager le go\u00fbter en fin de s\u00e9ance.<\/p>\n\n\n<div class=\"wp-block-image\">\n<figure class=\"aligncenter size-large\"><a href=\"https:\/\/www.aphyllanthe.fr\/association\/wp-content\/uploads\/2025\/01\/MASQUES-scaled.webp\"><img loading=\"lazy\" decoding=\"async\" width=\"1024\" height=\"462\" src=\"https:\/\/www.aphyllanthe.fr\/association\/wp-content\/uploads\/2025\/01\/MASQUES-1024x462.webp\" alt=\"\" class=\"wp-image-23333\" srcset=\"https:\/\/www.aphyllanthe.fr\/association\/wp-content\/uploads\/2025\/01\/MASQUES-1024x462.webp 1024w, https:\/\/www.aphyllanthe.fr\/association\/wp-content\/uploads\/2025\/01\/MASQUES-300x135.webp 300w, https:\/\/www.aphyllanthe.fr\/association\/wp-content\/uploads\/2025\/01\/MASQUES-768x346.webp 768w, https:\/\/www.aphyllanthe.fr\/association\/wp-content\/uploads\/2025\/01\/MASQUES-1536x692.webp 1536w, https:\/\/www.aphyllanthe.fr\/association\/wp-content\/uploads\/2025\/01\/MASQUES-2048x923.webp 2048w, https:\/\/www.aphyllanthe.fr\/association\/wp-content\/uploads\/2025\/01\/MASQUES-1320x595.webp 1320w\" sizes=\"auto, (max-width: 1024px) 100vw, 1024px\" \/><\/a><\/figure>\n<\/div>\n\n\n<p class=\"has-text-align-center\"><strong>Atelier gratuit<\/strong><br \/>Biblioth\u00e8que d&rsquo;Aigaliers<\/p>\n\n\n\n<h5 class=\"wp-block-heading has-white-color has-midnight-gradient-background has-text-color has-background has-link-color wp-elements-ef652fd180fc5d36b56193612095690c\">Vendredi 28 f\u00e9vrier &#8211; 19h : lasergame<\/h5>\n\n\n\n<div class=\"wp-block-columns is-layout-flex wp-container-core-columns-is-layout-9d6595d7 wp-block-columns-is-layout-flex\">\n<div class=\"wp-block-column is-layout-flow wp-block-column-is-layout-flow\">\n<figure class=\"wp-block-image size-large\"><a href=\"https:\/\/www.aphyllanthe.fr\/association\/wp-content\/uploads\/2024\/04\/lase1.webp\"><img loading=\"lazy\" decoding=\"async\" width=\"1024\" height=\"573\" src=\"https:\/\/www.aphyllanthe.fr\/association\/wp-content\/uploads\/2024\/04\/lase1-1024x573.webp\" alt=\"\" class=\"wp-image-21238\" srcset=\"https:\/\/www.aphyllanthe.fr\/association\/wp-content\/uploads\/2024\/04\/lase1-1024x573.webp 1024w, https:\/\/www.aphyllanthe.fr\/association\/wp-content\/uploads\/2024\/04\/lase1-300x168.webp 300w, https:\/\/www.aphyllanthe.fr\/association\/wp-content\/uploads\/2024\/04\/lase1-768x430.webp 768w, https:\/\/www.aphyllanthe.fr\/association\/wp-content\/uploads\/2024\/04\/lase1.webp 1262w\" sizes=\"auto, (max-width: 1024px) 100vw, 1024px\" \/><\/a><\/figure>\n<\/div>\n\n\n\n<div class=\"wp-block-column is-layout-flow wp-block-column-is-layout-flow\">\n<p>Deux parties d\u2019environ 20mn chacune, pour une dur\u00e9e totale d&rsquo;environ 1h15.<br \/>(pause de 20 minutes entre 2 parties).<\/p>\n<\/div>\n<\/div>\n\n\n\n<p><strong>Nombre de personnes maxi <\/strong>: 12.<br \/>Possibilit\u00e9 de jouer en \u00e9quipe (3 \u00e9quipes de 4 personnes par ex).<br \/><strong>Attention <\/strong>: pas de limite d\u2019\u00e2ge, mais les participants doivent mesurer 1,20m minimum.<\/p>\n\n\n\n<figure class=\"wp-block-table is-style-stripes\"><table><tbody><tr><td class=\"has-text-align-center\" data-align=\"center\"><\/td><td class=\"has-text-align-center\" data-align=\"center\"><strong>-18 ans<\/strong><\/td><td class=\"has-text-align-center\" data-align=\"center\"><strong>Adultes<\/strong><\/td><\/tr><tr><td class=\"has-text-align-center\" data-align=\"center\"><strong>Adh\u00e9rents<\/strong><\/td><td class=\"has-text-align-center\" data-align=\"center\">offert<\/td><td class=\"has-text-align-center\" data-align=\"center\">6,50 \u20ac<\/td><\/tr><tr><td class=\"has-text-align-center\" data-align=\"center\"><strong>Non adh\u00e9rents<\/strong><\/td><td class=\"has-text-align-center\" data-align=\"center\">13 \u20ac<\/td><td class=\"has-text-align-center\" data-align=\"center\">13 \u20ac<\/td><\/tr><\/tbody><\/table><figcaption class=\"wp-element-caption\">Tarifs lasergame<\/figcaption><\/figure>\n\n\n\n<p class=\"has-text-align-center has-text-color has-background\" style=\"color:#1e2e60;background-color:#afc6f1\"><strong>Inscription obligatoire aupr\u00e8s du secr\u00e9tariat<br \/>pour toutes les activit\u00e9s :<br \/>aphyllanthe@orange.fr ou t\u00e9l : 04 66 22 10 20<\/strong><\/p>\n","protected":false},"excerpt":{"rendered":"<p>Voici les activit\u00e9s propos\u00e9es par l\u2019Aphyllanthe pour se distraire en famille pendant les vacances de f\u00e9vrier. Tous les enfants accompagn\u00e9s de leur(s) parent(s), grand(s)-parent(s), ou autres parents, sont les bienvenus ! Un go\u00fbter partag\u00e9 cl\u00f4turera les apr\u00e8s-midis ; merci d&rsquo;apporter vos douceurs, l\u2019association offrira les boissons. Lundi 24 f\u00e9vrier &#8211; 14h : jeux de balles &hellip; <a href=\"https:\/\/www.aphyllanthe.fr\/association\/programme-des-vacances-de-fevrier-2\/\" class=\"more-link\">Continuer la lecture de <span class=\"screen-reader-text\">Programme des vacances de f\u00e9vrier<\/span>  <span class=\"meta-nav\">&rarr;<\/span><\/a><\/p>\n","protected":false},"author":10,"featured_media":20639,"comment_status":"closed","ping_status":"closed","sticky":false,"template":"","format":"standard","meta":{"footnotes":""},"categories":[4,117,100],"tags":[],"class_list":["post-23286","post","type-post","status-publish","format-standard","has-post-thumbnail","hentry","category-annonce","category-familles-et-enfants","category-travaux-manuels"],"_links":{"self":[{"href":"https:\/\/www.aphyllanthe.fr\/association\/wp-json\/wp\/v2\/posts\/23286","targetHints":{"allow":["GET"]}}],"collection":[{"href":"https:\/\/www.aphyllanthe.fr\/association\/wp-json\/wp\/v2\/posts"}],"about":[{"href":"https:\/\/www.aphyllanthe.fr\/association\/wp-json\/wp\/v2\/types\/post"}],"author":[{"embeddable":true,"href":"https:\/\/www.aphyllanthe.fr\/association\/wp-json\/wp\/v2\/users\/10"}],"replies":[{"embeddable":true,"href":"https:\/\/www.aphyllanthe.fr\/association\/wp-json\/wp\/v2\/comments?post=23286"}],"version-history":[{"count":60,"href":"https:\/\/www.aphyllanthe.fr\/association\/wp-json\/wp\/v2\/posts\/23286\/revisions"}],"predecessor-version":[{"id":23672,"href":"https:\/\/www.aphyllanthe.fr\/association\/wp-json\/wp\/v2\/posts\/23286\/revisions\/23672"}],"wp:featuredmedia":[{"embeddable":true,"href":"https:\/\/www.aphyllanthe.fr\/association\/wp-json\/wp\/v2\/media\/20639"}],"wp:attachment":[{"href":"https:\/\/www.aphyllanthe.fr\/association\/wp-json\/wp\/v2\/media?parent=23286"}],"wp:term":[{"taxonomy":"category","embeddable":true,"href":"https:\/\/www.aphyllanthe.fr\/association\/wp-json\/wp\/v2\/categories?post=23286"},{"taxonomy":"post_tag","embeddable":true,"href":"https:\/\/www.aphyllanthe.fr\/association\/wp-json\/wp\/v2\/tags?post=23286"}],"curies":[{"name":"wp","href":"https:\/\/api.w.org\/{rel}","templated":true}]}}