{"id":23375,"date":"2025-02-04T11:16:28","date_gmt":"2025-02-04T10:16:28","guid":{"rendered":"https:\/\/www.aphyllanthe.fr\/association\/?p=23375"},"modified":"2025-02-19T13:17:52","modified_gmt":"2025-02-19T12:17:52","slug":"reportage-sur-le-mois-de-janvier","status":"publish","type":"post","link":"https:\/\/www.aphyllanthe.fr\/association\/reportage-sur-le-mois-de-janvier\/","title":{"rendered":"Reportage sur le mois de janvier"},"content":{"rendered":"\n<h6 class=\"wp-block-heading has-white-color has-text-color has-background has-link-color wp-elements-6f20db0772af53e12e57d9b46de58c78\" style=\"background:linear-gradient(338deg,rgb(74,234,220) 0%,rgb(151,120,209) 18%,rgb(207,42,186) 40%,rgb(238,44,130) 60%,rgb(251,105,98) 80%,rgb(254,248,76) 100%)\">Vendredi 3 janvier : lasergame<\/h6>\n\n\n\n<p class=\"has-text-align-center\">Ils \u00e9taient les premiers \u00e0 \u00e9trenner le lasergame en 2025 !<\/p>\n\n\n<div class=\"wp-block-image\">\n<figure class=\"aligncenter size-large\"><a href=\"https:\/\/www.aphyllanthe.fr\/association\/wp-content\/uploads\/2025\/01\/2025-01-03.webp\"><img loading=\"lazy\" decoding=\"async\" width=\"1024\" height=\"768\" src=\"https:\/\/www.aphyllanthe.fr\/association\/wp-content\/uploads\/2025\/01\/2025-01-03-1024x768.webp\" alt=\"\" class=\"wp-image-23379\" srcset=\"https:\/\/www.aphyllanthe.fr\/association\/wp-content\/uploads\/2025\/01\/2025-01-03-1024x768.webp 1024w, https:\/\/www.aphyllanthe.fr\/association\/wp-content\/uploads\/2025\/01\/2025-01-03-300x225.webp 300w, https:\/\/www.aphyllanthe.fr\/association\/wp-content\/uploads\/2025\/01\/2025-01-03-768x576.webp 768w, https:\/\/www.aphyllanthe.fr\/association\/wp-content\/uploads\/2025\/01\/2025-01-03-1536x1152.webp 1536w, https:\/\/www.aphyllanthe.fr\/association\/wp-content\/uploads\/2025\/01\/2025-01-03-1320x990.webp 1320w, https:\/\/www.aphyllanthe.fr\/association\/wp-content\/uploads\/2025\/01\/2025-01-03.webp 1600w\" sizes=\"auto, (max-width: 1024px) 100vw, 1024px\" \/><\/a><\/figure>\n<\/div>\n\n\n<h6 class=\"wp-block-heading has-text-color has-background has-link-color wp-elements-c62a95be59f28912a17f0ac61363db8e\" style=\"color:#203361;background:linear-gradient(336deg,rgb(202,248,128) 0%,rgb(113,206,126) 100%)\">Dimanche 5 janvier  : la galette<\/h6>\n\n\n\n<p>Les adh\u00e9rents avaient encore la t\u00eate aux f\u00eates en ce dernier dimanche des vacances, et la galette n&rsquo;a pas eu le succ\u00e8s habituel. Dommage car elle a donn\u00e9 lieu \u00e0 un tirage au sort dont le lot \u00e9tait deux places pour le spectacle <em>Le petit Prince Slam<\/em> \u00e0 l&rsquo;Ombri\u00e8re.<br \/>Voir <a href=\"https:\/\/www.aphyllanthe.fr\/association\/le-petit-prince-slam\/\" target=\"_blank\" rel=\"noreferrer noopener\">article ici<\/a>.<\/p>\n\n\n\n<h6 class=\"wp-block-heading has-luminous-vivid-amber-to-luminous-vivid-orange-gradient-background has-text-color has-background has-link-color wp-elements-3d6cb59e184baf74c8f39e34beb516a5\" style=\"color:#203361\">Jeudi 16 janvier  : cin\u00e9 des possibles<\/h6>\n\n\n\n<p>Ils \u00e9taient deux <strong><em>Irr\u00e9ductibles<\/em><\/strong> \u00e0 aller voir le film documentaire \u00e9ponyme de Olivier Dubuquoy.<\/p>\n\n\n\n<h6 class=\"wp-block-heading has-text-color has-background has-link-color wp-elements-590139d2c411d30ac6642ca0a52997a7\" style=\"color:#203361;background:linear-gradient(287deg,rgb(255,245,203) 0%,rgb(182,227,212) 50%,rgb(51,167,181) 100%)\">Dimanche 19 janvier  : visite du mus\u00e9e d&rsquo;Art sacr\u00e9<\/h6>\n\n\n\n<p>Voir <a href=\"https:\/\/www.aphyllanthe.fr\/association\/retour-sur-la-visite-au-musee-dart-sacre\/\" target=\"_blank\" rel=\"noreferrer noopener\">article ici<\/a>.<\/p>\n\n\n\n<h6 class=\"wp-block-heading has-white-color has-luminous-dusk-gradient-background has-text-color has-background has-link-color wp-elements-685731703dc55b298094dd6730fd832a\">Mardi 21 janvier : heure du conte pour l&rsquo;\u00e9cole<\/h6>\n\n\n\n<figure class=\"wp-block-gallery has-nested-images columns-default is-cropped wp-block-gallery-2 is-layout-flex wp-block-gallery-is-layout-flex\">\n<figure class=\"wp-block-image size-large\"><a href=\"https:\/\/www.aphyllanthe.fr\/association\/wp-content\/uploads\/2025\/01\/20250121_095312-COPIE-scaled.webp\"><img loading=\"lazy\" decoding=\"async\" width=\"1024\" height=\"730\" data-id=\"23385\" src=\"https:\/\/www.aphyllanthe.fr\/association\/wp-content\/uploads\/2025\/01\/20250121_095312-COPIE-1024x730.webp\" alt=\"\" class=\"wp-image-23385\" srcset=\"https:\/\/www.aphyllanthe.fr\/association\/wp-content\/uploads\/2025\/01\/20250121_095312-COPIE-1024x730.webp 1024w, https:\/\/www.aphyllanthe.fr\/association\/wp-content\/uploads\/2025\/01\/20250121_095312-COPIE-300x214.webp 300w, https:\/\/www.aphyllanthe.fr\/association\/wp-content\/uploads\/2025\/01\/20250121_095312-COPIE-768x548.webp 768w, https:\/\/www.aphyllanthe.fr\/association\/wp-content\/uploads\/2025\/01\/20250121_095312-COPIE-1536x1096.webp 1536w, https:\/\/www.aphyllanthe.fr\/association\/wp-content\/uploads\/2025\/01\/20250121_095312-COPIE-2048x1461.webp 2048w, https:\/\/www.aphyllanthe.fr\/association\/wp-content\/uploads\/2025\/01\/20250121_095312-COPIE-1320x942.webp 1320w\" sizes=\"auto, (max-width: 1024px) 100vw, 1024px\" \/><\/a><figcaption class=\"wp-element-caption\">Une fois les chaussures bien rang\u00e9es&#8230;<\/figcaption><\/figure>\n\n\n\n<figure class=\"wp-block-image size-large\"><a href=\"https:\/\/www.aphyllanthe.fr\/association\/wp-content\/uploads\/2025\/01\/20250121_095319-COPIE-scaled.webp\"><img loading=\"lazy\" decoding=\"async\" width=\"1024\" height=\"768\" data-id=\"23387\" src=\"https:\/\/www.aphyllanthe.fr\/association\/wp-content\/uploads\/2025\/01\/20250121_095319-COPIE-1024x768.webp\" alt=\"\" class=\"wp-image-23387\" srcset=\"https:\/\/www.aphyllanthe.fr\/association\/wp-content\/uploads\/2025\/01\/20250121_095319-COPIE-1024x768.webp 1024w, https:\/\/www.aphyllanthe.fr\/association\/wp-content\/uploads\/2025\/01\/20250121_095319-COPIE-300x225.webp 300w, https:\/\/www.aphyllanthe.fr\/association\/wp-content\/uploads\/2025\/01\/20250121_095319-COPIE-768x576.webp 768w, https:\/\/www.aphyllanthe.fr\/association\/wp-content\/uploads\/2025\/01\/20250121_095319-COPIE-1536x1152.webp 1536w, https:\/\/www.aphyllanthe.fr\/association\/wp-content\/uploads\/2025\/01\/20250121_095319-COPIE-2048x1536.webp 2048w, https:\/\/www.aphyllanthe.fr\/association\/wp-content\/uploads\/2025\/01\/20250121_095319-COPIE-1320x990.webp 1320w\" sizes=\"auto, (max-width: 1024px) 100vw, 1024px\" \/><\/a><figcaption class=\"wp-element-caption\">&#8230; on peut choisir son livre&#8230;<\/figcaption><\/figure>\n\n\n\n<figure class=\"wp-block-image size-large\"><a href=\"https:\/\/www.aphyllanthe.fr\/association\/wp-content\/uploads\/2025\/01\/20250121_112750-COPIE-scaled.webp\"><img loading=\"lazy\" decoding=\"async\" width=\"1024\" height=\"768\" data-id=\"23386\" src=\"https:\/\/www.aphyllanthe.fr\/association\/wp-content\/uploads\/2025\/01\/20250121_112750-COPIE-1024x768.webp\" alt=\"\" class=\"wp-image-23386\" srcset=\"https:\/\/www.aphyllanthe.fr\/association\/wp-content\/uploads\/2025\/01\/20250121_112750-COPIE-1024x768.webp 1024w, https:\/\/www.aphyllanthe.fr\/association\/wp-content\/uploads\/2025\/01\/20250121_112750-COPIE-300x225.webp 300w, https:\/\/www.aphyllanthe.fr\/association\/wp-content\/uploads\/2025\/01\/20250121_112750-COPIE-768x576.webp 768w, https:\/\/www.aphyllanthe.fr\/association\/wp-content\/uploads\/2025\/01\/20250121_112750-COPIE-1536x1152.webp 1536w, https:\/\/www.aphyllanthe.fr\/association\/wp-content\/uploads\/2025\/01\/20250121_112750-COPIE-2048x1536.webp 2048w, https:\/\/www.aphyllanthe.fr\/association\/wp-content\/uploads\/2025\/01\/20250121_112750-COPIE-1320x990.webp 1320w\" sizes=\"auto, (max-width: 1024px) 100vw, 1024px\" \/><\/a><figcaption class=\"wp-element-caption\">&#8230; et le lire avec la ma\u00eetresse<\/figcaption><\/figure>\n<\/figure>\n\n\n\n<div class=\"wp-block-columns is-layout-flex wp-container-core-columns-is-layout-9d6595d7 wp-block-columns-is-layout-flex\">\n<div class=\"wp-block-column is-layout-flow wp-block-column-is-layout-flow\">\n<figure class=\"wp-block-image size-large is-resized\"><a href=\"https:\/\/www.aphyllanthe.fr\/association\/wp-content\/uploads\/2025\/01\/20250121_112802-COPIE-scaled.webp\"><img loading=\"lazy\" decoding=\"async\" width=\"768\" height=\"1024\" src=\"https:\/\/www.aphyllanthe.fr\/association\/wp-content\/uploads\/2025\/01\/20250121_112802-COPIE-768x1024.webp\" alt=\"\" class=\"wp-image-23388\" style=\"width:201px;height:auto\" srcset=\"https:\/\/www.aphyllanthe.fr\/association\/wp-content\/uploads\/2025\/01\/20250121_112802-COPIE-768x1024.webp 768w, https:\/\/www.aphyllanthe.fr\/association\/wp-content\/uploads\/2025\/01\/20250121_112802-COPIE-225x300.webp 225w, https:\/\/www.aphyllanthe.fr\/association\/wp-content\/uploads\/2025\/01\/20250121_112802-COPIE-1152x1536.webp 1152w, https:\/\/www.aphyllanthe.fr\/association\/wp-content\/uploads\/2025\/01\/20250121_112802-COPIE-1536x2048.webp 1536w, https:\/\/www.aphyllanthe.fr\/association\/wp-content\/uploads\/2025\/01\/20250121_112802-COPIE-1320x1760.webp 1320w, https:\/\/www.aphyllanthe.fr\/association\/wp-content\/uploads\/2025\/01\/20250121_112802-COPIE-scaled.webp 1920w\" sizes=\"auto, (max-width: 768px) 100vw, 768px\" \/><\/a><figcaption class=\"wp-element-caption\">Daniel \u00e0 la man\u0153uvre<\/figcaption><\/figure>\n<\/div>\n\n\n\n<div class=\"wp-block-column is-layout-flow wp-block-column-is-layout-flow\">\n<p>Les enfants ont \u00e9t\u00e9 tr\u00e8s attentifs pour cette heure du conte. Il faut dire que les aventures de  <em>Chep et D\u00e9d\u00e9<\/em>, <em>Jujube<\/em>, et des <em>Trois brigands<\/em> \u00e9taient passionnantes.<br \/>Pour terminer la s\u00e9ance, Daniel a propos\u00e9 d&rsquo;\u00e9couter deux comptines tr\u00e8s joyeuses de Roland Topor, que tous ont entonn\u00e9es avec entrain : <em><a href=\"https:\/\/dessinemoiunehistoire.net\/comptine-le-clown-coquelicot\/\" target=\"_blank\" rel=\"noreferrer noopener\">Le Clown Coquelicot<\/a><\/em> et <em><a href=\"https:\/\/www.youtube.com\/watch?v=DUw5qZTBPr0\">Les couleurs<\/a><\/em>.<\/p>\n<\/div>\n<\/div>\n\n\n\n<h6 class=\"wp-block-heading has-white-color has-text-color has-background has-link-color wp-elements-a6b4928ebd98986c002f2868f8889298\" style=\"background:linear-gradient(285deg,rgb(202,248,128) 0%,rgb(113,206,126) 35%)\">Jeudi 30 janvier : repas du tricot-th\u00e9<\/h6>\n\n\n\n<div class=\"wp-block-columns is-layout-flex wp-container-core-columns-is-layout-9d6595d7 wp-block-columns-is-layout-flex\">\n<div class=\"wp-block-column is-layout-flow wp-block-column-is-layout-flow\">\n<p>Pour saluer la nouvelle ann\u00e9e, les tricoteuses ont organis\u00e9 un d\u00e9jeuner partag\u00e9 de f\u00eate avec nappe, vaisselle blanche et petits plats dans les grands.<br \/>En effet, les tricoteuses sont aussi de fines gourmettes.<br \/>Qu&rsquo;on se le dise !<br \/><\/p>\n<\/div>\n\n\n\n<div class=\"wp-block-column is-layout-flow wp-block-column-is-layout-flow\">\n<figure class=\"wp-block-image size-large\"><a href=\"https:\/\/www.aphyllanthe.fr\/association\/wp-content\/uploads\/2025\/02\/20250130_121152-scaled.webp\"><img loading=\"lazy\" decoding=\"async\" width=\"923\" height=\"1024\" src=\"https:\/\/www.aphyllanthe.fr\/association\/wp-content\/uploads\/2025\/02\/20250130_121152-923x1024.webp\" alt=\"\" class=\"wp-image-23474\" srcset=\"https:\/\/www.aphyllanthe.fr\/association\/wp-content\/uploads\/2025\/02\/20250130_121152-923x1024.webp 923w, https:\/\/www.aphyllanthe.fr\/association\/wp-content\/uploads\/2025\/02\/20250130_121152-270x300.webp 270w, https:\/\/www.aphyllanthe.fr\/association\/wp-content\/uploads\/2025\/02\/20250130_121152-768x852.webp 768w, https:\/\/www.aphyllanthe.fr\/association\/wp-content\/uploads\/2025\/02\/20250130_121152-1384x1536.webp 1384w, https:\/\/www.aphyllanthe.fr\/association\/wp-content\/uploads\/2025\/02\/20250130_121152-1845x2048.webp 1845w, https:\/\/www.aphyllanthe.fr\/association\/wp-content\/uploads\/2025\/02\/20250130_121152-1320x1465.webp 1320w\" sizes=\"auto, (max-width: 923px) 100vw, 923px\" \/><\/a><\/figure>\n<\/div>\n<\/div>\n","protected":false},"excerpt":{"rendered":"<p>Vendredi 3 janvier : lasergame Ils \u00e9taient les premiers \u00e0 \u00e9trenner le lasergame en 2025 ! Dimanche 5 janvier : la galette Les adh\u00e9rents avaient encore la t\u00eate aux f\u00eates en ce dernier dimanche des vacances, et la galette n&rsquo;a pas eu le succ\u00e8s habituel. Dommage car elle a donn\u00e9 lieu \u00e0 un tirage au &hellip; <a href=\"https:\/\/www.aphyllanthe.fr\/association\/reportage-sur-le-mois-de-janvier\/\" class=\"more-link\">Continuer la lecture de <span class=\"screen-reader-text\">Reportage sur le mois de janvier<\/span>  <span class=\"meta-nav\">&rarr;<\/span><\/a><\/p>\n","protected":false},"author":10,"featured_media":23379,"comment_status":"closed","ping_status":"closed","sticky":false,"template":"","format":"standard","meta":{"footnotes":""},"categories":[2,117,3],"tags":[],"class_list":["post-23375","post","type-post","status-publish","format-standard","has-post-thumbnail","hentry","category-chronique-bibliotheque","category-familles-et-enfants","category-reportage"],"_links":{"self":[{"href":"https:\/\/www.aphyllanthe.fr\/association\/wp-json\/wp\/v2\/posts\/23375","targetHints":{"allow":["GET"]}}],"collection":[{"href":"https:\/\/www.aphyllanthe.fr\/association\/wp-json\/wp\/v2\/posts"}],"about":[{"href":"https:\/\/www.aphyllanthe.fr\/association\/wp-json\/wp\/v2\/types\/post"}],"author":[{"embeddable":true,"href":"https:\/\/www.aphyllanthe.fr\/association\/wp-json\/wp\/v2\/users\/10"}],"replies":[{"embeddable":true,"href":"https:\/\/www.aphyllanthe.fr\/association\/wp-json\/wp\/v2\/comments?post=23375"}],"version-history":[{"count":23,"href":"https:\/\/www.aphyllanthe.fr\/association\/wp-json\/wp\/v2\/posts\/23375\/revisions"}],"predecessor-version":[{"id":23480,"href":"https:\/\/www.aphyllanthe.fr\/association\/wp-json\/wp\/v2\/posts\/23375\/revisions\/23480"}],"wp:featuredmedia":[{"embeddable":true,"href":"https:\/\/www.aphyllanthe.fr\/association\/wp-json\/wp\/v2\/media\/23379"}],"wp:attachment":[{"href":"https:\/\/www.aphyllanthe.fr\/association\/wp-json\/wp\/v2\/media?parent=23375"}],"wp:term":[{"taxonomy":"category","embeddable":true,"href":"https:\/\/www.aphyllanthe.fr\/association\/wp-json\/wp\/v2\/categories?post=23375"},{"taxonomy":"post_tag","embeddable":true,"href":"https:\/\/www.aphyllanthe.fr\/association\/wp-json\/wp\/v2\/tags?post=23375"}],"curies":[{"name":"wp","href":"https:\/\/api.w.org\/{rel}","templated":true}]}}