{"id":23407,"date":"2025-02-13T17:14:03","date_gmt":"2025-02-13T16:14:03","guid":{"rendered":"https:\/\/www.aphyllanthe.fr\/association\/?p=23407"},"modified":"2025-02-21T10:44:44","modified_gmt":"2025-02-21T09:44:44","slug":"sortie-au-salon-de-lorchidee-et-des-plantes-tropicales","status":"publish","type":"post","link":"https:\/\/www.aphyllanthe.fr\/association\/sortie-au-salon-de-lorchidee-et-des-plantes-tropicales\/","title":{"rendered":"Sortie au salon de l&rsquo;orchid\u00e9e et des plantes tropicales"},"content":{"rendered":"\n<p class=\"has-white-color has-text-color has-background has-link-color wp-elements-85e238801a81e81325ed3ccc3d9548e2\" style=\"background-color:#cb4e5b\">Une petite troupe de 11 adh\u00e9rents a profit\u00e9 du soleil d&rsquo;hiver pour visiter le salon organis\u00e9 par l&rsquo;association par Orchid\u00e9e Languedoc.<br \/>Voici le reportage de Christelle et les photos de Jim et de Claude, o\u00f9 l&rsquo;on peut admirer les mille et unes techniques qu&rsquo;utilisent ces magnifiques plantes pour attirer les insectes pollinisateurs.<\/p>\n\n\n\n<figure class=\"wp-block-gallery has-nested-images columns-default is-cropped wp-block-gallery-2 is-layout-flex wp-block-gallery-is-layout-flex\">\n<figure class=\"wp-block-image size-large\"><a href=\"https:\/\/www.aphyllanthe.fr\/association\/wp-content\/uploads\/2025\/02\/DSC00020-scaled.webp\"><img loading=\"lazy\" decoding=\"async\" width=\"1024\" height=\"683\" data-id=\"23447\" src=\"https:\/\/www.aphyllanthe.fr\/association\/wp-content\/uploads\/2025\/02\/DSC00020-1024x683.webp\" alt=\"\" class=\"wp-image-23447\" srcset=\"https:\/\/www.aphyllanthe.fr\/association\/wp-content\/uploads\/2025\/02\/DSC00020-1024x683.webp 1024w, https:\/\/www.aphyllanthe.fr\/association\/wp-content\/uploads\/2025\/02\/DSC00020-300x200.webp 300w, https:\/\/www.aphyllanthe.fr\/association\/wp-content\/uploads\/2025\/02\/DSC00020-768x512.webp 768w, https:\/\/www.aphyllanthe.fr\/association\/wp-content\/uploads\/2025\/02\/DSC00020-1536x1024.webp 1536w, https:\/\/www.aphyllanthe.fr\/association\/wp-content\/uploads\/2025\/02\/DSC00020-2048x1365.webp 2048w, https:\/\/www.aphyllanthe.fr\/association\/wp-content\/uploads\/2025\/02\/DSC00020-1320x880.webp 1320w\" sizes=\"auto, (max-width: 1024px) 100vw, 1024px\" \/><\/a><\/figure>\n\n\n\n<figure class=\"wp-block-image size-large\"><a href=\"https:\/\/www.aphyllanthe.fr\/association\/wp-content\/uploads\/2025\/02\/DSC00022-scaled.webp\"><img loading=\"lazy\" decoding=\"async\" width=\"1024\" height=\"683\" data-id=\"23444\" src=\"https:\/\/www.aphyllanthe.fr\/association\/wp-content\/uploads\/2025\/02\/DSC00022-1024x683.webp\" alt=\"\" class=\"wp-image-23444\" srcset=\"https:\/\/www.aphyllanthe.fr\/association\/wp-content\/uploads\/2025\/02\/DSC00022-1024x683.webp 1024w, https:\/\/www.aphyllanthe.fr\/association\/wp-content\/uploads\/2025\/02\/DSC00022-300x200.webp 300w, https:\/\/www.aphyllanthe.fr\/association\/wp-content\/uploads\/2025\/02\/DSC00022-768x512.webp 768w, https:\/\/www.aphyllanthe.fr\/association\/wp-content\/uploads\/2025\/02\/DSC00022-1536x1024.webp 1536w, https:\/\/www.aphyllanthe.fr\/association\/wp-content\/uploads\/2025\/02\/DSC00022-2048x1365.webp 2048w, https:\/\/www.aphyllanthe.fr\/association\/wp-content\/uploads\/2025\/02\/DSC00022-1320x880.webp 1320w\" sizes=\"auto, (max-width: 1024px) 100vw, 1024px\" \/><\/a><\/figure>\n\n\n\n<figure class=\"wp-block-image size-large\"><a href=\"https:\/\/www.aphyllanthe.fr\/association\/wp-content\/uploads\/2025\/02\/DSC00025-scaled.webp\"><img loading=\"lazy\" decoding=\"async\" width=\"1024\" height=\"683\" data-id=\"23449\" src=\"https:\/\/www.aphyllanthe.fr\/association\/wp-content\/uploads\/2025\/02\/DSC00025-1024x683.webp\" alt=\"\" class=\"wp-image-23449\" srcset=\"https:\/\/www.aphyllanthe.fr\/association\/wp-content\/uploads\/2025\/02\/DSC00025-1024x683.webp 1024w, https:\/\/www.aphyllanthe.fr\/association\/wp-content\/uploads\/2025\/02\/DSC00025-300x200.webp 300w, https:\/\/www.aphyllanthe.fr\/association\/wp-content\/uploads\/2025\/02\/DSC00025-768x512.webp 768w, https:\/\/www.aphyllanthe.fr\/association\/wp-content\/uploads\/2025\/02\/DSC00025-1536x1024.webp 1536w, https:\/\/www.aphyllanthe.fr\/association\/wp-content\/uploads\/2025\/02\/DSC00025-2048x1365.webp 2048w, https:\/\/www.aphyllanthe.fr\/association\/wp-content\/uploads\/2025\/02\/DSC00025-1320x880.webp 1320w\" sizes=\"auto, (max-width: 1024px) 100vw, 1024px\" \/><\/a><\/figure>\n\n\n\n<figure class=\"wp-block-image size-large\"><a href=\"https:\/\/www.aphyllanthe.fr\/association\/wp-content\/uploads\/2025\/02\/DSC00029-scaled.webp\"><img loading=\"lazy\" decoding=\"async\" width=\"1024\" height=\"683\" data-id=\"23445\" src=\"https:\/\/www.aphyllanthe.fr\/association\/wp-content\/uploads\/2025\/02\/DSC00029-1024x683.webp\" alt=\"\" class=\"wp-image-23445\" srcset=\"https:\/\/www.aphyllanthe.fr\/association\/wp-content\/uploads\/2025\/02\/DSC00029-1024x683.webp 1024w, https:\/\/www.aphyllanthe.fr\/association\/wp-content\/uploads\/2025\/02\/DSC00029-300x200.webp 300w, https:\/\/www.aphyllanthe.fr\/association\/wp-content\/uploads\/2025\/02\/DSC00029-768x512.webp 768w, https:\/\/www.aphyllanthe.fr\/association\/wp-content\/uploads\/2025\/02\/DSC00029-1536x1024.webp 1536w, https:\/\/www.aphyllanthe.fr\/association\/wp-content\/uploads\/2025\/02\/DSC00029-2048x1365.webp 2048w, https:\/\/www.aphyllanthe.fr\/association\/wp-content\/uploads\/2025\/02\/DSC00029-1320x880.webp 1320w\" sizes=\"auto, (max-width: 1024px) 100vw, 1024px\" \/><\/a><\/figure>\n\n\n\n<figure class=\"wp-block-image size-large\"><a href=\"https:\/\/www.aphyllanthe.fr\/association\/wp-content\/uploads\/2025\/02\/DSC00041-scaled.webp\"><img loading=\"lazy\" decoding=\"async\" width=\"1024\" height=\"683\" data-id=\"23446\" src=\"https:\/\/www.aphyllanthe.fr\/association\/wp-content\/uploads\/2025\/02\/DSC00041-1024x683.webp\" alt=\"\" class=\"wp-image-23446\" srcset=\"https:\/\/www.aphyllanthe.fr\/association\/wp-content\/uploads\/2025\/02\/DSC00041-1024x683.webp 1024w, https:\/\/www.aphyllanthe.fr\/association\/wp-content\/uploads\/2025\/02\/DSC00041-300x200.webp 300w, https:\/\/www.aphyllanthe.fr\/association\/wp-content\/uploads\/2025\/02\/DSC00041-768x512.webp 768w, https:\/\/www.aphyllanthe.fr\/association\/wp-content\/uploads\/2025\/02\/DSC00041-1536x1024.webp 1536w, https:\/\/www.aphyllanthe.fr\/association\/wp-content\/uploads\/2025\/02\/DSC00041-2048x1365.webp 2048w, https:\/\/www.aphyllanthe.fr\/association\/wp-content\/uploads\/2025\/02\/DSC00041-1320x880.webp 1320w\" sizes=\"auto, (max-width: 1024px) 100vw, 1024px\" \/><\/a><\/figure>\n\n\n\n<figure class=\"wp-block-image size-large\"><a href=\"https:\/\/www.aphyllanthe.fr\/association\/wp-content\/uploads\/2025\/02\/DSC00059-scaled.webp\"><img loading=\"lazy\" decoding=\"async\" width=\"1024\" height=\"683\" data-id=\"23448\" src=\"https:\/\/www.aphyllanthe.fr\/association\/wp-content\/uploads\/2025\/02\/DSC00059-1024x683.webp\" alt=\"\" class=\"wp-image-23448\" srcset=\"https:\/\/www.aphyllanthe.fr\/association\/wp-content\/uploads\/2025\/02\/DSC00059-1024x683.webp 1024w, https:\/\/www.aphyllanthe.fr\/association\/wp-content\/uploads\/2025\/02\/DSC00059-300x200.webp 300w, https:\/\/www.aphyllanthe.fr\/association\/wp-content\/uploads\/2025\/02\/DSC00059-768x512.webp 768w, https:\/\/www.aphyllanthe.fr\/association\/wp-content\/uploads\/2025\/02\/DSC00059-1536x1024.webp 1536w, https:\/\/www.aphyllanthe.fr\/association\/wp-content\/uploads\/2025\/02\/DSC00059-2048x1365.webp 2048w, https:\/\/www.aphyllanthe.fr\/association\/wp-content\/uploads\/2025\/02\/DSC00059-1320x880.webp 1320w\" sizes=\"auto, (max-width: 1024px) 100vw, 1024px\" \/><\/a><\/figure>\n\n\n\n<figure class=\"wp-block-image size-large\"><a href=\"https:\/\/www.aphyllanthe.fr\/association\/wp-content\/uploads\/2025\/02\/DSC00075-scaled.webp\"><img loading=\"lazy\" decoding=\"async\" width=\"1024\" height=\"683\" data-id=\"23451\" src=\"https:\/\/www.aphyllanthe.fr\/association\/wp-content\/uploads\/2025\/02\/DSC00075-1024x683.webp\" alt=\"\" class=\"wp-image-23451\" srcset=\"https:\/\/www.aphyllanthe.fr\/association\/wp-content\/uploads\/2025\/02\/DSC00075-1024x683.webp 1024w, https:\/\/www.aphyllanthe.fr\/association\/wp-content\/uploads\/2025\/02\/DSC00075-300x200.webp 300w, https:\/\/www.aphyllanthe.fr\/association\/wp-content\/uploads\/2025\/02\/DSC00075-768x512.webp 768w, https:\/\/www.aphyllanthe.fr\/association\/wp-content\/uploads\/2025\/02\/DSC00075-1536x1024.webp 1536w, https:\/\/www.aphyllanthe.fr\/association\/wp-content\/uploads\/2025\/02\/DSC00075-2048x1365.webp 2048w, https:\/\/www.aphyllanthe.fr\/association\/wp-content\/uploads\/2025\/02\/DSC00075-1320x880.webp 1320w\" sizes=\"auto, (max-width: 1024px) 100vw, 1024px\" \/><\/a><\/figure>\n\n\n\n<figure class=\"wp-block-image size-large\"><a href=\"https:\/\/www.aphyllanthe.fr\/association\/wp-content\/uploads\/2025\/02\/DSC00079-scaled.webp\"><img loading=\"lazy\" decoding=\"async\" width=\"1024\" height=\"683\" data-id=\"23450\" src=\"https:\/\/www.aphyllanthe.fr\/association\/wp-content\/uploads\/2025\/02\/DSC00079-1024x683.webp\" alt=\"\" class=\"wp-image-23450\" srcset=\"https:\/\/www.aphyllanthe.fr\/association\/wp-content\/uploads\/2025\/02\/DSC00079-1024x683.webp 1024w, https:\/\/www.aphyllanthe.fr\/association\/wp-content\/uploads\/2025\/02\/DSC00079-300x200.webp 300w, https:\/\/www.aphyllanthe.fr\/association\/wp-content\/uploads\/2025\/02\/DSC00079-768x512.webp 768w, https:\/\/www.aphyllanthe.fr\/association\/wp-content\/uploads\/2025\/02\/DSC00079-1536x1024.webp 1536w, https:\/\/www.aphyllanthe.fr\/association\/wp-content\/uploads\/2025\/02\/DSC00079-2048x1365.webp 2048w, https:\/\/www.aphyllanthe.fr\/association\/wp-content\/uploads\/2025\/02\/DSC00079-1320x880.webp 1320w\" sizes=\"auto, (max-width: 1024px) 100vw, 1024px\" \/><\/a><\/figure>\n\n\n\n<figure class=\"wp-block-image size-large\"><a href=\"https:\/\/www.aphyllanthe.fr\/association\/wp-content\/uploads\/2025\/02\/DSC00093-scaled.webp\"><img loading=\"lazy\" decoding=\"async\" width=\"1024\" height=\"683\" data-id=\"23452\" src=\"https:\/\/www.aphyllanthe.fr\/association\/wp-content\/uploads\/2025\/02\/DSC00093-1024x683.webp\" alt=\"\" class=\"wp-image-23452\" srcset=\"https:\/\/www.aphyllanthe.fr\/association\/wp-content\/uploads\/2025\/02\/DSC00093-1024x683.webp 1024w, https:\/\/www.aphyllanthe.fr\/association\/wp-content\/uploads\/2025\/02\/DSC00093-300x200.webp 300w, https:\/\/www.aphyllanthe.fr\/association\/wp-content\/uploads\/2025\/02\/DSC00093-768x512.webp 768w, https:\/\/www.aphyllanthe.fr\/association\/wp-content\/uploads\/2025\/02\/DSC00093-1536x1024.webp 1536w, https:\/\/www.aphyllanthe.fr\/association\/wp-content\/uploads\/2025\/02\/DSC00093-2048x1365.webp 2048w, https:\/\/www.aphyllanthe.fr\/association\/wp-content\/uploads\/2025\/02\/DSC00093-1320x880.webp 1320w\" sizes=\"auto, (max-width: 1024px) 100vw, 1024px\" \/><\/a><\/figure>\n\n\n\n<figure class=\"wp-block-image size-large\"><a href=\"https:\/\/www.aphyllanthe.fr\/association\/wp-content\/uploads\/2025\/02\/IMG_0162-scaled.webp\"><img loading=\"lazy\" decoding=\"async\" width=\"1024\" height=\"575\" data-id=\"23453\" src=\"https:\/\/www.aphyllanthe.fr\/association\/wp-content\/uploads\/2025\/02\/IMG_0162-1024x575.webp\" alt=\"\" class=\"wp-image-23453\" srcset=\"https:\/\/www.aphyllanthe.fr\/association\/wp-content\/uploads\/2025\/02\/IMG_0162-1024x575.webp 1024w, https:\/\/www.aphyllanthe.fr\/association\/wp-content\/uploads\/2025\/02\/IMG_0162-300x169.webp 300w, https:\/\/www.aphyllanthe.fr\/association\/wp-content\/uploads\/2025\/02\/IMG_0162-768x432.webp 768w, https:\/\/www.aphyllanthe.fr\/association\/wp-content\/uploads\/2025\/02\/IMG_0162-1536x863.webp 1536w, https:\/\/www.aphyllanthe.fr\/association\/wp-content\/uploads\/2025\/02\/IMG_0162-2048x1151.webp 2048w, https:\/\/www.aphyllanthe.fr\/association\/wp-content\/uploads\/2025\/02\/IMG_0162-1320x742.webp 1320w\" sizes=\"auto, (max-width: 1024px) 100vw, 1024px\" \/><\/a><\/figure>\n<\/figure>\n\n\n\n<p><em>De doux parfums floraux d\u00e8s l&rsquo;entr\u00e9e dans la grande salle, une d\u00e9coration verdoyante, nous voil\u00e0 au Salon de l&rsquo;Orchid\u00e9e de Verg\u00e8ze.<br \/>Les stands se succ\u00e8dent et permettent de profiter de belles couleurs, et de dr\u00f4les de d\u00e9couvertes, telles que les orchid\u00e9es parfum\u00e9es au chocolat !<br \/>Une belle matin\u00e9e de dimanche ensoleill\u00e9e !<\/em><br \/>Christelle<\/p>\n\n\n\n<figure class=\"wp-block-gallery has-nested-images columns-default is-cropped wp-block-gallery-3 is-layout-flex wp-block-gallery-is-layout-flex\">\n<figure class=\"wp-block-image size-large\"><a href=\"https:\/\/www.aphyllanthe.fr\/association\/wp-content\/uploads\/2025\/02\/IMG_0156-scaled.webp\"><img loading=\"lazy\" decoding=\"async\" width=\"1024\" height=\"575\" data-id=\"23441\" src=\"https:\/\/www.aphyllanthe.fr\/association\/wp-content\/uploads\/2025\/02\/IMG_0156-1024x575.webp\" alt=\"\" class=\"wp-image-23441\" srcset=\"https:\/\/www.aphyllanthe.fr\/association\/wp-content\/uploads\/2025\/02\/IMG_0156-1024x575.webp 1024w, https:\/\/www.aphyllanthe.fr\/association\/wp-content\/uploads\/2025\/02\/IMG_0156-300x169.webp 300w, https:\/\/www.aphyllanthe.fr\/association\/wp-content\/uploads\/2025\/02\/IMG_0156-768x432.webp 768w, https:\/\/www.aphyllanthe.fr\/association\/wp-content\/uploads\/2025\/02\/IMG_0156-1536x863.webp 1536w, https:\/\/www.aphyllanthe.fr\/association\/wp-content\/uploads\/2025\/02\/IMG_0156-2048x1151.webp 2048w, https:\/\/www.aphyllanthe.fr\/association\/wp-content\/uploads\/2025\/02\/IMG_0156-1320x742.webp 1320w\" sizes=\"auto, (max-width: 1024px) 100vw, 1024px\" \/><\/a><figcaption class=\"wp-element-caption\">On admire les stands&#8230;<\/figcaption><\/figure>\n\n\n\n<figure class=\"wp-block-image size-large\"><a href=\"https:\/\/www.aphyllanthe.fr\/association\/wp-content\/uploads\/2025\/02\/IMG_0155-scaled.webp\"><img loading=\"lazy\" decoding=\"async\" width=\"1024\" height=\"575\" data-id=\"23442\" src=\"https:\/\/www.aphyllanthe.fr\/association\/wp-content\/uploads\/2025\/02\/IMG_0155-1024x575.webp\" alt=\"\" class=\"wp-image-23442\" srcset=\"https:\/\/www.aphyllanthe.fr\/association\/wp-content\/uploads\/2025\/02\/IMG_0155-1024x575.webp 1024w, https:\/\/www.aphyllanthe.fr\/association\/wp-content\/uploads\/2025\/02\/IMG_0155-300x169.webp 300w, https:\/\/www.aphyllanthe.fr\/association\/wp-content\/uploads\/2025\/02\/IMG_0155-768x432.webp 768w, https:\/\/www.aphyllanthe.fr\/association\/wp-content\/uploads\/2025\/02\/IMG_0155-1536x863.webp 1536w, https:\/\/www.aphyllanthe.fr\/association\/wp-content\/uploads\/2025\/02\/IMG_0155-2048x1151.webp 2048w, https:\/\/www.aphyllanthe.fr\/association\/wp-content\/uploads\/2025\/02\/IMG_0155-1320x742.webp 1320w\" sizes=\"auto, (max-width: 1024px) 100vw, 1024px\" \/><\/a><figcaption class=\"wp-element-caption\">&#8230; et on \u00e9coute attentivement les conseils des experts<\/figcaption><\/figure>\n<\/figure>\n","protected":false},"excerpt":{"rendered":"<p>Une petite troupe de 11 adh\u00e9rents a profit\u00e9 du soleil d&rsquo;hiver pour visiter le salon organis\u00e9 par l&rsquo;association par Orchid\u00e9e Languedoc.Voici le reportage de Christelle et les photos de Jim et de Claude, o\u00f9 l&rsquo;on peut admirer les mille et unes techniques qu&rsquo;utilisent ces magnifiques plantes pour attirer les insectes pollinisateurs. De doux parfums floraux &hellip; <a href=\"https:\/\/www.aphyllanthe.fr\/association\/sortie-au-salon-de-lorchidee-et-des-plantes-tropicales\/\" class=\"more-link\">Continuer la lecture de <span class=\"screen-reader-text\">Sortie au salon de l&rsquo;orchid\u00e9e et des plantes tropicales<\/span>  <span class=\"meta-nav\">&rarr;<\/span><\/a><\/p>\n","protected":false},"author":10,"featured_media":23453,"comment_status":"closed","ping_status":"closed","sticky":false,"template":"","format":"standard","meta":{"footnotes":""},"categories":[3],"tags":[],"class_list":["post-23407","post","type-post","status-publish","format-standard","has-post-thumbnail","hentry","category-reportage"],"_links":{"self":[{"href":"https:\/\/www.aphyllanthe.fr\/association\/wp-json\/wp\/v2\/posts\/23407","targetHints":{"allow":["GET"]}}],"collection":[{"href":"https:\/\/www.aphyllanthe.fr\/association\/wp-json\/wp\/v2\/posts"}],"about":[{"href":"https:\/\/www.aphyllanthe.fr\/association\/wp-json\/wp\/v2\/types\/post"}],"author":[{"embeddable":true,"href":"https:\/\/www.aphyllanthe.fr\/association\/wp-json\/wp\/v2\/users\/10"}],"replies":[{"embeddable":true,"href":"https:\/\/www.aphyllanthe.fr\/association\/wp-json\/wp\/v2\/comments?post=23407"}],"version-history":[{"count":7,"href":"https:\/\/www.aphyllanthe.fr\/association\/wp-json\/wp\/v2\/posts\/23407\/revisions"}],"predecessor-version":[{"id":23455,"href":"https:\/\/www.aphyllanthe.fr\/association\/wp-json\/wp\/v2\/posts\/23407\/revisions\/23455"}],"wp:featuredmedia":[{"embeddable":true,"href":"https:\/\/www.aphyllanthe.fr\/association\/wp-json\/wp\/v2\/media\/23453"}],"wp:attachment":[{"href":"https:\/\/www.aphyllanthe.fr\/association\/wp-json\/wp\/v2\/media?parent=23407"}],"wp:term":[{"taxonomy":"category","embeddable":true,"href":"https:\/\/www.aphyllanthe.fr\/association\/wp-json\/wp\/v2\/categories?post=23407"},{"taxonomy":"post_tag","embeddable":true,"href":"https:\/\/www.aphyllanthe.fr\/association\/wp-json\/wp\/v2\/tags?post=23407"}],"curies":[{"name":"wp","href":"https:\/\/api.w.org\/{rel}","templated":true}]}}