{"id":23673,"date":"2025-03-11T09:46:59","date_gmt":"2025-03-11T08:46:59","guid":{"rendered":"https:\/\/www.aphyllanthe.fr\/association\/?p=23673"},"modified":"2025-03-11T10:39:44","modified_gmt":"2025-03-11T09:39:44","slug":"reportage-sur-les-vacances-de-fevrier-2","status":"publish","type":"post","link":"https:\/\/www.aphyllanthe.fr\/association\/reportage-sur-les-vacances-de-fevrier-2\/","title":{"rendered":"Reportage sur les vacances de f\u00e9vrier"},"content":{"rendered":"\n<p class=\"has-dark-gray-color has-text-color has-link-color wp-elements-227106ec6f54ee30014859239419efdd\">Encore une fois, ces vacances ont \u00e9t\u00e9 bien remplies et ont suscit\u00e9 l&rsquo;enthousiasme des participants.<br \/>Ci-dessous le retour en images.<\/p>\n\n\n\n<h5 class=\"wp-block-heading has-white-color has-text-color has-background has-link-color wp-elements-17e0cba32774201458c899b589572735\" style=\"background:linear-gradient(232deg,rgb(255,245,203) 0%,rgb(182,227,212) 25%,rgb(51,167,181) 60%)\">Lundi 24 f\u00e9v. : jeux de balles<\/h5>\n\n\n\n<p>Malgr\u00e9 le temps maussade, l&rsquo;apr\u00e8s-midi jeux de balles a \u00e9t\u00e9 une r\u00e9ussite pour les deux familles inscrites.<\/p>\n\n\n\n<div class=\"wp-block-columns is-layout-flex wp-container-core-columns-is-layout-9d6595d7 wp-block-columns-is-layout-flex\">\n<div class=\"wp-block-column is-layout-flow wp-block-column-is-layout-flow\">\n<p>Parents et enfants ont b\u00e9n\u00e9fici\u00e9 d&rsquo;une initiation au tennis et au badminton, puis on est pass\u00e9 \u00e0 la p\u00e9tanque et au foot. Tout le monde s&rsquo;est r\u00e9gal\u00e9, y compris Mathias, l&rsquo;animateur toujours au top, quel que soit le groupe qu&rsquo;il prend en charge.<\/p>\n<\/div>\n\n\n\n<div class=\"wp-block-column is-layout-flow wp-block-column-is-layout-flow\">\n<figure class=\"wp-block-image size-large\"><a href=\"https:\/\/www.aphyllanthe.fr\/association\/wp-content\/uploads\/2025\/02\/20250224_141049-scaled.webp\"><img loading=\"lazy\" decoding=\"async\" width=\"1024\" height=\"600\" src=\"https:\/\/www.aphyllanthe.fr\/association\/wp-content\/uploads\/2025\/02\/20250224_141049-1024x600.webp\" alt=\"\" class=\"wp-image-23681\" srcset=\"https:\/\/www.aphyllanthe.fr\/association\/wp-content\/uploads\/2025\/02\/20250224_141049-1024x600.webp 1024w, https:\/\/www.aphyllanthe.fr\/association\/wp-content\/uploads\/2025\/02\/20250224_141049-300x176.webp 300w, https:\/\/www.aphyllanthe.fr\/association\/wp-content\/uploads\/2025\/02\/20250224_141049-768x450.webp 768w, https:\/\/www.aphyllanthe.fr\/association\/wp-content\/uploads\/2025\/02\/20250224_141049-1536x900.webp 1536w, https:\/\/www.aphyllanthe.fr\/association\/wp-content\/uploads\/2025\/02\/20250224_141049-2048x1200.webp 2048w, https:\/\/www.aphyllanthe.fr\/association\/wp-content\/uploads\/2025\/02\/20250224_141049-1320x774.webp 1320w\" sizes=\"auto, (max-width: 1024px) 100vw, 1024px\" \/><\/a><\/figure>\n<\/div>\n<\/div>\n\n\n\n<figure class=\"wp-block-gallery has-nested-images columns-default is-cropped wp-block-gallery-2 is-layout-flex wp-block-gallery-is-layout-flex\">\n<figure class=\"wp-block-image size-large\"><a href=\"https:\/\/www.aphyllanthe.fr\/association\/wp-content\/uploads\/2025\/02\/20250224_141058-scaled.webp\"><img loading=\"lazy\" decoding=\"async\" width=\"1024\" height=\"654\" data-id=\"23680\" src=\"https:\/\/www.aphyllanthe.fr\/association\/wp-content\/uploads\/2025\/02\/20250224_141058-1024x654.webp\" alt=\"\" class=\"wp-image-23680\" srcset=\"https:\/\/www.aphyllanthe.fr\/association\/wp-content\/uploads\/2025\/02\/20250224_141058-1024x654.webp 1024w, https:\/\/www.aphyllanthe.fr\/association\/wp-content\/uploads\/2025\/02\/20250224_141058-300x192.webp 300w, https:\/\/www.aphyllanthe.fr\/association\/wp-content\/uploads\/2025\/02\/20250224_141058-768x491.webp 768w, https:\/\/www.aphyllanthe.fr\/association\/wp-content\/uploads\/2025\/02\/20250224_141058-1536x981.webp 1536w, https:\/\/www.aphyllanthe.fr\/association\/wp-content\/uploads\/2025\/02\/20250224_141058-2048x1308.webp 2048w, https:\/\/www.aphyllanthe.fr\/association\/wp-content\/uploads\/2025\/02\/20250224_141058-1320x843.webp 1320w\" sizes=\"auto, (max-width: 1024px) 100vw, 1024px\" \/><\/a><\/figure>\n\n\n\n<figure class=\"wp-block-image size-large\"><a href=\"https:\/\/www.aphyllanthe.fr\/association\/wp-content\/uploads\/2025\/02\/20250224_163138.webp\"><img loading=\"lazy\" decoding=\"async\" width=\"794\" height=\"1024\" data-id=\"23682\" src=\"https:\/\/www.aphyllanthe.fr\/association\/wp-content\/uploads\/2025\/02\/20250224_163138-794x1024.webp\" alt=\"\" class=\"wp-image-23682\" srcset=\"https:\/\/www.aphyllanthe.fr\/association\/wp-content\/uploads\/2025\/02\/20250224_163138-794x1024.webp 794w, https:\/\/www.aphyllanthe.fr\/association\/wp-content\/uploads\/2025\/02\/20250224_163138-233x300.webp 233w, https:\/\/www.aphyllanthe.fr\/association\/wp-content\/uploads\/2025\/02\/20250224_163138-768x991.webp 768w, https:\/\/www.aphyllanthe.fr\/association\/wp-content\/uploads\/2025\/02\/20250224_163138.webp 1144w\" sizes=\"auto, (max-width: 794px) 100vw, 794px\" \/><\/a><\/figure>\n<\/figure>\n\n\n\n<blockquote class=\"wp-block-quote is-layout-flow wp-block-quote-is-layout-flow\">\n<p><\/p>\n<\/blockquote>\n\n\n\n<blockquote class=\"wp-block-quote is-layout-flow wp-block-quote-is-layout-flow\">\n<p><\/p>\n<\/blockquote>\n\n\n\n<blockquote class=\"wp-block-quote is-layout-flow wp-block-quote-is-layout-flow\">\n<p><\/p>\n<\/blockquote>\n\n\n\n<h5 class=\"wp-block-heading has-white-color has-text-color has-background has-link-color wp-elements-606acfc660e5b9e61ae5a3d0dc037e6c\" style=\"background:linear-gradient(229deg,rgb(254,205,165) 0%,rgb(254,45,45) 50%,rgb(107,0,62) 100%)\">Mardi 25 f\u00e9v. : journ\u00e9e cin\u00e9ma<\/h5>\n\n\n<div class=\"wp-block-image\">\n<figure class=\"aligncenter size-large\"><a href=\"https:\/\/www.aphyllanthe.fr\/association\/wp-content\/uploads\/2025\/03\/COGARD-scaled.webp\"><img loading=\"lazy\" decoding=\"async\" width=\"1024\" height=\"461\" src=\"https:\/\/www.aphyllanthe.fr\/association\/wp-content\/uploads\/2025\/03\/COGARD-1024x461.webp\" alt=\"\" class=\"wp-image-23752\" srcset=\"https:\/\/www.aphyllanthe.fr\/association\/wp-content\/uploads\/2025\/03\/COGARD-1024x461.webp 1024w, https:\/\/www.aphyllanthe.fr\/association\/wp-content\/uploads\/2025\/03\/COGARD-300x135.webp 300w, https:\/\/www.aphyllanthe.fr\/association\/wp-content\/uploads\/2025\/03\/COGARD-768x346.webp 768w, https:\/\/www.aphyllanthe.fr\/association\/wp-content\/uploads\/2025\/03\/COGARD-1536x691.webp 1536w, https:\/\/www.aphyllanthe.fr\/association\/wp-content\/uploads\/2025\/03\/COGARD-2048x922.webp 2048w, https:\/\/www.aphyllanthe.fr\/association\/wp-content\/uploads\/2025\/03\/COGARD-1320x594.webp 1320w\" sizes=\"auto, (max-width: 1024px) 100vw, 1024px\" \/><\/a><\/figure>\n<\/div>\n\n\n<div class=\"wp-block-columns is-layout-flex wp-container-core-columns-is-layout-9d6595d7 wp-block-columns-is-layout-flex\">\n<div class=\"wp-block-column is-layout-flow wp-block-column-is-layout-flow\">\n<p class=\"has-text-align-center\">16 familles sont all\u00e9s au cin\u00e9ma pendant les vacances, ce qui repr\u00e9sente 47 personnes, soit 26 adultes et 21 enfants.<\/p>\n\n\n\n<p class=\"has-text-align-center\">Sans surprise, c&rsquo;est le film<br \/><strong>God save the Tuche<\/strong><br \/>qui a \u00e9t\u00e9 choisi par le plus grand nombre (18 inscrits),<br \/>suivi par <strong>Paddington au P\u00e9rou<\/strong><br \/>(13 inscrits).<\/p>\n<\/div>\n\n\n\n<div class=\"wp-block-column is-layout-flow wp-block-column-is-layout-flow\">\n<figure class=\"wp-block-image size-full is-resized\"><a href=\"https:\/\/www.aphyllanthe.fr\/association\/wp-content\/uploads\/2025\/02\/TUCHE.webp\"><img loading=\"lazy\" decoding=\"async\" width=\"380\" height=\"539\" src=\"https:\/\/www.aphyllanthe.fr\/association\/wp-content\/uploads\/2025\/02\/TUCHE.webp\" alt=\"\" class=\"wp-image-23687\" style=\"width:201px;height:auto\" srcset=\"https:\/\/www.aphyllanthe.fr\/association\/wp-content\/uploads\/2025\/02\/TUCHE.webp 380w, https:\/\/www.aphyllanthe.fr\/association\/wp-content\/uploads\/2025\/02\/TUCHE-212x300.webp 212w\" sizes=\"auto, (max-width: 380px) 100vw, 380px\" \/><\/a><\/figure>\n<\/div>\n<\/div>\n\n\n\n<h5 class=\"wp-block-heading has-electric-grass-gradient-background has-background\">Mercredi 26 f\u00e9v. : atelier multi-cr\u00eapes<\/h5>\n\n\n\n<p>Il \u00e9taient 5 familles (17 inscrits) \u00e0 l&rsquo;atelier multi-cr\u00eapes propos\u00e9 par Manue. Il s&rsquo;agissait de pr\u00e9parer des cr\u00eapes avec diff\u00e9rentes farines des c\u00e9r\u00e9ales cultiv\u00e9es dans leur exploitation : bl\u00e9 ancien, petit \u00e9peautre et pois-chiches.<\/p>\n\n\n\n<div class=\"wp-block-columns is-layout-flex wp-container-core-columns-is-layout-9d6595d7 wp-block-columns-is-layout-flex\">\n<div class=\"wp-block-column is-layout-flow wp-block-column-is-layout-flow\">\n<figure class=\"wp-block-image size-large\"><a href=\"https:\/\/www.aphyllanthe.fr\/association\/wp-content\/uploads\/2025\/02\/20250226_140302-scaled.webp\"><img loading=\"lazy\" decoding=\"async\" width=\"1024\" height=\"768\" src=\"https:\/\/www.aphyllanthe.fr\/association\/wp-content\/uploads\/2025\/02\/20250226_140302-1024x768.webp\" alt=\"\" class=\"wp-image-23690\" srcset=\"https:\/\/www.aphyllanthe.fr\/association\/wp-content\/uploads\/2025\/02\/20250226_140302-1024x768.webp 1024w, https:\/\/www.aphyllanthe.fr\/association\/wp-content\/uploads\/2025\/02\/20250226_140302-300x225.webp 300w, https:\/\/www.aphyllanthe.fr\/association\/wp-content\/uploads\/2025\/02\/20250226_140302-768x576.webp 768w, https:\/\/www.aphyllanthe.fr\/association\/wp-content\/uploads\/2025\/02\/20250226_140302-1536x1152.webp 1536w, https:\/\/www.aphyllanthe.fr\/association\/wp-content\/uploads\/2025\/02\/20250226_140302-2048x1536.webp 2048w, https:\/\/www.aphyllanthe.fr\/association\/wp-content\/uploads\/2025\/02\/20250226_140302-1320x990.webp 1320w\" sizes=\"auto, (max-width: 1024px) 100vw, 1024px\" \/><\/a><\/figure>\n<\/div>\n\n\n\n<div class=\"wp-block-column is-layout-flow wp-block-column-is-layout-flow\">\n<p>Manu avait apport\u00e9 des \u00e9chantillons de petit \u00e9peautre, de bl\u00e9 ancien (avant et apr\u00e8s d\u00e9corticage), de pois-chiches et de lentilles.<br \/>Il y avait \u00e9galement de la luzerne (plante + graines), qui est une plante fourrag\u00e8re utilis\u00e9e en jach\u00e8re lors de la rotation des cultures.<\/p>\n<\/div>\n<\/div>\n\n\n\n<div class=\"wp-block-columns is-layout-flex wp-container-core-columns-is-layout-9d6595d7 wp-block-columns-is-layout-flex\">\n<div class=\"wp-block-column is-layout-flow wp-block-column-is-layout-flow\">\n<p>Elle avait pr\u00e9par\u00e9 un petit <a href=\"https:\/\/www.aphyllanthe.fr\/association\/pdf\/quizz_aphyllanthe.pdf\" target=\"_blank\" rel=\"noreferrer noopener\">quizz <\/a>avec des photos afin d&rsquo;expliquer et illustrer le processus allant de la graine plant\u00e9e \u00e0 la r\u00e9colte, puis \u00e0 la transformation et \u00e0 la consommation.<\/p>\n<\/div>\n\n\n\n<div class=\"wp-block-column is-layout-flow wp-block-column-is-layout-flow\">\n<figure class=\"wp-block-image size-large\"><a href=\"https:\/\/www.aphyllanthe.fr\/association\/wp-content\/uploads\/2025\/02\/IMG_2702-scaled.webp\"><img loading=\"lazy\" decoding=\"async\" width=\"1024\" height=\"768\" src=\"https:\/\/www.aphyllanthe.fr\/association\/wp-content\/uploads\/2025\/02\/IMG_2702-1024x768.webp\" alt=\"\" class=\"wp-image-23691\" srcset=\"https:\/\/www.aphyllanthe.fr\/association\/wp-content\/uploads\/2025\/02\/IMG_2702-1024x768.webp 1024w, https:\/\/www.aphyllanthe.fr\/association\/wp-content\/uploads\/2025\/02\/IMG_2702-300x225.webp 300w, https:\/\/www.aphyllanthe.fr\/association\/wp-content\/uploads\/2025\/02\/IMG_2702-768x576.webp 768w, https:\/\/www.aphyllanthe.fr\/association\/wp-content\/uploads\/2025\/02\/IMG_2702-1536x1152.webp 1536w, https:\/\/www.aphyllanthe.fr\/association\/wp-content\/uploads\/2025\/02\/IMG_2702-2048x1536.webp 2048w, https:\/\/www.aphyllanthe.fr\/association\/wp-content\/uploads\/2025\/02\/IMG_2702-1320x990.webp 1320w\" sizes=\"auto, (max-width: 1024px) 100vw, 1024px\" \/><\/a><\/figure>\n<\/div>\n<\/div>\n\n\n\n<p>Ensuite, les travaux pratiques ont commenc\u00e9 :<\/p>\n\n\n<div class=\"wp-block-image\">\n<figure class=\"aligncenter size-large\"><a href=\"https:\/\/www.aphyllanthe.fr\/association\/wp-content\/uploads\/2025\/02\/IMG_2705-scaled.webp\"><img loading=\"lazy\" decoding=\"async\" width=\"1024\" height=\"656\" src=\"https:\/\/www.aphyllanthe.fr\/association\/wp-content\/uploads\/2025\/02\/IMG_2705-1024x656.webp\" alt=\"\" class=\"wp-image-23730\" srcset=\"https:\/\/www.aphyllanthe.fr\/association\/wp-content\/uploads\/2025\/02\/IMG_2705-1024x656.webp 1024w, https:\/\/www.aphyllanthe.fr\/association\/wp-content\/uploads\/2025\/02\/IMG_2705-300x192.webp 300w, https:\/\/www.aphyllanthe.fr\/association\/wp-content\/uploads\/2025\/02\/IMG_2705-768x492.webp 768w, https:\/\/www.aphyllanthe.fr\/association\/wp-content\/uploads\/2025\/02\/IMG_2705-1536x984.webp 1536w, https:\/\/www.aphyllanthe.fr\/association\/wp-content\/uploads\/2025\/02\/IMG_2705-2048x1313.webp 2048w, https:\/\/www.aphyllanthe.fr\/association\/wp-content\/uploads\/2025\/02\/IMG_2705-1320x846.webp 1320w\" sizes=\"auto, (max-width: 1024px) 100vw, 1024px\" \/><\/a><\/figure>\n<\/div>\n\n\n<p>Une d\u00e9gustation \u00e0 l&rsquo;aveugle avec juste de la farine et de l&rsquo;eau a permis \u00e0 chacun de d\u00e9couvrir le go\u00fbt \u00ab\u00a0vrai\u00a0\u00bb de chaque c\u00e9r\u00e9ale et de d\u00e9terminer celle qu&rsquo;il pr\u00e9f\u00e9rait. La farine de pois-chiches en a surpris plus d&rsquo;un ; certains l&rsquo;ont m\u00eame not\u00e9 -10 sur 10.<\/p>\n\n\n<div class=\"wp-block-image\">\n<figure class=\"aligncenter size-large\"><a href=\"https:\/\/www.aphyllanthe.fr\/association\/wp-content\/uploads\/2025\/02\/20250227_QUIZZ1-scaled.webp\"><img loading=\"lazy\" decoding=\"async\" width=\"1024\" height=\"411\" src=\"https:\/\/www.aphyllanthe.fr\/association\/wp-content\/uploads\/2025\/02\/20250227_QUIZZ1-1024x411.webp\" alt=\"\" class=\"wp-image-23703\" srcset=\"https:\/\/www.aphyllanthe.fr\/association\/wp-content\/uploads\/2025\/02\/20250227_QUIZZ1-1024x411.webp 1024w, https:\/\/www.aphyllanthe.fr\/association\/wp-content\/uploads\/2025\/02\/20250227_QUIZZ1-300x121.webp 300w, https:\/\/www.aphyllanthe.fr\/association\/wp-content\/uploads\/2025\/02\/20250227_QUIZZ1-768x308.webp 768w, https:\/\/www.aphyllanthe.fr\/association\/wp-content\/uploads\/2025\/02\/20250227_QUIZZ1-1536x617.webp 1536w, https:\/\/www.aphyllanthe.fr\/association\/wp-content\/uploads\/2025\/02\/20250227_QUIZZ1-2048x823.webp 2048w, https:\/\/www.aphyllanthe.fr\/association\/wp-content\/uploads\/2025\/02\/20250227_QUIZZ1-1320x530.webp 1320w\" sizes=\"auto, (max-width: 1024px) 100vw, 1024px\" \/><\/a><\/figure>\n<\/div>\n\n\n<figure class=\"wp-block-gallery has-nested-images columns-default is-cropped wp-block-gallery-3 is-layout-flex wp-block-gallery-is-layout-flex\">\n<figure class=\"wp-block-image size-large\"><a href=\"https:\/\/www.aphyllanthe.fr\/association\/wp-content\/uploads\/2025\/02\/20250226_164931-scaled.webp\"><img loading=\"lazy\" decoding=\"async\" width=\"1024\" height=\"546\" data-id=\"23699\" src=\"https:\/\/www.aphyllanthe.fr\/association\/wp-content\/uploads\/2025\/02\/20250226_164931-1024x546.webp\" alt=\"\" class=\"wp-image-23699\" srcset=\"https:\/\/www.aphyllanthe.fr\/association\/wp-content\/uploads\/2025\/02\/20250226_164931-1024x546.webp 1024w, https:\/\/www.aphyllanthe.fr\/association\/wp-content\/uploads\/2025\/02\/20250226_164931-300x160.webp 300w, https:\/\/www.aphyllanthe.fr\/association\/wp-content\/uploads\/2025\/02\/20250226_164931-768x410.webp 768w, https:\/\/www.aphyllanthe.fr\/association\/wp-content\/uploads\/2025\/02\/20250226_164931-1536x819.webp 1536w, https:\/\/www.aphyllanthe.fr\/association\/wp-content\/uploads\/2025\/02\/20250226_164931-2048x1092.webp 2048w, https:\/\/www.aphyllanthe.fr\/association\/wp-content\/uploads\/2025\/02\/20250226_164931-1320x704.webp 1320w\" sizes=\"auto, (max-width: 1024px) 100vw, 1024px\" \/><\/a><\/figure>\n<\/figure>\n\n\n<div class=\"wp-block-image\">\n<figure class=\"aligncenter size-large\"><a href=\"https:\/\/www.aphyllanthe.fr\/association\/wp-content\/uploads\/2025\/02\/20250227_QUIZZ2-scaled.webp\"><img loading=\"lazy\" decoding=\"async\" width=\"1024\" height=\"304\" src=\"https:\/\/www.aphyllanthe.fr\/association\/wp-content\/uploads\/2025\/02\/20250227_QUIZZ2-1024x304.webp\" alt=\"\" class=\"wp-image-23704\" srcset=\"https:\/\/www.aphyllanthe.fr\/association\/wp-content\/uploads\/2025\/02\/20250227_QUIZZ2-1024x304.webp 1024w, https:\/\/www.aphyllanthe.fr\/association\/wp-content\/uploads\/2025\/02\/20250227_QUIZZ2-300x89.webp 300w, https:\/\/www.aphyllanthe.fr\/association\/wp-content\/uploads\/2025\/02\/20250227_QUIZZ2-768x228.webp 768w, https:\/\/www.aphyllanthe.fr\/association\/wp-content\/uploads\/2025\/02\/20250227_QUIZZ2-1536x457.webp 1536w, https:\/\/www.aphyllanthe.fr\/association\/wp-content\/uploads\/2025\/02\/20250227_QUIZZ2-2048x609.webp 2048w, https:\/\/www.aphyllanthe.fr\/association\/wp-content\/uploads\/2025\/02\/20250227_QUIZZ2-1320x392.webp 1320w\" sizes=\"auto, (max-width: 1024px) 100vw, 1024px\" \/><\/a><\/figure>\n<\/div>\n\n\n<p>L&rsquo;atelier a permis de faire d\u00e9couvrir de nouvelles mani\u00e8res de faire et de nouveaux go\u00fbts. Les gourmands peuvent voir toutes les <a href=\"https:\/\/www.aphyllanthe.fr\/association\/pdf\/recettes-crepes.pdf\" target=\"_blank\" rel=\"noreferrer noopener\">recettes ici<\/a>.<\/p>\n\n\n<div class=\"wp-block-image\">\n<figure class=\"alignleft size-large\"><a href=\"https:\/\/www.aphyllanthe.fr\/association\/wp-content\/uploads\/2025\/02\/20250226_140201-1-scaled.webp\"><img loading=\"lazy\" decoding=\"async\" width=\"1024\" height=\"629\" src=\"https:\/\/www.aphyllanthe.fr\/association\/wp-content\/uploads\/2025\/02\/20250226_140201-1-1024x629.webp\" alt=\"\" class=\"wp-image-23748\" srcset=\"https:\/\/www.aphyllanthe.fr\/association\/wp-content\/uploads\/2025\/02\/20250226_140201-1-1024x629.webp 1024w, https:\/\/www.aphyllanthe.fr\/association\/wp-content\/uploads\/2025\/02\/20250226_140201-1-300x184.webp 300w, https:\/\/www.aphyllanthe.fr\/association\/wp-content\/uploads\/2025\/02\/20250226_140201-1-768x472.webp 768w, https:\/\/www.aphyllanthe.fr\/association\/wp-content\/uploads\/2025\/02\/20250226_140201-1-1536x943.webp 1536w, https:\/\/www.aphyllanthe.fr\/association\/wp-content\/uploads\/2025\/02\/20250226_140201-1-2048x1258.webp 2048w, https:\/\/www.aphyllanthe.fr\/association\/wp-content\/uploads\/2025\/02\/20250226_140201-1-1320x811.webp 1320w\" sizes=\"auto, (max-width: 1024px) 100vw, 1024px\" \/><\/a><figcaption class=\"wp-element-caption\"><strong>Quatre g\u00e9n\u00e9rations d&rsquo;une famille gourmande ont dit OUI ! aux cr\u00eapes<\/strong><\/figcaption><\/figure>\n<\/div>\n\n\n<h5 class=\"wp-block-heading has-background\" style=\"background:linear-gradient(226deg,rgb(255,206,236) 0%,rgb(152,150,240) 100%)\">Jeudi 27 f\u00e9v. : atelier bricolo<\/h5>\n\n\n\n<p>Seulement deux familles, mais une belle ambiance et un excellent go\u00fbter partag\u00e9 avec les madeleines maison de Maggie et Pauline.<\/p>\n\n\n\n<figure class=\"wp-block-gallery has-nested-images columns-default is-cropped wp-block-gallery-4 is-layout-flex wp-block-gallery-is-layout-flex\">\n<figure class=\"wp-block-image size-large\"><a href=\"https:\/\/www.aphyllanthe.fr\/association\/wp-content\/uploads\/2025\/02\/20250227_162443-scaled.webp\"><img loading=\"lazy\" decoding=\"async\" width=\"1024\" height=\"768\" data-id=\"23742\" src=\"https:\/\/www.aphyllanthe.fr\/association\/wp-content\/uploads\/2025\/02\/20250227_162443-1024x768.webp\" alt=\"\" class=\"wp-image-23742\" srcset=\"https:\/\/www.aphyllanthe.fr\/association\/wp-content\/uploads\/2025\/02\/20250227_162443-1024x768.webp 1024w, https:\/\/www.aphyllanthe.fr\/association\/wp-content\/uploads\/2025\/02\/20250227_162443-300x225.webp 300w, https:\/\/www.aphyllanthe.fr\/association\/wp-content\/uploads\/2025\/02\/20250227_162443-768x576.webp 768w, https:\/\/www.aphyllanthe.fr\/association\/wp-content\/uploads\/2025\/02\/20250227_162443-1536x1152.webp 1536w, https:\/\/www.aphyllanthe.fr\/association\/wp-content\/uploads\/2025\/02\/20250227_162443-2048x1536.webp 2048w, https:\/\/www.aphyllanthe.fr\/association\/wp-content\/uploads\/2025\/02\/20250227_162443-1320x990.webp 1320w\" sizes=\"auto, (max-width: 1024px) 100vw, 1024px\" \/><\/a><figcaption class=\"wp-element-caption\"><strong>Un atelier soigneusement pr\u00e9par\u00e9 par Claude&#8230;<\/strong><\/figcaption><\/figure>\n\n\n\n<figure class=\"wp-block-image size-large\"><a href=\"https:\/\/www.aphyllanthe.fr\/association\/wp-content\/uploads\/2025\/02\/20250226_155738-scaled.webp\"><img loading=\"lazy\" decoding=\"async\" width=\"608\" height=\"1024\" data-id=\"23743\" src=\"https:\/\/www.aphyllanthe.fr\/association\/wp-content\/uploads\/2025\/02\/20250226_155738-608x1024.webp\" alt=\"\" class=\"wp-image-23743\" srcset=\"https:\/\/www.aphyllanthe.fr\/association\/wp-content\/uploads\/2025\/02\/20250226_155738-608x1024.webp 608w, https:\/\/www.aphyllanthe.fr\/association\/wp-content\/uploads\/2025\/02\/20250226_155738-178x300.webp 178w, https:\/\/www.aphyllanthe.fr\/association\/wp-content\/uploads\/2025\/02\/20250226_155738-768x1294.webp 768w, https:\/\/www.aphyllanthe.fr\/association\/wp-content\/uploads\/2025\/02\/20250226_155738-912x1536.webp 912w, https:\/\/www.aphyllanthe.fr\/association\/wp-content\/uploads\/2025\/02\/20250226_155738-1216x2048.webp 1216w, https:\/\/www.aphyllanthe.fr\/association\/wp-content\/uploads\/2025\/02\/20250226_155738-1320x2224.webp 1320w, https:\/\/www.aphyllanthe.fr\/association\/wp-content\/uploads\/2025\/02\/20250226_155738-scaled.webp 1520w\" sizes=\"auto, (max-width: 608px) 100vw, 608px\" \/><\/a><figcaption class=\"wp-element-caption\"><strong>&#8230;avec de beaux mod\u00e8les<\/strong>&#8230;<\/figcaption><\/figure>\n<\/figure>\n\n\n\n<blockquote class=\"wp-block-quote is-layout-flow wp-block-quote-is-layout-flow\"><div class=\"wp-block-image\">\n<figure class=\"aligncenter size-large\"><a href=\"https:\/\/www.aphyllanthe.fr\/association\/wp-content\/uploads\/2025\/02\/20250227_162514-scaled.webp\"><img loading=\"lazy\" decoding=\"async\" width=\"1024\" height=\"768\" src=\"https:\/\/www.aphyllanthe.fr\/association\/wp-content\/uploads\/2025\/02\/20250227_162514-1024x768.webp\" alt=\"\" class=\"wp-image-23741\" srcset=\"https:\/\/www.aphyllanthe.fr\/association\/wp-content\/uploads\/2025\/02\/20250227_162514-1024x768.webp 1024w, https:\/\/www.aphyllanthe.fr\/association\/wp-content\/uploads\/2025\/02\/20250227_162514-300x225.webp 300w, https:\/\/www.aphyllanthe.fr\/association\/wp-content\/uploads\/2025\/02\/20250227_162514-768x576.webp 768w, https:\/\/www.aphyllanthe.fr\/association\/wp-content\/uploads\/2025\/02\/20250227_162514-1536x1152.webp 1536w, https:\/\/www.aphyllanthe.fr\/association\/wp-content\/uploads\/2025\/02\/20250227_162514-2048x1536.webp 2048w, https:\/\/www.aphyllanthe.fr\/association\/wp-content\/uploads\/2025\/02\/20250227_162514-1320x990.webp 1320w\" sizes=\"auto, (max-width: 1024px) 100vw, 1024px\" \/><\/a><figcaption class=\"wp-element-caption\"><strong>&#8230; qui ont su trouver leur public<\/strong><\/figcaption><\/figure>\n<\/div><\/blockquote>\n\n\n\n<h5 class=\"wp-block-heading has-white-color has-text-color has-background has-link-color wp-elements-bd9b9ab50f0038f71e1929eefbb935a7\" style=\"background-color:#204fb5\">Vendredi 28 f\u00e9v. : lasergame<\/h5>\n\n\n\n<p>Le lasergame encore fait le plein avec 4 familles (4 adultes et 8 enfants).<br \/>Loris, 6 ans, dont c&rsquo;\u00e9tait la 1\u00e8re fois, s&rsquo;est particuli\u00e8rement r\u00e9gal\u00e9 !<br \/><\/p>\n\n\n<div class=\"wp-block-image\">\n<figure class=\"aligncenter size-large\"><a href=\"https:\/\/www.aphyllanthe.fr\/association\/wp-content\/uploads\/2025\/02\/COGARD.webp\"><img loading=\"lazy\" decoding=\"async\" width=\"1024\" height=\"565\" src=\"https:\/\/www.aphyllanthe.fr\/association\/wp-content\/uploads\/2025\/02\/COGARD-1024x565.webp\" alt=\"\" class=\"wp-image-23751\" srcset=\"https:\/\/www.aphyllanthe.fr\/association\/wp-content\/uploads\/2025\/02\/COGARD-1024x565.webp 1024w, https:\/\/www.aphyllanthe.fr\/association\/wp-content\/uploads\/2025\/02\/COGARD-300x165.webp 300w, https:\/\/www.aphyllanthe.fr\/association\/wp-content\/uploads\/2025\/02\/COGARD-768x423.webp 768w, https:\/\/www.aphyllanthe.fr\/association\/wp-content\/uploads\/2025\/02\/COGARD-1536x847.webp 1536w, https:\/\/www.aphyllanthe.fr\/association\/wp-content\/uploads\/2025\/02\/COGARD-2048x1129.webp 2048w, https:\/\/www.aphyllanthe.fr\/association\/wp-content\/uploads\/2025\/02\/COGARD-672x372.webp 672w, https:\/\/www.aphyllanthe.fr\/association\/wp-content\/uploads\/2025\/02\/COGARD-1320x728.webp 1320w\" sizes=\"auto, (max-width: 1024px) 100vw, 1024px\" \/><\/a><\/figure>\n<\/div>\n\n\n<blockquote class=\"wp-block-quote is-layout-flow wp-block-quote-is-layout-flow\">\n<p>Merci \u00e0 l&rsquo;Aphyllanthe pour ce moment convivial rempli de joie et de bonne humeur, accompagn\u00e9 de nouvelles rencontres.<br \/>Aur\u00e9lie<\/p>\n<\/blockquote>\n","protected":false},"excerpt":{"rendered":"<p>Encore une fois, ces vacances ont \u00e9t\u00e9 bien remplies et ont suscit\u00e9 l&rsquo;enthousiasme des participants.Ci-dessous le retour en images. Lundi 24 f\u00e9v. : jeux de balles Malgr\u00e9 le temps maussade, l&rsquo;apr\u00e8s-midi jeux de balles a \u00e9t\u00e9 une r\u00e9ussite pour les deux familles inscrites. Parents et enfants ont b\u00e9n\u00e9fici\u00e9 d&rsquo;une initiation au tennis et au badminton, &hellip; <a href=\"https:\/\/www.aphyllanthe.fr\/association\/reportage-sur-les-vacances-de-fevrier-2\/\" class=\"more-link\">Continuer la lecture de <span class=\"screen-reader-text\">Reportage sur les vacances de f\u00e9vrier<\/span>  <span class=\"meta-nav\">&rarr;<\/span><\/a><\/p>\n","protected":false},"author":10,"featured_media":23697,"comment_status":"closed","ping_status":"closed","sticky":false,"template":"","format":"standard","meta":{"footnotes":""},"categories":[117,3],"tags":[],"class_list":["post-23673","post","type-post","status-publish","format-standard","has-post-thumbnail","hentry","category-familles-et-enfants","category-reportage"],"_links":{"self":[{"href":"https:\/\/www.aphyllanthe.fr\/association\/wp-json\/wp\/v2\/posts\/23673","targetHints":{"allow":["GET"]}}],"collection":[{"href":"https:\/\/www.aphyllanthe.fr\/association\/wp-json\/wp\/v2\/posts"}],"about":[{"href":"https:\/\/www.aphyllanthe.fr\/association\/wp-json\/wp\/v2\/types\/post"}],"author":[{"embeddable":true,"href":"https:\/\/www.aphyllanthe.fr\/association\/wp-json\/wp\/v2\/users\/10"}],"replies":[{"embeddable":true,"href":"https:\/\/www.aphyllanthe.fr\/association\/wp-json\/wp\/v2\/comments?post=23673"}],"version-history":[{"count":69,"href":"https:\/\/www.aphyllanthe.fr\/association\/wp-json\/wp\/v2\/posts\/23673\/revisions"}],"predecessor-version":[{"id":23778,"href":"https:\/\/www.aphyllanthe.fr\/association\/wp-json\/wp\/v2\/posts\/23673\/revisions\/23778"}],"wp:featuredmedia":[{"embeddable":true,"href":"https:\/\/www.aphyllanthe.fr\/association\/wp-json\/wp\/v2\/media\/23697"}],"wp:attachment":[{"href":"https:\/\/www.aphyllanthe.fr\/association\/wp-json\/wp\/v2\/media?parent=23673"}],"wp:term":[{"taxonomy":"category","embeddable":true,"href":"https:\/\/www.aphyllanthe.fr\/association\/wp-json\/wp\/v2\/categories?post=23673"},{"taxonomy":"post_tag","embeddable":true,"href":"https:\/\/www.aphyllanthe.fr\/association\/wp-json\/wp\/v2\/tags?post=23673"}],"curies":[{"name":"wp","href":"https:\/\/api.w.org\/{rel}","templated":true}]}}