{"id":23882,"date":"2025-03-26T15:00:39","date_gmt":"2025-03-26T14:00:39","guid":{"rendered":"https:\/\/www.aphyllanthe.fr\/association\/?p=23882"},"modified":"2025-04-01T11:05:08","modified_gmt":"2025-04-01T10:05:08","slug":"cine-des-possibles-du-3-avril","status":"publish","type":"post","link":"https:\/\/www.aphyllanthe.fr\/association\/cine-des-possibles-du-3-avril\/","title":{"rendered":"Cin\u00e9 des possibles du 3 avril"},"content":{"rendered":"\n<p class=\"has-text-color has-background has-link-color wp-elements-7526a4a216f9e94a22dfcd8a24f47c3c\" style=\"color:#bb3719;background-color:#e8c728\">Le Cin\u00e9 des Possibles et l&rsquo;ATP vous proposent le <strong>jeudi 3 avril \u00e0 15h30 et \u00e0 20h30 <\/strong>au Cin\u00e9ma le Capitole <em><strong>Tous au Larzac<\/strong><\/em> de Christian Rouaud.<br \/>Le film sera suivi de trois seuls en sc\u00e8ne : LARZAC ! de et avec Philippe Durand : <br \/>&#8211; 4 avril \u00e0 Vallabrix<br \/>&#8211; 5 avril \u00e0 Sanilhac<br \/>&#8211; 6 avril \u00e0 la Mairie d\u2019Uz\u00e8s avec la Conf\u00e9d\u00e9ration Paysanne.<br \/>Buvette Pollen avec petite restauration d\u00e8s 18h !<\/p>\n\n\n\n<h5 class=\"wp-block-heading\">Synopsis<\/h5>\n\n\n\n<p>Marizette, Christiane, Pierre, L\u00e9on, Jos\u00e9\u2026 sont quelques uns des acteurs, dr\u00f4les et \u00e9mouvants, d\u2019une incroyable lutte, celle des paysans du Larzac contre l\u2019\u00c9tat. Un affrontement du faible contre le fort qui les a unis dans un combat sans merci pour sauver leurs terres. Un combat d\u00e9termin\u00e9 et joyeux, mais parfois aussi \u00e9prouvant et p\u00e9rilleux. Tout commence en 1971, lorsque le gouvernement, par la voix de son ministre de la D\u00e9fense Michel Debr\u00e9, d\u00e9clare que le camp militaire du Larzac doit s\u2019\u00e9tendre. Radicale, la col\u00e8re se r\u00e9pand comme une train\u00e9e de poudre, les paysans se mobilisent et signent un serment : jamais ils ne c\u00e8deront leurs terres. Dans le face \u00e0 face quotidien avec l\u2019arm\u00e9e et les forces de l&rsquo;ordre, ils d\u00e9ploieront des tr\u00e9sors d\u2019imagination pour faire entendre leur voix. Bient\u00f4t des centaines de comit\u00e9s Larzac naitront dans toute la France&#8230;<br \/>Dix ans de r\u00e9sistance, d&rsquo;intelligence collective et de solidarit\u00e9, qui les porteront vers la victoire.<\/p>\n\n\n\n<figure class=\"wp-block-embed is-type-video is-provider-youtube wp-block-embed-youtube wp-embed-aspect-16-9 wp-has-aspect-ratio\"><div class=\"wp-block-embed__wrapper\">\n<iframe loading=\"lazy\" title=\"Tous Au Larzac (2011)\" width=\"474\" height=\"267\" src=\"https:\/\/www.youtube.com\/embed\/9hh5qYk3B_A?feature=oembed\" frameborder=\"0\" allow=\"accelerometer; autoplay; clipboard-write; encrypted-media; gyroscope; picture-in-picture; web-share\" referrerpolicy=\"strict-origin-when-cross-origin\" allowfullscreen><\/iframe>\n<\/div><\/figure>\n\n\n\n<h5 class=\"wp-block-heading\">Tarifs<\/h5>\n\n\n\n<figure class=\"wp-block-table aligncenter\"><table class=\"has-fixed-layout\"><tbody><tr><td><\/td><td class=\"has-text-align-center\" data-align=\"center\"><strong>Adultes<\/strong><\/td><td class=\"has-text-align-center\" data-align=\"center\">\u2013<strong>18 ans<\/strong><\/td><\/tr><tr><td><strong>Adh\u00e9rents<\/strong><\/td><td class=\"has-text-align-center\" data-align=\"center\">3 \u20ac<\/td><td class=\"has-text-align-center\" data-align=\"center\">offert<\/td><\/tr><tr><td><strong>Non adh\u00e9rents<\/strong><\/td><td class=\"has-text-align-center\" data-align=\"center\">5 \u20ac<\/td><td class=\"has-text-align-center\" data-align=\"center\">5 \u20ac<\/td><\/tr><\/tbody><\/table><\/figure>\n\n\n\n<h5 class=\"wp-block-heading has-text-align-center has-text-color has-background has-link-color wp-elements-36efe9302329ccb7cddfd5fa7396bf9d\" style=\"color:#bb3719;background-color:#e8c728\">Inscription aupr\u00e8s du secr\u00e9tariat<br \/>aphyllanthe@orange.fr \/ t\u00e9l : 04 66 22 10 20<\/h5>\n","protected":false},"excerpt":{"rendered":"<p>Le Cin\u00e9 des Possibles et l&rsquo;ATP vous proposent le jeudi 3 avril \u00e0 15h30 et \u00e0 20h30 au Cin\u00e9ma le Capitole Tous au Larzac de Christian Rouaud.Le film sera suivi de trois seuls en sc\u00e8ne : LARZAC ! de et avec Philippe Durand : &#8211; 4 avril \u00e0 Vallabrix&#8211; 5 avril \u00e0 Sanilhac&#8211; 6 avril &hellip; <a href=\"https:\/\/www.aphyllanthe.fr\/association\/cine-des-possibles-du-3-avril\/\" class=\"more-link\">Continuer la lecture de <span class=\"screen-reader-text\">Cin\u00e9 des possibles du 3 avril<\/span>  <span class=\"meta-nav\">&rarr;<\/span><\/a><\/p>\n","protected":false},"author":10,"featured_media":23886,"comment_status":"closed","ping_status":"closed","sticky":false,"template":"","format":"standard","meta":{"footnotes":""},"categories":[4],"tags":[],"class_list":["post-23882","post","type-post","status-publish","format-standard","has-post-thumbnail","hentry","category-annonce"],"_links":{"self":[{"href":"https:\/\/www.aphyllanthe.fr\/association\/wp-json\/wp\/v2\/posts\/23882","targetHints":{"allow":["GET"]}}],"collection":[{"href":"https:\/\/www.aphyllanthe.fr\/association\/wp-json\/wp\/v2\/posts"}],"about":[{"href":"https:\/\/www.aphyllanthe.fr\/association\/wp-json\/wp\/v2\/types\/post"}],"author":[{"embeddable":true,"href":"https:\/\/www.aphyllanthe.fr\/association\/wp-json\/wp\/v2\/users\/10"}],"replies":[{"embeddable":true,"href":"https:\/\/www.aphyllanthe.fr\/association\/wp-json\/wp\/v2\/comments?post=23882"}],"version-history":[{"count":8,"href":"https:\/\/www.aphyllanthe.fr\/association\/wp-json\/wp\/v2\/posts\/23882\/revisions"}],"predecessor-version":[{"id":23892,"href":"https:\/\/www.aphyllanthe.fr\/association\/wp-json\/wp\/v2\/posts\/23882\/revisions\/23892"}],"wp:featuredmedia":[{"embeddable":true,"href":"https:\/\/www.aphyllanthe.fr\/association\/wp-json\/wp\/v2\/media\/23886"}],"wp:attachment":[{"href":"https:\/\/www.aphyllanthe.fr\/association\/wp-json\/wp\/v2\/media?parent=23882"}],"wp:term":[{"taxonomy":"category","embeddable":true,"href":"https:\/\/www.aphyllanthe.fr\/association\/wp-json\/wp\/v2\/categories?post=23882"},{"taxonomy":"post_tag","embeddable":true,"href":"https:\/\/www.aphyllanthe.fr\/association\/wp-json\/wp\/v2\/tags?post=23882"}],"curies":[{"name":"wp","href":"https:\/\/api.w.org\/{rel}","templated":true}]}}