{"id":23941,"date":"2025-04-09T10:44:59","date_gmt":"2025-04-09T09:44:59","guid":{"rendered":"https:\/\/www.aphyllanthe.fr\/association\/?p=23941"},"modified":"2025-04-16T14:12:06","modified_gmt":"2025-04-16T13:12:06","slug":"cine-des-possibles-du-10-avril","status":"publish","type":"post","link":"https:\/\/www.aphyllanthe.fr\/association\/cine-des-possibles-du-10-avril\/","title":{"rendered":"Cin\u00e9 des possibles du 10 avril"},"content":{"rendered":"\n<p class=\"has-text-color has-background has-link-color wp-elements-49e61c333102c16b0124caf1349dbd4b\" style=\"color:#f2aa3f;background-color:#195f85\">Le Cin\u00e9 des Possibles et l&rsquo;association Citre vous proposent le film <strong><em>Utama : La Terre oubli\u00e9e<\/em><\/strong> de Alejandro Loayza Grisi <strong>jeudi 10 avril \u00e0 15h30 et \u00e0 20h30 <\/strong>au Cin\u00e9ma le Capitole. Une soir\u00e9e anim\u00e9e par M\u00e9lanie Martini et Christian Hubert.<br \/>Buvette Pollen avec petite restauration d\u00e8s 18h.<\/p>\n\n\n\n<h5 class=\"wp-block-heading\">Le film<\/h5>\n\n\n\n<p>Le d\u00e9r\u00e8glement climatique frappe d\u00e9sormais certaines parties de la plan\u00e8te, dont les hauts plateaux boliviens. C&rsquo;est l\u00e0 que se d\u00e9roule ce film qui raconte le destin d\u2019un couple \u00e2g\u00e9 d\u2019am\u00e9rindiens victimes d\u2019un probl\u00e8me qu\u2019ils n\u2019ont pas cr\u00e9\u00e9 et subissant canicules et manque d\u2019eau. Attach\u00e9s \u00e0 leurs traditions et \u00e0 la terre o\u00f9 ils ont v\u00e9cu, le film explore leurs rapports avec un petit-fils de 20 ans, compl\u00e8tement engag\u00e9 dans le 21\u00e8me si\u00e8cle. C\u2019est poignant et passionnant.<br \/>Les film est simple avec une narration qui fait passer des \u00e9motions fortes, la musique subtile et la grandeur des paysages sont \u00e0 couper le souffle. Un film tr\u00e8s r\u00e9ussi aussi bien que dans sa forme que dans son propos.<br \/><em>Utama : La Terre oubli\u00e9e<\/em>, premier long m\u00e9trage de fiction du jeune r\u00e9alisateur bolivien Alejandro Loayza Grisi a re\u00e7u le Grand prix au Festival de Sundance 2021<\/p>\n\n\n\n<figure class=\"wp-block-embed is-type-video is-provider-youtube wp-block-embed-youtube wp-embed-aspect-16-9 wp-has-aspect-ratio\"><div class=\"wp-block-embed__wrapper\">\n<iframe loading=\"lazy\" title=\"UTAMA : LA TERRE OUBLI\u00c9E - Bande-Annonce VOST\" width=\"474\" height=\"267\" src=\"https:\/\/www.youtube.com\/embed\/2Bx6I6RZANE?start=26&#038;feature=oembed\" frameborder=\"0\" allow=\"accelerometer; autoplay; clipboard-write; encrypted-media; gyroscope; picture-in-picture; web-share\" referrerpolicy=\"strict-origin-when-cross-origin\" allowfullscreen><\/iframe>\n<\/div><\/figure>\n\n\n\n<h5 class=\"wp-block-heading\">Un petit mot sur Citre<\/h5>\n\n\n\n<p>L\u2019association CITRE (Citoyens pour la Transition et Reconversion \u00c9nerg\u00e9tique) a \u00e9t\u00e9 cr\u00e9\u00e9e en 2015 pour r\u00e9pondre aux d\u00e9fis de la transition \u00e9nerg\u00e9tique et mobiliser les forces vives du territoire de l\u2019Uz\u00e8ge-Pont du Gard autour de projets coop\u00e9ratifs locaux. Elle d\u00e9veloppe des outils de sensibilisation aux questions \u00e9nerg\u00e9tiques et au changement climatique. Il s&rsquo;agit de susciter une prise de conscience et un passage a\u0300 l&rsquo;acte pour agir concre\u0300tement en termes de sobri\u00e9t\u00e9, d&rsquo;efficacite\u0301 e\u0301nerge\u0301tique, d\u2019\u00e9nergies renouvelables et se r\u00e9-approprier son destin \u00e9nerg\u00e9tique.<br \/>L\u2019association a donn\u00e9 naissance \u00e0 la Coop\u00e9rative citoyenne CITRE en 2017, qui est devenue un outil op\u00e9rationnel pour la mise en place de la transition et de la reconversion \u00e9nerg\u00e9tique dans l\u2019Uz\u00e8ge-Pont du Gard : actuellement, 7 \u00e9quipements r\u00e9alis\u00e9s de toitures en photovolta\u00efques avec les collectivit\u00e9s, habitants et entreprises locales et un projet en \u00e9mergence d&rsquo;Auto Consommation Collective.<br \/>Lien vers le site de <a href=\"https:\/\/www.citre-coop.com\/qui-sommes-nous\/\" target=\"_blank\" rel=\"noreferrer noopener\">CItre ici<\/a>.<\/p>\n\n\n\n<h5 class=\"wp-block-heading\">Tarifs<\/h5>\n\n\n\n<figure class=\"wp-block-table aligncenter\"><table class=\"has-fixed-layout\"><tbody><tr><td><\/td><td class=\"has-text-align-center\" data-align=\"center\"><strong>Adultes<\/strong><\/td><td class=\"has-text-align-center\" data-align=\"center\">\u2013<strong>18 ans<\/strong><\/td><\/tr><tr><td><strong>Adh\u00e9rents<\/strong><\/td><td class=\"has-text-align-center\" data-align=\"center\">3 \u20ac<\/td><td class=\"has-text-align-center\" data-align=\"center\">offert<\/td><\/tr><tr><td><strong>Non adh\u00e9rents<\/strong><\/td><td class=\"has-text-align-center\" data-align=\"center\">5 \u20ac<\/td><td class=\"has-text-align-center\" data-align=\"center\">5 \u20ac<\/td><\/tr><\/tbody><\/table><\/figure>\n\n\n\n<h5 class=\"wp-block-heading has-text-align-center has-text-color has-background has-link-color wp-elements-14f80b12fcab4957da861fd6bdb27350\" style=\"color:#f2aa3f;background-color:#195f85\">Inscription aupr\u00e8s du secr\u00e9tariat<br \/>aphyllanthe@orange.fr \/ t\u00e9l : 04 66 22 10 20<\/h5>\n","protected":false},"excerpt":{"rendered":"<p>Le Cin\u00e9 des Possibles et l&rsquo;association Citre vous proposent le film Utama : La Terre oubli\u00e9e de Alejandro Loayza Grisi jeudi 10 avril \u00e0 15h30 et \u00e0 20h30 au Cin\u00e9ma le Capitole. Une soir\u00e9e anim\u00e9e par M\u00e9lanie Martini et Christian Hubert.Buvette Pollen avec petite restauration d\u00e8s 18h. Le film Le d\u00e9r\u00e8glement climatique frappe d\u00e9sormais certaines &hellip; <a href=\"https:\/\/www.aphyllanthe.fr\/association\/cine-des-possibles-du-10-avril\/\" class=\"more-link\">Continuer la lecture de <span class=\"screen-reader-text\">Cin\u00e9 des possibles du 10 avril<\/span>  <span class=\"meta-nav\">&rarr;<\/span><\/a><\/p>\n","protected":false},"author":10,"featured_media":23947,"comment_status":"closed","ping_status":"closed","sticky":false,"template":"","format":"standard","meta":{"footnotes":""},"categories":[4],"tags":[],"class_list":["post-23941","post","type-post","status-publish","format-standard","has-post-thumbnail","hentry","category-annonce"],"_links":{"self":[{"href":"https:\/\/www.aphyllanthe.fr\/association\/wp-json\/wp\/v2\/posts\/23941","targetHints":{"allow":["GET"]}}],"collection":[{"href":"https:\/\/www.aphyllanthe.fr\/association\/wp-json\/wp\/v2\/posts"}],"about":[{"href":"https:\/\/www.aphyllanthe.fr\/association\/wp-json\/wp\/v2\/types\/post"}],"author":[{"embeddable":true,"href":"https:\/\/www.aphyllanthe.fr\/association\/wp-json\/wp\/v2\/users\/10"}],"replies":[{"embeddable":true,"href":"https:\/\/www.aphyllanthe.fr\/association\/wp-json\/wp\/v2\/comments?post=23941"}],"version-history":[{"count":7,"href":"https:\/\/www.aphyllanthe.fr\/association\/wp-json\/wp\/v2\/posts\/23941\/revisions"}],"predecessor-version":[{"id":23950,"href":"https:\/\/www.aphyllanthe.fr\/association\/wp-json\/wp\/v2\/posts\/23941\/revisions\/23950"}],"wp:featuredmedia":[{"embeddable":true,"href":"https:\/\/www.aphyllanthe.fr\/association\/wp-json\/wp\/v2\/media\/23947"}],"wp:attachment":[{"href":"https:\/\/www.aphyllanthe.fr\/association\/wp-json\/wp\/v2\/media?parent=23941"}],"wp:term":[{"taxonomy":"category","embeddable":true,"href":"https:\/\/www.aphyllanthe.fr\/association\/wp-json\/wp\/v2\/categories?post=23941"},{"taxonomy":"post_tag","embeddable":true,"href":"https:\/\/www.aphyllanthe.fr\/association\/wp-json\/wp\/v2\/tags?post=23941"}],"curies":[{"name":"wp","href":"https:\/\/api.w.org\/{rel}","templated":true}]}}